{"id":17010,"date":"2018-09-26T15:21:20","date_gmt":"2018-09-26T19:21:20","guid":{"rendered":"https:\/\/stage.rdvcanada.ca\/?p=17010"},"modified":"2019-09-13T16:19:40","modified_gmt":"2019-09-13T20:19:40","slug":"canadas-oscar-pick","status":"publish","type":"post","link":"https:\/\/stage.rdvcanada.ca\/en\/spotlight\/canadas-oscar-pick\/","title":{"rendered":"Canada\u2019s Oscar pick!"},"content":{"rendered":"\t\t<div data-elementor-type=\"wp-post\" data-elementor-id=\"17010\" class=\"elementor elementor-17010\" data-elementor-post-type=\"post\">\n\t\t\t\t\t\t<section class=\"elementor-section elementor-top-section elementor-element elementor-element-27ab20f4 elementor-section-boxed elementor-section-height-default elementor-section-height-default\" data-id=\"27ab20f4\" data-element_type=\"section\" data-e-type=\"section\">\n\t\t\t\t\t\t<div class=\"elementor-container elementor-column-gap-default\">\n\t\t\t\t\t<div class=\"elementor-column elementor-col-100 elementor-top-column elementor-element elementor-element-56706547\" data-id=\"56706547\" data-element_type=\"column\" data-e-type=\"column\">\n\t\t\t<div class=\"elementor-widget-wrap\">\n\t\t\t\t\t\t\t<\/div>\n\t\t<\/div>\n\t\t\t\t\t<\/div>\n\t\t<\/section>\n\t\t\t\t<section class=\"elementor-section elementor-top-section elementor-element elementor-element-2d24d157 elementor-section-boxed elementor-section-height-default elementor-section-height-default\" data-id=\"2d24d157\" data-element_type=\"section\" data-e-type=\"section\">\n\t\t\t\t\t\t<div class=\"elementor-container elementor-column-gap-default\">\n\t\t\t\t\t<div class=\"elementor-column elementor-col-100 elementor-top-column elementor-element elementor-element-649c46a5\" data-id=\"649c46a5\" data-element_type=\"column\" data-e-type=\"column\">\n\t\t\t<div class=\"elementor-widget-wrap elementor-element-populated\">\n\t\t\t\t\t\t<div class=\"elementor-element elementor-element-3e2ae015 elementor-widget elementor-widget-text-editor\" data-id=\"3e2ae015\" data-element_type=\"widget\" data-e-type=\"widget\" data-widget_type=\"text-editor.default\">\n\t\t\t\t<div class=\"elementor-widget-container\">\n\t\t\t\t\t\t\t\t\t<p>Emerging Canadian talent is already making waves towards the upcoming Academy Awards with the film selected to represent Canada this year in the Best Foreign Language Film category being the directorial debut of a female filmmaker from Quebec! <a href=\"https:\/\/telefilm.ca\/en\/news-releases\/sophie-dupuiss-chien-de-garde-to-represent-canada-in-the-race-for-the-2019-best-foreign-language-film-oscar\">The film chosen by the <\/a><a href=\"https:\/\/telefilm.ca\/en\/news-releases\/sophie-dupuiss-chien-de-garde-to-represent-canada-in-the-race-for-the-2019-best-foreign-language-film-oscar\">pan-Canadian Oscar selection committee <\/a>to represent Canada in this category will be (drum roll, please) Sophie Dupuis\u2019s <a href=\"http:\/\/axiafilms.com\/film\/chien-de-garde\"><em>Chien de gard<\/em><\/a><a href=\"http:\/\/axiafilms.com\/film\/chien-de-garde\"><em>e <\/em><\/a><a href=\"http:\/\/axiafilms.com\/film\/chien-de-garde\"><em>(Family First)<\/em><\/a><em>.<\/em><\/p><p>Distributed by Axia Films, produced by Bravo Charlie, and funded by Telefilm Canada, among others<em>, <\/em>this French-language drama takes place within the Montreal area of Verdun and tells the story of JP (played by Jean-Simon Leduc) as he tries to balance the needs of his family, job, and his uncle\u2019s drug cartel.<\/p><p>The selection for the Oscar competition is the next chapter in this movie\u2019s cinematic success story; one that\u2019s even more meaningful when you consider that <em>Chien de garde<\/em> is Dupuis\u2019s feature debut! (Before <em>Chien de garde,<\/em> the Val-d\u2019Or, Quebec-born filmmaker, who now lives in Montreal, directed the documentary short <em>Forces tranquilles<\/em>, as well as some narrative shorts.)<\/p><p>Its cast showcases awesome Canadian talent; alongside Jean-Simon Leduc, Maude Gu\u00e9rin, Claudel Laberge, Paul Ahmarani, and Th\u00e9odore Pellerin (who plays JP\u2019s brother Vincent) also star in the film. It also made its way through the international festival circuit. <em>Chien de garde<\/em>\u2019s awards to date have included three Iris Prizes from the Gala Qu\u00e9bec Cin\u00e9ma: the best editing award, as well as the best actress honour for Gu\u00e9rin and Revelation of the Year for Pellerin, who is known for appearing in Xavier Dolan\u2019s 2016 film <em>Juste la fin du monde (It\u2019s Only the End of the World), <\/em>among others. Pellerin is working on a new series also starring Kirsten Dunst, called <em>On Becoming a God in Central Florida.<\/em><\/p><p>Will <em>Chien de garde <\/em>make it onto the official nomination list for the 91st Academy Awards, which will take place February 24, 2019? Stay tuned for updates, and meanwhile, check out the best moments from the press conference, right here!<\/p>\t\t\t\t\t\t\t\t<\/div>\n\t\t\t\t<\/div>\n\t\t\t\t\t<\/div>\n\t\t<\/div>\n\t\t\t\t\t<\/div>\n\t\t<\/section>\n\t\t\t\t<section class=\"elementor-section elementor-top-section elementor-element elementor-element-1006ce6f elementor-section-boxed elementor-section-height-default elementor-section-height-default\" data-id=\"1006ce6f\" data-element_type=\"section\" data-e-type=\"section\">\n\t\t\t\t\t\t<div class=\"elementor-container elementor-column-gap-default\">\n\t\t\t\t\t<div class=\"elementor-column elementor-col-100 elementor-top-column elementor-element elementor-element-1c9bacf2\" data-id=\"1c9bacf2\" data-element_type=\"column\" data-e-type=\"column\">\n\t\t\t<div class=\"elementor-widget-wrap elementor-element-populated\">\n\t\t\t\t\t\t<div class=\"elementor-element elementor-element-6cec70eb gallery-spacing-custom elementor-widget elementor-widget-image-gallery\" data-id=\"6cec70eb\" data-element_type=\"widget\" data-e-type=\"widget\" data-widget_type=\"image-gallery.default\">\n\t\t\t\t<div class=\"elementor-widget-container\">\n\t\t\t\t\t\t\t<div class=\"elementor-image-gallery\">\n\t\t\t<div id='gallery-1' class='gallery galleryid-17010 gallery-columns-3 gallery-size-medium_large'><figure class='gallery-item'>\n\t\t\t<div class='gallery-icon landscape'>\n\t\t\t\t<a  href='https:\/\/stage.rdvcanada.ca\/wp-content\/uploads\/2018\/09\/42111143_1934671389923995_802628962697084928_n.jpg'><img fetchpriority=\"high\" width=\"768\" height=\"512\" src=\"https:\/\/stage.rdvcanada.ca\/wp-content\/uploads\/2018\/09\/42111143_1934671389923995_802628962697084928_n-768x512.jpg\" class=\"attachment-medium_large size-medium_large\" alt=\"\" decoding=\"async\" srcset=\"https:\/\/stage.rdvcanada.ca\/wp-content\/uploads\/2018\/09\/42111143_1934671389923995_802628962697084928_n-768x512.jpg 768w, https:\/\/stage.rdvcanada.ca\/wp-content\/uploads\/2018\/09\/42111143_1934671389923995_802628962697084928_n-648x432.jpg 648w, https:\/\/stage.rdvcanada.ca\/wp-content\/uploads\/2018\/09\/42111143_1934671389923995_802628962697084928_n.jpg 864w\" sizes=\"(max-width: 768px) 100vw, 768px\" \/><\/a>\n\t\t\t<\/div><\/figure><figure class='gallery-item'>\n\t\t\t<div class='gallery-icon landscape'>\n\t\t\t\t<a  href='https:\/\/stage.rdvcanada.ca\/wp-content\/uploads\/2018\/09\/42195025_1934671379923996_3541450545598300160_n.jpg'><img width=\"768\" height=\"512\" src=\"https:\/\/stage.rdvcanada.ca\/wp-content\/uploads\/2018\/09\/42195025_1934671379923996_3541450545598300160_n-768x512.jpg\" class=\"attachment-medium_large size-medium_large\" alt=\"\" decoding=\"async\" srcset=\"https:\/\/stage.rdvcanada.ca\/wp-content\/uploads\/2018\/09\/42195025_1934671379923996_3541450545598300160_n-768x512.jpg 768w, https:\/\/stage.rdvcanada.ca\/wp-content\/uploads\/2018\/09\/42195025_1934671379923996_3541450545598300160_n-648x432.jpg 648w, https:\/\/stage.rdvcanada.ca\/wp-content\/uploads\/2018\/09\/42195025_1934671379923996_3541450545598300160_n.jpg 864w\" sizes=\"(max-width: 768px) 100vw, 768px\" loading=\"lazy\" \/><\/a>\n\t\t\t<\/div><\/figure><figure class='gallery-item'>\n\t\t\t<div class='gallery-icon landscape'>\n\t\t\t\t<a  href='https:\/\/stage.rdvcanada.ca\/wp-content\/uploads\/2018\/09\/42229178_1934671536590647_6868394614659743744_n.jpg'><img width=\"768\" height=\"512\" src=\"https:\/\/stage.rdvcanada.ca\/wp-content\/uploads\/2018\/09\/42229178_1934671536590647_6868394614659743744_n-768x512.jpg\" class=\"attachment-medium_large size-medium_large\" alt=\"\" decoding=\"async\" srcset=\"https:\/\/stage.rdvcanada.ca\/wp-content\/uploads\/2018\/09\/42229178_1934671536590647_6868394614659743744_n-768x512.jpg 768w, https:\/\/stage.rdvcanada.ca\/wp-content\/uploads\/2018\/09\/42229178_1934671536590647_6868394614659743744_n-648x432.jpg 648w, https:\/\/stage.rdvcanada.ca\/wp-content\/uploads\/2018\/09\/42229178_1934671536590647_6868394614659743744_n.jpg 864w\" sizes=\"(max-width: 768px) 100vw, 768px\" loading=\"lazy\" \/><\/a>\n\t\t\t<\/div><\/figure><figure class='gallery-item'>\n\t\t\t<div class='gallery-icon landscape'>\n\t\t\t\t<a  href='https:\/\/stage.rdvcanada.ca\/wp-content\/uploads\/2018\/09\/41939050_1934671096590691_3430521642105700352_n.jpg'><img loading=\"lazy\" width=\"768\" height=\"512\" src=\"https:\/\/stage.rdvcanada.ca\/wp-content\/uploads\/2018\/09\/41939050_1934671096590691_3430521642105700352_n-768x512.jpg\" class=\"attachment-medium_large size-medium_large\" alt=\"\" decoding=\"async\" srcset=\"https:\/\/stage.rdvcanada.ca\/wp-content\/uploads\/2018\/09\/41939050_1934671096590691_3430521642105700352_n-768x512.jpg 768w, https:\/\/stage.rdvcanada.ca\/wp-content\/uploads\/2018\/09\/41939050_1934671096590691_3430521642105700352_n-648x432.jpg 648w, https:\/\/stage.rdvcanada.ca\/wp-content\/uploads\/2018\/09\/41939050_1934671096590691_3430521642105700352_n.jpg 864w\" sizes=\"(max-width: 768px) 100vw, 768px\" \/><\/a>\n\t\t\t<\/div><\/figure><figure class='gallery-item'>\n\t\t\t<div class='gallery-icon landscape'>\n\t\t\t\t<a  href='https:\/\/stage.rdvcanada.ca\/wp-content\/uploads\/2018\/09\/42045424_1934671056590695_2822552236624707584_n.jpg'><img loading=\"lazy\" width=\"768\" height=\"512\" src=\"https:\/\/stage.rdvcanada.ca\/wp-content\/uploads\/2018\/09\/42045424_1934671056590695_2822552236624707584_n-768x512.jpg\" class=\"attachment-medium_large size-medium_large\" alt=\"\" decoding=\"async\" srcset=\"https:\/\/stage.rdvcanada.ca\/wp-content\/uploads\/2018\/09\/42045424_1934671056590695_2822552236624707584_n-768x512.jpg 768w, https:\/\/stage.rdvcanada.ca\/wp-content\/uploads\/2018\/09\/42045424_1934671056590695_2822552236624707584_n-648x432.jpg 648w, https:\/\/stage.rdvcanada.ca\/wp-content\/uploads\/2018\/09\/42045424_1934671056590695_2822552236624707584_n.jpg 864w\" sizes=\"(max-width: 768px) 100vw, 768px\" \/><\/a>\n\t\t\t<\/div><\/figure><figure class='gallery-item'>\n\t\t\t<div class='gallery-icon landscape'>\n\t\t\t\t<a  href='https:\/\/stage.rdvcanada.ca\/wp-content\/uploads\/2018\/09\/42223275_1934671363257331_4476600299011702784_n.jpg'><img loading=\"lazy\" width=\"768\" height=\"512\" src=\"https:\/\/stage.rdvcanada.ca\/wp-content\/uploads\/2018\/09\/42223275_1934671363257331_4476600299011702784_n-768x512.jpg\" class=\"attachment-medium_large size-medium_large\" alt=\"\" decoding=\"async\" srcset=\"https:\/\/stage.rdvcanada.ca\/wp-content\/uploads\/2018\/09\/42223275_1934671363257331_4476600299011702784_n-768x512.jpg 768w, https:\/\/stage.rdvcanada.ca\/wp-content\/uploads\/2018\/09\/42223275_1934671363257331_4476600299011702784_n-648x432.jpg 648w, https:\/\/stage.rdvcanada.ca\/wp-content\/uploads\/2018\/09\/42223275_1934671363257331_4476600299011702784_n.jpg 864w\" sizes=\"(max-width: 768px) 100vw, 768px\" \/><\/a>\n\t\t\t<\/div><\/figure>\n\t\t<\/div>\n\t\t<\/div>\n\t\t\t\t\t\t<\/div>\n\t\t\t\t<\/div>\n\t\t\t\t\t<\/div>\n\t\t<\/div>\n\t\t\t\t\t<\/div>\n\t\t<\/section>\n\t\t\t\t<section class=\"elementor-section elementor-top-section elementor-element elementor-element-716cae72 elementor-section-boxed elementor-section-height-default elementor-section-height-default\" data-id=\"716cae72\" data-element_type=\"section\" data-e-type=\"section\">\n\t\t\t\t\t\t<div class=\"elementor-container elementor-column-gap-default\">\n\t\t\t\t\t<div class=\"elementor-column elementor-col-100 elementor-top-column elementor-element elementor-element-69a136d4\" data-id=\"69a136d4\" data-element_type=\"column\" data-e-type=\"column\">\n\t\t\t<div class=\"elementor-widget-wrap elementor-element-populated\">\n\t\t\t\t\t\t<div class=\"elementor-element elementor-element-2174463 elementor-widget elementor-widget-spacer\" data-id=\"2174463\" data-element_type=\"widget\" data-e-type=\"widget\" data-widget_type=\"spacer.default\">\n\t\t\t\t<div class=\"elementor-widget-container\">\n\t\t\t\t\t\t\t<div class=\"elementor-spacer\">\n\t\t\t<div class=\"elementor-spacer-inner\"><\/div>\n\t\t<\/div>\n\t\t\t\t\t\t<\/div>\n\t\t\t\t<\/div>\n\t\t\t\t\t<\/div>\n\t\t<\/div>\n\t\t\t\t\t<\/div>\n\t\t<\/section>\n\t\t\t\t<section class=\"elementor-section elementor-top-section elementor-element elementor-element-3cd7f949 elementor-section-boxed elementor-section-height-default elementor-section-height-default\" data-id=\"3cd7f949\" data-element_type=\"section\" data-e-type=\"section\">\n\t\t\t\t\t\t<div class=\"elementor-container elementor-column-gap-default\">\n\t\t\t\t\t<div class=\"elementor-column elementor-col-100 elementor-top-column elementor-element elementor-element-50ac2295\" data-id=\"50ac2295\" data-element_type=\"column\" data-e-type=\"column\">\n\t\t\t<div class=\"elementor-widget-wrap\">\n\t\t\t\t\t\t\t<\/div>\n\t\t<\/div>\n\t\t\t\t\t<\/div>\n\t\t<\/section>\n\t\t\t\t<\/div>\n\t\t","protected":false},"excerpt":{"rendered":"<p>Emerging Canadian talent is already making waves towards the upcoming&#8230;<\/p>\n","protected":false},"author":150,"featured_media":17053,"comment_status":"closed","ping_status":"open","sticky":false,"template":"","format":"standard","meta":{"_acf_changed":false,"_crdt_document":"","footnotes":""},"categories":[5],"tags":[],"class_list":["post-17010","post","type-post","status-publish","format-standard","has-post-thumbnail","hentry","category-spotlight"],"acf":[],"yoast_head":"<!-- This site is optimized with the Yoast SEO plugin v27.5 - https:\/\/yoast.com\/product\/yoast-seo-wordpress\/ -->\n<title>Canada\u2019s Oscar pick! - RDV Canada<\/title>\n<meta name=\"description\" content=\"Emerging Canadian talent is already making waves towards the upcoming Academy Awards with the film selected to represent Canada this year in the Best\" \/>\n<meta name=\"robots\" content=\"noindex, follow, max-snippet:-1, max-image-preview:large, max-video-preview:-1\" \/>\n<meta property=\"og:locale\" content=\"en_US\" \/>\n<meta property=\"og:type\" content=\"article\" \/>\n<meta property=\"og:title\" content=\"Canada\u2019s Oscar pick! - RDV Canada\" \/>\n<meta property=\"og:description\" content=\"Emerging Canadian talent is already making waves towards the upcoming Academy Awards with the film selected to represent Canada this year in the Best\" \/>\n<meta property=\"og:url\" content=\"https:\/\/stage.rdvcanada.ca\/en\/spotlight\/canadas-oscar-pick\/\" \/>\n<meta property=\"og:site_name\" content=\"RDVCanada.ca\" \/>\n<meta property=\"article:publisher\" content=\"https:\/\/www.facebook.com\/telefilmcanada\" \/>\n<meta property=\"article:published_time\" content=\"2018-09-26T19:21:20+00:00\" \/>\n<meta property=\"article:modified_time\" content=\"2019-09-13T20:19:40+00:00\" \/>\n<meta property=\"og:image\" content=\"https:\/\/stage.rdvcanada.ca\/wp-content\/uploads\/2018\/09\/Oscars-BG2.jpg\" \/>\n\t<meta property=\"og:image:width\" content=\"1920\" \/>\n\t<meta property=\"og:image:height\" content=\"800\" \/>\n\t<meta property=\"og:image:type\" content=\"image\/jpeg\" \/>\n<meta name=\"author\" content=\"Sandrine Couture\" \/>\n<meta name=\"twitter:card\" content=\"summary_large_image\" \/>\n<meta name=\"twitter:creator\" content=\"@Telefilm_Canada\" \/>\n<meta name=\"twitter:site\" content=\"@Telefilm_Canada\" \/>\n<meta name=\"twitter:label1\" content=\"Written by\" \/>\n\t<meta name=\"twitter:data1\" content=\"Sandrine Couture\" \/>\n\t<meta name=\"twitter:label2\" content=\"Est. reading time\" \/>\n\t<meta name=\"twitter:data2\" content=\"2 minutes\" \/>\n<script type=\"application\/ld+json\" class=\"yoast-schema-graph\">{\n\t    \"@context\": \"https:\\\/\\\/schema.org\",\n\t    \"@graph\": [\n\t        {\n\t            \"@type\": \"Article\",\n\t            \"@id\": \"https:\\\/\\\/stage.rdvcanada.ca\\\/en\\\/spotlight\\\/canadas-oscar-pick\\\/#article\",\n\t            \"isPartOf\": {\n\t                \"@id\": \"https:\\\/\\\/stage.rdvcanada.ca\\\/en\\\/spotlight\\\/canadas-oscar-pick\\\/\"\n\t            },\n\t            \"author\": {\n\t                \"name\": \"Sandrine Couture\",\n\t                \"@id\": \"https:\\\/\\\/stage.rdvcanada.ca\\\/en\\\/#\\\/schema\\\/person\\\/854b83df133706ec69e3612f46d84934\"\n\t            },\n\t            \"headline\": \"Canada\u2019s Oscar pick!\",\n\t            \"datePublished\": \"2018-09-26T19:21:20+00:00\",\n\t            \"dateModified\": \"2019-09-13T20:19:40+00:00\",\n\t            \"mainEntityOfPage\": {\n\t                \"@id\": \"https:\\\/\\\/stage.rdvcanada.ca\\\/en\\\/spotlight\\\/canadas-oscar-pick\\\/\"\n\t            },\n\t            \"wordCount\": 348,\n\t            \"image\": {\n\t                \"@id\": \"https:\\\/\\\/stage.rdvcanada.ca\\\/en\\\/spotlight\\\/canadas-oscar-pick\\\/#primaryimage\"\n\t            },\n\t            \"thumbnailUrl\": \"https:\\\/\\\/stage.rdvcanada.ca\\\/wp-content\\\/uploads\\\/2018\\\/09\\\/Oscars-BG2.jpg\",\n\t            \"articleSection\": [\n\t                \"Spotlight\"\n\t            ],\n\t            \"inLanguage\": \"en-CA\"\n\t        },\n\t        {\n\t            \"@type\": \"WebPage\",\n\t            \"@id\": \"https:\\\/\\\/stage.rdvcanada.ca\\\/en\\\/spotlight\\\/canadas-oscar-pick\\\/\",\n\t            \"url\": \"https:\\\/\\\/stage.rdvcanada.ca\\\/en\\\/spotlight\\\/canadas-oscar-pick\\\/\",\n\t            \"name\": \"Canada\u2019s Oscar pick! - RDV Canada\",\n\t            \"isPartOf\": {\n\t                \"@id\": \"https:\\\/\\\/stage.rdvcanada.ca\\\/en\\\/#website\"\n\t            },\n\t            \"primaryImageOfPage\": {\n\t                \"@id\": \"https:\\\/\\\/stage.rdvcanada.ca\\\/en\\\/spotlight\\\/canadas-oscar-pick\\\/#primaryimage\"\n\t            },\n\t            \"image\": {\n\t                \"@id\": \"https:\\\/\\\/stage.rdvcanada.ca\\\/en\\\/spotlight\\\/canadas-oscar-pick\\\/#primaryimage\"\n\t            },\n\t            \"thumbnailUrl\": \"https:\\\/\\\/stage.rdvcanada.ca\\\/wp-content\\\/uploads\\\/2018\\\/09\\\/Oscars-BG2.jpg\",\n\t            \"datePublished\": \"2018-09-26T19:21:20+00:00\",\n\t            \"dateModified\": \"2019-09-13T20:19:40+00:00\",\n\t            \"author\": {\n\t                \"@id\": \"https:\\\/\\\/stage.rdvcanada.ca\\\/en\\\/#\\\/schema\\\/person\\\/854b83df133706ec69e3612f46d84934\"\n\t            },\n\t            \"description\": \"Emerging Canadian talent is already making waves towards the upcoming Academy Awards with the film selected to represent Canada this year in the Best\",\n\t            \"breadcrumb\": {\n\t                \"@id\": \"https:\\\/\\\/stage.rdvcanada.ca\\\/en\\\/spotlight\\\/canadas-oscar-pick\\\/#breadcrumb\"\n\t            },\n\t            \"inLanguage\": \"en-CA\",\n\t            \"potentialAction\": [\n\t                {\n\t                    \"@type\": \"ReadAction\",\n\t                    \"target\": [\n\t                        \"https:\\\/\\\/stage.rdvcanada.ca\\\/en\\\/spotlight\\\/canadas-oscar-pick\\\/\"\n\t                    ]\n\t                }\n\t            ]\n\t        },\n\t        {\n\t            \"@type\": \"ImageObject\",\n\t            \"inLanguage\": \"en-CA\",\n\t            \"@id\": \"https:\\\/\\\/stage.rdvcanada.ca\\\/en\\\/spotlight\\\/canadas-oscar-pick\\\/#primaryimage\",\n\t            \"url\": \"https:\\\/\\\/stage.rdvcanada.ca\\\/wp-content\\\/uploads\\\/2018\\\/09\\\/Oscars-BG2.jpg\",\n\t            \"contentUrl\": \"https:\\\/\\\/stage.rdvcanada.ca\\\/wp-content\\\/uploads\\\/2018\\\/09\\\/Oscars-BG2.jpg\",\n\t            \"width\": 1920,\n\t            \"height\": 800\n\t        },\n\t        {\n\t            \"@type\": \"BreadcrumbList\",\n\t            \"@id\": \"https:\\\/\\\/stage.rdvcanada.ca\\\/en\\\/spotlight\\\/canadas-oscar-pick\\\/#breadcrumb\",\n\t            \"itemListElement\": [\n\t                {\n\t                    \"@type\": \"ListItem\",\n\t                    \"position\": 1,\n\t                    \"name\": \"Home\",\n\t                    \"item\": \"https:\\\/\\\/stage.rdvcanada.ca\\\/en\\\/\"\n\t                },\n\t                {\n\t                    \"@type\": \"ListItem\",\n\t                    \"position\": 2,\n\t                    \"name\": \"Canada\u2019s Oscar pick!\"\n\t                }\n\t            ]\n\t        },\n\t        {\n\t            \"@type\": \"WebSite\",\n\t            \"@id\": \"https:\\\/\\\/stage.rdvcanada.ca\\\/en\\\/#website\",\n\t            \"url\": \"https:\\\/\\\/stage.rdvcanada.ca\\\/en\\\/\",\n\t            \"name\": \"RDVCanada.ca\",\n\t            \"description\": \"VOIR GRAND. D\u00e9couvrez le meilleur du talent Canadien \u00e0 travers le monde.\",\n\t            \"potentialAction\": [\n\t                {\n\t                    \"@type\": \"SearchAction\",\n\t                    \"target\": {\n\t                        \"@type\": \"EntryPoint\",\n\t                        \"urlTemplate\": \"https:\\\/\\\/stage.rdvcanada.ca\\\/en\\\/?s={search_term_string}\"\n\t                    },\n\t                    \"query-input\": {\n\t                        \"@type\": \"PropertyValueSpecification\",\n\t                        \"valueRequired\": true,\n\t                        \"valueName\": \"search_term_string\"\n\t                    }\n\t                }\n\t            ],\n\t            \"inLanguage\": \"en-CA\"\n\t        },\n\t        {\n\t            \"@type\": \"Person\",\n\t            \"@id\": \"https:\\\/\\\/stage.rdvcanada.ca\\\/en\\\/#\\\/schema\\\/person\\\/854b83df133706ec69e3612f46d84934\",\n\t            \"name\": \"Sandrine Couture\"\n\t        }\n\t    ]\n\t}<\/script>\n<!-- \/ Yoast SEO plugin. -->","yoast_head_json":{"title":"Canada\u2019s Oscar pick! - RDV Canada","description":"Emerging Canadian talent is already making waves towards the upcoming Academy Awards with the film selected to represent Canada this year in the Best","robots":{"index":"noindex","follow":"follow","max-snippet":"max-snippet:-1","max-image-preview":"max-image-preview:large","max-video-preview":"max-video-preview:-1"},"og_locale":"en_US","og_type":"article","og_title":"Canada\u2019s Oscar pick! - RDV Canada","og_description":"Emerging Canadian talent is already making waves towards the upcoming Academy Awards with the film selected to represent Canada this year in the Best","og_url":"https:\/\/stage.rdvcanada.ca\/en\/spotlight\/canadas-oscar-pick\/","og_site_name":"RDVCanada.ca","article_publisher":"https:\/\/www.facebook.com\/telefilmcanada","article_published_time":"2018-09-26T19:21:20+00:00","article_modified_time":"2019-09-13T20:19:40+00:00","og_image":[{"width":1920,"height":800,"url":"https:\/\/stage.rdvcanada.ca\/wp-content\/uploads\/2018\/09\/Oscars-BG2.jpg","type":"image\/jpeg"}],"author":"Sandrine Couture","twitter_card":"summary_large_image","twitter_creator":"@Telefilm_Canada","twitter_site":"@Telefilm_Canada","twitter_misc":{"Written by":"Sandrine Couture","Est. reading time":"2 minutes"},"schema":{"@context":"https:\/\/schema.org","@graph":[{"@type":"Article","@id":"https:\/\/stage.rdvcanada.ca\/en\/spotlight\/canadas-oscar-pick\/#article","isPartOf":{"@id":"https:\/\/stage.rdvcanada.ca\/en\/spotlight\/canadas-oscar-pick\/"},"author":{"name":"Sandrine Couture","@id":"https:\/\/stage.rdvcanada.ca\/en\/#\/schema\/person\/854b83df133706ec69e3612f46d84934"},"headline":"Canada\u2019s Oscar pick!","datePublished":"2018-09-26T19:21:20+00:00","dateModified":"2019-09-13T20:19:40+00:00","mainEntityOfPage":{"@id":"https:\/\/stage.rdvcanada.ca\/en\/spotlight\/canadas-oscar-pick\/"},"wordCount":348,"image":{"@id":"https:\/\/stage.rdvcanada.ca\/en\/spotlight\/canadas-oscar-pick\/#primaryimage"},"thumbnailUrl":"https:\/\/stage.rdvcanada.ca\/wp-content\/uploads\/2018\/09\/Oscars-BG2.jpg","articleSection":["Spotlight"],"inLanguage":"en-CA"},{"@type":"WebPage","@id":"https:\/\/stage.rdvcanada.ca\/en\/spotlight\/canadas-oscar-pick\/","url":"https:\/\/stage.rdvcanada.ca\/en\/spotlight\/canadas-oscar-pick\/","name":"Canada\u2019s Oscar pick! - RDV Canada","isPartOf":{"@id":"https:\/\/stage.rdvcanada.ca\/en\/#website"},"primaryImageOfPage":{"@id":"https:\/\/stage.rdvcanada.ca\/en\/spotlight\/canadas-oscar-pick\/#primaryimage"},"image":{"@id":"https:\/\/stage.rdvcanada.ca\/en\/spotlight\/canadas-oscar-pick\/#primaryimage"},"thumbnailUrl":"https:\/\/stage.rdvcanada.ca\/wp-content\/uploads\/2018\/09\/Oscars-BG2.jpg","datePublished":"2018-09-26T19:21:20+00:00","dateModified":"2019-09-13T20:19:40+00:00","author":{"@id":"https:\/\/stage.rdvcanada.ca\/en\/#\/schema\/person\/854b83df133706ec69e3612f46d84934"},"description":"Emerging Canadian talent is already making waves towards the upcoming Academy Awards with the film selected to represent Canada this year in the Best","breadcrumb":{"@id":"https:\/\/stage.rdvcanada.ca\/en\/spotlight\/canadas-oscar-pick\/#breadcrumb"},"inLanguage":"en-CA","potentialAction":[{"@type":"ReadAction","target":["https:\/\/stage.rdvcanada.ca\/en\/spotlight\/canadas-oscar-pick\/"]}]},{"@type":"ImageObject","inLanguage":"en-CA","@id":"https:\/\/stage.rdvcanada.ca\/en\/spotlight\/canadas-oscar-pick\/#primaryimage","url":"https:\/\/stage.rdvcanada.ca\/wp-content\/uploads\/2018\/09\/Oscars-BG2.jpg","contentUrl":"https:\/\/stage.rdvcanada.ca\/wp-content\/uploads\/2018\/09\/Oscars-BG2.jpg","width":1920,"height":800},{"@type":"BreadcrumbList","@id":"https:\/\/stage.rdvcanada.ca\/en\/spotlight\/canadas-oscar-pick\/#breadcrumb","itemListElement":[{"@type":"ListItem","position":1,"name":"Home","item":"https:\/\/stage.rdvcanada.ca\/en\/"},{"@type":"ListItem","position":2,"name":"Canada\u2019s Oscar pick!"}]},{"@type":"WebSite","@id":"https:\/\/stage.rdvcanada.ca\/en\/#website","url":"https:\/\/stage.rdvcanada.ca\/en\/","name":"RDVCanada.ca","description":"VOIR GRAND. D\u00e9couvrez le meilleur du talent Canadien \u00e0 travers le monde.","potentialAction":[{"@type":"SearchAction","target":{"@type":"EntryPoint","urlTemplate":"https:\/\/stage.rdvcanada.ca\/en\/?s={search_term_string}"},"query-input":{"@type":"PropertyValueSpecification","valueRequired":true,"valueName":"search_term_string"}}],"inLanguage":"en-CA"},{"@type":"Person","@id":"https:\/\/stage.rdvcanada.ca\/en\/#\/schema\/person\/854b83df133706ec69e3612f46d84934","name":"Sandrine Couture"}]}},"_links":{"self":[{"href":"https:\/\/stage.rdvcanada.ca\/en\/wp-json\/wp\/v2\/posts\/17010","targetHints":{"allow":["GET"]}}],"collection":[{"href":"https:\/\/stage.rdvcanada.ca\/en\/wp-json\/wp\/v2\/posts"}],"about":[{"href":"https:\/\/stage.rdvcanada.ca\/en\/wp-json\/wp\/v2\/types\/post"}],"author":[{"embeddable":true,"href":"https:\/\/stage.rdvcanada.ca\/en\/wp-json\/wp\/v2\/users\/150"}],"replies":[{"embeddable":true,"href":"https:\/\/stage.rdvcanada.ca\/en\/wp-json\/wp\/v2\/comments?post=17010"}],"version-history":[{"count":0,"href":"https:\/\/stage.rdvcanada.ca\/en\/wp-json\/wp\/v2\/posts\/17010\/revisions"}],"wp:featuredmedia":[{"embeddable":true,"href":"https:\/\/stage.rdvcanada.ca\/en\/wp-json\/wp\/v2\/media\/17053"}],"wp:attachment":[{"href":"https:\/\/stage.rdvcanada.ca\/en\/wp-json\/wp\/v2\/media?parent=17010"}],"wp:term":[{"taxonomy":"category","embeddable":true,"href":"https:\/\/stage.rdvcanada.ca\/en\/wp-json\/wp\/v2\/categories?post=17010"},{"taxonomy":"post_tag","embeddable":true,"href":"https:\/\/stage.rdvcanada.ca\/en\/wp-json\/wp\/v2\/tags?post=17010"}],"curies":[{"name":"wp","href":"https:\/\/api.w.org\/{rel}","templated":true}]}}