{"id":26467,"date":"2019-08-26T14:07:33","date_gmt":"2019-08-26T18:07:33","guid":{"rendered":"https:\/\/stage.rdvcanada.ca\/?p=26467"},"modified":"2019-08-29T16:30:21","modified_gmt":"2019-08-29T20:30:21","slug":"birks-and-telefilm-canada-announce-this-years-recipients-of-the-birks-diamond-tribute-to-the-years-women-in-film","status":"publish","type":"post","link":"https:\/\/stage.rdvcanada.ca\/en\/events\/birks-and-telefilm-canada-announce-this-years-recipients-of-the-birks-diamond-tribute-to-the-years-women-in-film\/","title":{"rendered":"Birks and Telefilm Canada Announce This Year\u2019s Recipients of the Birks Diamond Tribute to the Year\u2019s Women in Film"},"content":{"rendered":"\t\t<div data-elementor-type=\"wp-post\" data-elementor-id=\"26467\" class=\"elementor elementor-26467\" data-elementor-post-type=\"post\">\n\t\t\t\t\t\t<section class=\"elementor-section elementor-top-section elementor-element elementor-element-6b67c8cb elementor-section-boxed elementor-section-height-default elementor-section-height-default\" data-id=\"6b67c8cb\" data-element_type=\"section\" data-e-type=\"section\">\n\t\t\t\t\t\t<div class=\"elementor-container elementor-column-gap-default\">\n\t\t\t\t\t<div class=\"elementor-column elementor-col-100 elementor-top-column elementor-element elementor-element-cd4b4f1\" data-id=\"cd4b4f1\" data-element_type=\"column\" data-e-type=\"column\">\n\t\t\t<div class=\"elementor-widget-wrap\">\n\t\t\t\t\t\t\t<\/div>\n\t\t<\/div>\n\t\t\t\t\t<\/div>\n\t\t<\/section>\n\t\t\t\t<section class=\"elementor-section elementor-top-section elementor-element elementor-element-f47d541 elementor-section-boxed elementor-section-height-default elementor-section-height-default\" data-id=\"f47d541\" data-element_type=\"section\" data-e-type=\"section\">\n\t\t\t\t\t\t<div class=\"elementor-container elementor-column-gap-default\">\n\t\t\t\t\t<div class=\"elementor-column elementor-col-100 elementor-top-column elementor-element elementor-element-61e61f0\" data-id=\"61e61f0\" data-element_type=\"column\" data-e-type=\"column\">\n\t\t\t<div class=\"elementor-widget-wrap elementor-element-populated\">\n\t\t\t\t\t\t<div class=\"elementor-element elementor-element-59b3739 elementor-widget elementor-widget-text-editor\" data-id=\"59b3739\" data-element_type=\"widget\" data-e-type=\"widget\" data-widget_type=\"text-editor.default\">\n\t\t\t\t<div class=\"elementor-widget-container\">\n\t\t\t\t\t\t\t\t\t<div class=\"single-post\"><div class=\"single-post__contenu\"><p><strong>Birks<\/strong>\u00a0, the official jewelry sponsor of the Toronto International Film Festival, and\u00a0<strong>Telefilm Canada<\/strong>\u00a0today announced the honourees for the annual<strong>\u00a0Birks Diamond Tribute to the Year\u2019s Women in Film<\/strong>. The Tribute, taking place on Wednesday, September 4 at a luncheon at the Four Seasons Hotel, celebrates Canada\u2019s diverse film landscape by way of its storytellers on both sides of the camera. This year\u2019s distinguished honourees include director\u00a0<strong>Micheline Lanct\u00f4t<\/strong>; actors\u00a0<strong>Wendy Crewson\u00a0<\/strong>and\u00a0<strong>Jean Yoon<\/strong>; screenwriter\u00a0<strong>Marie Clements<\/strong>; and emerging directors\u00a0<strong>Jasmin Mozaffari\u00a0<\/strong>and\u00a0<strong>Sophie Dupuis<\/strong>. Each honouree in the directing, acting, screenwriting and emerging talent categories will receive an honourarium from Birks to support their next project.<\/p><p>A pan-Canadian jury of 18 journalists and on-air personalities covering the world of art, culture and entertainment were entrusted to select the honourees.<\/p><p>\u201cIt is inspiring to be in our 7<sup>th<\/sup>\u00a0year of honouring among the best female talent in Canada at the Birks Diamond Tribute event,\u201d said Christa Dickenson, Executive Director, Telefilm Canada. \u201cThis year\u2019s honourees are telling our country\u2019s powerful, touching and sometimes comical stories to the world, and we are looking forward to bringing them together to celebrate their incredible body of work.\u201d<\/p><p>\u201cWe are very proud to have established a legacy of supporting Canadian female talent within the film industry,\u201d said Jean-Christophe B\u00e9dos, President and CEO, Maison Birks. \u201dOur partnership with Telefilm Canada celebrates these women who are bringing a unique perspective to Canadian film creativity.\u201d<\/p><p>This year\u2019s group of honourees join the ranks of Birks Tribute alumni including: Alanis Obomsawin, Sarah Polley, Tatiana Maslany, Sarah Gadon, Jennifer Baichwal, Karine Vanasse, Deepa Mehta, Louise Archambault, Catherine O\u2019Hara, Sandra Oh, Patricia Rozema, Amanda Brugel, Kawenn\u00e1here Devery Jacobs, \u00c9velyne Brochu, Tantoo Cardinal, Stella Meghie, Susan Coyne, among others.<\/p><figure><\/figure><\/div><\/div>\t\t\t\t\t\t\t\t<\/div>\n\t\t\t\t<\/div>\n\t\t\t\t\t<\/div>\n\t\t<\/div>\n\t\t\t\t\t<\/div>\n\t\t<\/section>\n\t\t\t\t<section class=\"elementor-section elementor-top-section elementor-element elementor-element-88fe650 elementor-section-boxed elementor-section-height-default elementor-section-height-default\" data-id=\"88fe650\" data-element_type=\"section\" data-e-type=\"section\">\n\t\t\t\t\t\t<div class=\"elementor-container elementor-column-gap-default\">\n\t\t\t\t\t<div class=\"elementor-column elementor-col-50 elementor-top-column elementor-element elementor-element-ff79f4f\" data-id=\"ff79f4f\" data-element_type=\"column\" data-e-type=\"column\">\n\t\t\t<div class=\"elementor-widget-wrap elementor-element-populated\">\n\t\t\t\t\t\t<div class=\"elementor-element elementor-element-e13805e elementor-widget elementor-widget-image\" data-id=\"e13805e\" data-element_type=\"widget\" data-e-type=\"widget\" data-widget_type=\"image.default\">\n\t\t\t\t<div class=\"elementor-widget-container\">\n\t\t\t\t\t\t\t\t\t\t\t\t\t\t\t<img fetchpriority=\"high\" decoding=\"async\" width=\"432\" height=\"432\" src=\"https:\/\/stage.rdvcanada.ca\/wp-content\/uploads\/2019\/08\/MichelineLanctot-insta-432x432.jpg\" class=\"attachment-medium size-medium wp-image-26718\" alt=\"\" srcset=\"https:\/\/stage.rdvcanada.ca\/wp-content\/uploads\/2019\/08\/MichelineLanctot-insta-432x432.jpg 432w, https:\/\/stage.rdvcanada.ca\/wp-content\/uploads\/2019\/08\/MichelineLanctot-insta-768x768.jpg 768w, https:\/\/stage.rdvcanada.ca\/wp-content\/uploads\/2019\/08\/MichelineLanctot-insta-576x576.jpg 576w, https:\/\/stage.rdvcanada.ca\/wp-content\/uploads\/2019\/08\/MichelineLanctot-insta.jpg 1080w, https:\/\/stage.rdvcanada.ca\/wp-content\/uploads\/2019\/08\/MichelineLanctot-insta-220x220.jpg 220w, https:\/\/stage.rdvcanada.ca\/wp-content\/uploads\/2019\/08\/MichelineLanctot-insta-350x350.jpg 350w\" sizes=\"(max-width: 432px) 100vw, 432px\" \/>\t\t\t\t\t\t\t\t\t\t\t\t\t\t\t<\/div>\n\t\t\t\t<\/div>\n\t\t\t\t<div class=\"elementor-element elementor-element-c7bc5bc elementor-widget elementor-widget-text-editor\" data-id=\"c7bc5bc\" data-element_type=\"widget\" data-e-type=\"widget\" data-widget_type=\"text-editor.default\">\n\t\t\t\t<div class=\"elementor-widget-container\">\n\t\t\t\t\t\t\t\t\t<p style=\"box-sizing: inherit;\"><span style=\"box-sizing: inherit; font-weight: bold;\">DIRECTOR<\/span><\/p><p style=\"box-sizing: inherit;\"><span style=\"box-sizing: inherit; font-weight: bold;\">Micheline Lanct\u00f4t<\/span>, director, studied music and visual arts as she completed her BA. She\u00a0entered the wonderful world of film animation in 1967, and after one year at the National Film\u00a0Board of Canada, joined Potterton Productions where she worked first as an assistant, then as an animator for five years. She started as an actress starring in Gilles Carle\u2019s\u00a0<em style=\"box-sizing: inherit;\">La Vraie Nature de Bernadette<\/em>, the first Canadian actress to be in the official competition at the Cannes Film Festival in 1972. She then pursued both acting and animating for five more years, acting next to Richard Dreyfuss in\u00a0<em style=\"box-sizing: inherit;\">The Apprenticeship of Duddy Kravitz\u00a0<\/em>by director Ted Kotcheff. In 1979 she wrote and directed her first feature film,\u00a0<em style=\"box-sizing: inherit;\">L\u2019Homme \u00e0 tout faire<\/em>, selected at the prestigious Director\u2019s Fortnight in Cannes. The film also won the Silver Medal at the San Sebastian Film Festival. Her second feature,\u00a0<em style=\"box-sizing: inherit;\">Sonatine<\/em>, won the Silver Lion at the Venice Mostra in 1984. She has written close to twenty screenplays, directed twelve feature films, including one feature documentary, written two novels, staged four plays, and has been working continually both as an actress in films and television, and as a writer-director for the past thirty years. In 1993, her film\u00a0<em style=\"box-sizing: inherit;\">Deux Actrices<\/em>\u00a0won Best Picture at the Rendez-vous du Cin\u00e9ma qu\u00e9b\u00e9cois. Her last feature,\u00a0<em style=\"box-sizing: inherit;\">Une Mani\u00e8re De Vivre<\/em>, will be coming out in the fall of 2019. In 2000 she received Quebec\u2019s highest honor, le Prix Albert-Tessier for her work in films, and in 2003, she was one of the laureates of Canada\u2019s Governor General\u2019s Award.\u00a0<em style=\"box-sizing: inherit;\">Pour l\u2019amour de Dieu<\/em>, the 2010 film she wrote and directed, won the Special Jury Prize at the Shanghai International Film Festival. She was also awarded the Prix Jutra Hommage in 2014. She has been teaching Acting and Directing for the Screen at Concordia University\u2019s Mel Oppenheim School of Cinema in Montreal since 1981. She is currently working on her next feature,\u00a0<em style=\"box-sizing: inherit;\">Sylvaine Ou L\u2019esprit De La For\u00eat<\/em>.<\/p>\t\t\t\t\t\t\t\t<\/div>\n\t\t\t\t<\/div>\n\t\t\t\t\t<\/div>\n\t\t<\/div>\n\t\t\t\t<div class=\"elementor-column elementor-col-50 elementor-top-column elementor-element elementor-element-70639cc\" data-id=\"70639cc\" data-element_type=\"column\" data-e-type=\"column\">\n\t\t\t<div class=\"elementor-widget-wrap elementor-element-populated\">\n\t\t\t\t\t\t<div class=\"elementor-element elementor-element-84cbcfa elementor-widget elementor-widget-image\" data-id=\"84cbcfa\" data-element_type=\"widget\" data-e-type=\"widget\" data-widget_type=\"image.default\">\n\t\t\t\t<div class=\"elementor-widget-container\">\n\t\t\t\t\t\t\t\t\t\t\t\t\t\t\t<img decoding=\"async\" width=\"432\" height=\"432\" src=\"https:\/\/stage.rdvcanada.ca\/wp-content\/uploads\/2019\/08\/MarieClements-insta-432x432.jpg\" class=\"attachment-medium size-medium wp-image-26720\" alt=\"\" srcset=\"https:\/\/stage.rdvcanada.ca\/wp-content\/uploads\/2019\/08\/MarieClements-insta-432x432.jpg 432w, https:\/\/stage.rdvcanada.ca\/wp-content\/uploads\/2019\/08\/MarieClements-insta-768x768.jpg 768w, https:\/\/stage.rdvcanada.ca\/wp-content\/uploads\/2019\/08\/MarieClements-insta-576x576.jpg 576w, https:\/\/stage.rdvcanada.ca\/wp-content\/uploads\/2019\/08\/MarieClements-insta.jpg 1080w, https:\/\/stage.rdvcanada.ca\/wp-content\/uploads\/2019\/08\/MarieClements-insta-220x220.jpg 220w, https:\/\/stage.rdvcanada.ca\/wp-content\/uploads\/2019\/08\/MarieClements-insta-350x350.jpg 350w\" sizes=\"(max-width: 432px) 100vw, 432px\" loading=\"lazy\" \/>\t\t\t\t\t\t\t\t\t\t\t\t\t\t\t<\/div>\n\t\t\t\t<\/div>\n\t\t\t\t<div class=\"elementor-element elementor-element-6b31d39 elementor-widget elementor-widget-text-editor\" data-id=\"6b31d39\" data-element_type=\"widget\" data-e-type=\"widget\" data-widget_type=\"text-editor.default\">\n\t\t\t\t<div class=\"elementor-widget-container\">\n\t\t\t\t\t\t\t\t\t<p style=\"box-sizing: inherit;\"><span style=\"box-sizing: inherit; font-weight: bold;\">SCREENWRITER<\/span><\/p><p style=\"box-sizing: inherit;\"><strong>Marie Clements<\/strong>, screenwriter, has ignited her brand of artistry within a variety of mediums including film, TV and live performance. Her feature drama\u00a0<em>Red Snow<\/em>\u00a0has recently been nominated for ten Leo Awards and will be released this fall.\u00a0 Her feature music- doc,\u00a0<em>The Road Forward<\/em>, produced by the NFB premiered at Hot Docs opened the 2017 DOXA Documentary Film Festival, receiving five Leo Awards including Best Production, Best Director, and Best Screenwriter.\u00a0<em>The Road Forward<\/em>\u00a0has screened at over 300 venues in North America also receiving a Best Director Award at the North American Indian Festival in San Francisco, as well as a Writer\u2019s Guild Nomination for Best Documentary Screenplay, the WFF Women on Top Award and the DGC BC Spotlight Impact Award in 2018. Her documentary Looking at Edward Curtis premiered at DOXA and The Yorkton Film Festival with four nominations for best documentary and premiered on Knowledge Network last summer. As a writer, director and producer her award-winning films have screened at Cannes, MOMA, VIFF, WIFF, the American Indian Film Festival and ImagineNATIVE Film Festival. Her fifteen plays have been presented on some of the most prestigious stages for Canadian and international work garnering numerous awards, translations, and publications including the 2004 Canada- Japan Literary Award, and two prestigious Governor General\u2019s Literary Award nominations.\u00a0 Her play\u00a0<em>The Unnatural and Accidental Women<\/em>\u00a0will open the inaugural season of the National Arts Centre\u2019s Indigenous Theatre in Ottawa this September, and her libretto\u00a0<em>Missing<\/em>\u00a0will be on a national tour with Pacific Opera Victoria this fall. MCM is an independent media production company owned and operated by Clements specializing in the development, creation and production of innovative works of media that explore an Indigenous and intercultural reality.<\/p>\t\t\t\t\t\t\t\t<\/div>\n\t\t\t\t<\/div>\n\t\t\t\t\t<\/div>\n\t\t<\/div>\n\t\t\t\t\t<\/div>\n\t\t<\/section>\n\t\t\t\t<section class=\"elementor-section elementor-top-section elementor-element elementor-element-899cfea elementor-section-boxed elementor-section-height-default elementor-section-height-default\" data-id=\"899cfea\" data-element_type=\"section\" data-e-type=\"section\">\n\t\t\t\t\t\t<div class=\"elementor-container elementor-column-gap-default\">\n\t\t\t\t\t<div class=\"elementor-column elementor-col-50 elementor-top-column elementor-element elementor-element-0b0ee87\" data-id=\"0b0ee87\" data-element_type=\"column\" data-e-type=\"column\">\n\t\t\t<div class=\"elementor-widget-wrap elementor-element-populated\">\n\t\t\t\t\t\t<div class=\"elementor-element elementor-element-b4ebafd elementor-widget elementor-widget-image\" data-id=\"b4ebafd\" data-element_type=\"widget\" data-e-type=\"widget\" data-widget_type=\"image.default\">\n\t\t\t\t<div class=\"elementor-widget-container\">\n\t\t\t\t\t\t\t\t\t\t\t\t\t\t\t<img decoding=\"async\" width=\"432\" height=\"432\" src=\"https:\/\/stage.rdvcanada.ca\/wp-content\/uploads\/2019\/08\/WendyCrewson-insta-432x432.jpg\" class=\"attachment-medium size-medium wp-image-26722\" alt=\"\" srcset=\"https:\/\/stage.rdvcanada.ca\/wp-content\/uploads\/2019\/08\/WendyCrewson-insta-432x432.jpg 432w, https:\/\/stage.rdvcanada.ca\/wp-content\/uploads\/2019\/08\/WendyCrewson-insta-768x768.jpg 768w, https:\/\/stage.rdvcanada.ca\/wp-content\/uploads\/2019\/08\/WendyCrewson-insta-576x576.jpg 576w, https:\/\/stage.rdvcanada.ca\/wp-content\/uploads\/2019\/08\/WendyCrewson-insta.jpg 1080w, https:\/\/stage.rdvcanada.ca\/wp-content\/uploads\/2019\/08\/WendyCrewson-insta-220x220.jpg 220w, https:\/\/stage.rdvcanada.ca\/wp-content\/uploads\/2019\/08\/WendyCrewson-insta-350x350.jpg 350w\" sizes=\"(max-width: 432px) 100vw, 432px\" loading=\"lazy\" \/>\t\t\t\t\t\t\t\t\t\t\t\t\t\t\t<\/div>\n\t\t\t\t<\/div>\n\t\t\t\t<div class=\"elementor-element elementor-element-1e76c7f elementor-widget elementor-widget-text-editor\" data-id=\"1e76c7f\" data-element_type=\"widget\" data-e-type=\"widget\" data-widget_type=\"text-editor.default\">\n\t\t\t\t<div class=\"elementor-widget-container\">\n\t\t\t\t\t\t\t\t\t<p><strong>ACTOR<\/strong><\/p><p style=\"box-sizing: inherit;\"><strong>Wendy Crewson<\/strong>, actress, was the recipient of a star on Canada\u2019s Walk of Fame in 2015; and the ACTRA Earle Grey Award, given to fewer than 30 collective recipients since 1986, in\u00a0recognition by ACTRA and the Canadian Entertainment Industry, for Lifetime Achievement\u00a0in Television. Wendy has garnered critical and popular acclaim, as well as multiple awards for her extensive body of work in film and television. Her resume features more than 100 titles, including credits like: Sarah Polley\u2019s indie feature\u00a0<em>Away From Her<\/em>;\u00a0<em>The Vow<\/em>, with Rachel McAdams and Channing Tatum; the Winnie Mandela biopic\u00a0<em>Winnie<\/em>, alongside Jennifer Hudson and Terrance Howard;\u00a0<em>The Santa Clause<\/em>trilogy opposite Tim Allen;\u00a0<em>The Clearing<\/em>, with Robert Redford; Eduardo Ponti\u2019s\u00a0<em>Between Strangers<\/em>, with Sophia Loren;\u00a0<em>The Last Brickmaker in America<\/em>, with Sidney Poitier;\u00a0<em>Bi-Centennial Man\u00a0<\/em>with Robin Williams;\u00a0<em>The Sixth Day<\/em>\u00a0with Arnold Schwarzenegger; and of course, her role as Harrison Ford\u2019s First Lady in\u00a0<em>Air Force One<\/em>. Wendy starred in five seasons of CTV\u2019s hit medical drama\u00a0<em>Saving Hope<\/em>, for which she won Best Actress in a Featured Supporting Role at the 2013 CSAs. Wendy was also in the critically acclaimed, Oscar-nominated film,\u00a0<em>Room<\/em>\u00a0with Brie Larson; and appeared opposite Ellen Page in Patricia Rozema\u2019s\u00a0<em>Into the Forest<\/em>. On the small screen, Wendy recently starred in the CTV\/ION series\u00a0<em>The Detail<\/em>, for which she was just nominated for a 2019 CSA. She also recurs on the fun, period mystery\u00a0<em>Frankie Drake<\/em>; the comedy\u00a0<em>Workin\u2019 Moms<\/em>, both on CBC; and in the AMC series\u00a0<em>The Son<\/em>, opposite Pierce Brosnan. Wendy continues to be as busy as ever. She is currently shooting the third season of CBC\u2019s popular series\u00a0<em>Frankie Drake<\/em>, in addition to the first season of her new Hallmark series,\u00a0<em>When Hope Calls<\/em>. She will be seen next in her recurring role on the upcoming Netflix series,\u00a0<em>The October Faction<\/em>.<\/p>\t\t\t\t\t\t\t\t<\/div>\n\t\t\t\t<\/div>\n\t\t\t\t\t<\/div>\n\t\t<\/div>\n\t\t\t\t<div class=\"elementor-column elementor-col-50 elementor-top-column elementor-element elementor-element-3f4acd2\" data-id=\"3f4acd2\" data-element_type=\"column\" data-e-type=\"column\">\n\t\t\t<div class=\"elementor-widget-wrap elementor-element-populated\">\n\t\t\t\t\t\t<div class=\"elementor-element elementor-element-bdf37ee elementor-widget elementor-widget-image\" data-id=\"bdf37ee\" data-element_type=\"widget\" data-e-type=\"widget\" data-widget_type=\"image.default\">\n\t\t\t\t<div class=\"elementor-widget-container\">\n\t\t\t\t\t\t\t\t\t\t\t\t\t\t\t<img loading=\"lazy\" decoding=\"async\" width=\"432\" height=\"432\" src=\"https:\/\/stage.rdvcanada.ca\/wp-content\/uploads\/2019\/08\/Jean-Yoon-insta-432x432.jpg\" class=\"attachment-medium size-medium wp-image-26724\" alt=\"\" srcset=\"https:\/\/stage.rdvcanada.ca\/wp-content\/uploads\/2019\/08\/Jean-Yoon-insta-432x432.jpg 432w, https:\/\/stage.rdvcanada.ca\/wp-content\/uploads\/2019\/08\/Jean-Yoon-insta-768x768.jpg 768w, https:\/\/stage.rdvcanada.ca\/wp-content\/uploads\/2019\/08\/Jean-Yoon-insta-576x576.jpg 576w, https:\/\/stage.rdvcanada.ca\/wp-content\/uploads\/2019\/08\/Jean-Yoon-insta.jpg 1080w, https:\/\/stage.rdvcanada.ca\/wp-content\/uploads\/2019\/08\/Jean-Yoon-insta-220x220.jpg 220w, https:\/\/stage.rdvcanada.ca\/wp-content\/uploads\/2019\/08\/Jean-Yoon-insta-350x350.jpg 350w\" sizes=\"(max-width: 432px) 100vw, 432px\" \/>\t\t\t\t\t\t\t\t\t\t\t\t\t\t\t<\/div>\n\t\t\t\t<\/div>\n\t\t\t\t<div class=\"elementor-element elementor-element-0a97528 elementor-widget elementor-widget-text-editor\" data-id=\"0a97528\" data-element_type=\"widget\" data-e-type=\"widget\" data-widget_type=\"text-editor.default\">\n\t\t\t\t<div class=\"elementor-widget-container\">\n\t\t\t\t\t\t\t\t\t<p><strong>ACTOR<\/strong><\/p><p style=\"box-sizing: inherit;\"><strong>Jean Yoon<\/strong>, actor, began her theatre career in the early 1980s in Toronto performing with Upstage Theatre, Toronto Free Theatre and Canasian Artists Group. In the 1990s, Jean was active as a cultural equity advocate and new play producer. She was Cross Cultural Coordinator for Theatre Ontario 1991\/92, and then Co-Artistic Director of Cahoots Theatre Projects 1992 to early 1994, founding Lift Off! and cementing Cahoots\u2019 role as a leader in new play development for playwrights of diverse cultures. Jean\u2019s stage credits include\u00a0<em>Necessary Angel<\/em>, Young Peoples Theatre, Factory, Tarragon, Cahoots Theatre Projects, Crows, Civilized Theatre and\u00a0<em>Die in Debt<\/em>. Jean originated the role \u201cUmma\u201d in the Toronto Fringe production of\u00a0<em>Kim\u2019s Convenience<\/em>\u00a0in 2011 and performed the show at Soulpepper Theatre, The Grand Theatre London, National Arts Centre, Theatre Calgary, Theatre Aquarius, the Capitol Theatre in Port Hope, and the Pershing Square Signature Centre in New York. Jean is best known for her work on the CBC television adaptation of\u00a0<em>Kim\u2019s Convenience<\/em>, for which she has received the ACTRA Award for Outstanding Performance Female 2017, and two CSA nominations. Other screen credits include\u00a0<em>Orphan Black<\/em>,\u00a0<em>Dragon Boys<\/em>,\u00a0<em>The Expanse<\/em>,\u00a0<em>Save Me\u00a0<\/em>and voicing Connie in the Emmy Award winning PBS show\u00a0<em>Peg + Cat<\/em>.<\/p>\t\t\t\t\t\t\t\t<\/div>\n\t\t\t\t<\/div>\n\t\t\t\t\t<\/div>\n\t\t<\/div>\n\t\t\t\t\t<\/div>\n\t\t<\/section>\n\t\t\t\t<section class=\"elementor-section elementor-top-section elementor-element elementor-element-9d7d5dc elementor-section-boxed elementor-section-height-default elementor-section-height-default\" data-id=\"9d7d5dc\" data-element_type=\"section\" data-e-type=\"section\">\n\t\t\t\t\t\t<div class=\"elementor-container elementor-column-gap-default\">\n\t\t\t\t\t<div class=\"elementor-column elementor-col-50 elementor-top-column elementor-element elementor-element-97181e4\" data-id=\"97181e4\" data-element_type=\"column\" data-e-type=\"column\">\n\t\t\t<div class=\"elementor-widget-wrap elementor-element-populated\">\n\t\t\t\t\t\t<div class=\"elementor-element elementor-element-5c1015b elementor-widget elementor-widget-image\" data-id=\"5c1015b\" data-element_type=\"widget\" data-e-type=\"widget\" data-widget_type=\"image.default\">\n\t\t\t\t<div class=\"elementor-widget-container\">\n\t\t\t\t\t\t\t\t\t\t\t\t\t\t\t<img loading=\"lazy\" decoding=\"async\" width=\"432\" height=\"432\" src=\"https:\/\/stage.rdvcanada.ca\/wp-content\/uploads\/2019\/08\/SophieDupuis-insta-432x432.jpg\" class=\"attachment-medium size-medium wp-image-26728\" alt=\"\" srcset=\"https:\/\/stage.rdvcanada.ca\/wp-content\/uploads\/2019\/08\/SophieDupuis-insta-432x432.jpg 432w, https:\/\/stage.rdvcanada.ca\/wp-content\/uploads\/2019\/08\/SophieDupuis-insta-768x768.jpg 768w, https:\/\/stage.rdvcanada.ca\/wp-content\/uploads\/2019\/08\/SophieDupuis-insta-576x576.jpg 576w, https:\/\/stage.rdvcanada.ca\/wp-content\/uploads\/2019\/08\/SophieDupuis-insta.jpg 1080w, https:\/\/stage.rdvcanada.ca\/wp-content\/uploads\/2019\/08\/SophieDupuis-insta-220x220.jpg 220w, https:\/\/stage.rdvcanada.ca\/wp-content\/uploads\/2019\/08\/SophieDupuis-insta-350x350.jpg 350w\" sizes=\"(max-width: 432px) 100vw, 432px\" \/>\t\t\t\t\t\t\t\t\t\t\t\t\t\t\t<\/div>\n\t\t\t\t<\/div>\n\t\t\t\t<div class=\"elementor-element elementor-element-dca5762 elementor-widget elementor-widget-text-editor\" data-id=\"dca5762\" data-element_type=\"widget\" data-e-type=\"widget\" data-widget_type=\"text-editor.default\">\n\t\t\t\t<div class=\"elementor-widget-container\">\n\t\t\t\t\t\t\t\t\t<p><strong>EMERGING TALENT<\/strong><\/p><p><strong>Sophie Dupuis<\/strong>, emerging director, is notorious for rattling audiences with her striking films. She tells disturbing, yet moving stories \u2013 sometimes dark but overall, filled with light. Exhibiting\u00a0her prowess of interplaying tenderness and belligerence, she crafts canvasses of broken\u00a0families and untamable characters. With her many short films that have garnered\u00a0international success, Sophie quickly realized her love for actors whose performances\u00a0have been acclaimed.\u00a0<em>Chien de garde<\/em>, her first feature film, is a breathtaking blow-to-the-chest portrayal of impetuous characters caught in a whirlwind of violence. After\u00a0winning the award for mise-en-sc\u00e8ne at the Saint-Jean-de-Luz festival, witnessing her\u00a0actors win for their work in her film, and receiving eight nominations at the Gala Qu\u00e9bec\u00a0Cin\u00e9ma, including best film, best direction, and best screenplay, Sophie was selected to\u00a0represent Quebec in the 2018 Oscars season. Sophie Dupuis is currently working on her\u00a0second feature film\u00a0<em>Souterrain<\/em>, which will focus on the world of mines.<\/p>\t\t\t\t\t\t\t\t<\/div>\n\t\t\t\t<\/div>\n\t\t\t\t\t<\/div>\n\t\t<\/div>\n\t\t\t\t<div class=\"elementor-column elementor-col-50 elementor-top-column elementor-element elementor-element-50f4b12\" data-id=\"50f4b12\" data-element_type=\"column\" data-e-type=\"column\">\n\t\t\t<div class=\"elementor-widget-wrap elementor-element-populated\">\n\t\t\t\t\t\t<div class=\"elementor-element elementor-element-912286d elementor-widget elementor-widget-image\" data-id=\"912286d\" data-element_type=\"widget\" data-e-type=\"widget\" data-widget_type=\"image.default\">\n\t\t\t\t<div class=\"elementor-widget-container\">\n\t\t\t\t\t\t\t\t\t\t\t\t\t\t\t<img loading=\"lazy\" decoding=\"async\" width=\"432\" height=\"432\" src=\"https:\/\/stage.rdvcanada.ca\/wp-content\/uploads\/2019\/08\/JasminMozzafari-insta-432x432.jpg\" class=\"attachment-medium size-medium wp-image-26726\" alt=\"\" srcset=\"https:\/\/stage.rdvcanada.ca\/wp-content\/uploads\/2019\/08\/JasminMozzafari-insta-432x432.jpg 432w, https:\/\/stage.rdvcanada.ca\/wp-content\/uploads\/2019\/08\/JasminMozzafari-insta-768x768.jpg 768w, https:\/\/stage.rdvcanada.ca\/wp-content\/uploads\/2019\/08\/JasminMozzafari-insta-576x576.jpg 576w, https:\/\/stage.rdvcanada.ca\/wp-content\/uploads\/2019\/08\/JasminMozzafari-insta.jpg 1080w, https:\/\/stage.rdvcanada.ca\/wp-content\/uploads\/2019\/08\/JasminMozzafari-insta-220x220.jpg 220w, https:\/\/stage.rdvcanada.ca\/wp-content\/uploads\/2019\/08\/JasminMozzafari-insta-350x350.jpg 350w\" sizes=\"(max-width: 432px) 100vw, 432px\" \/>\t\t\t\t\t\t\t\t\t\t\t\t\t\t\t<\/div>\n\t\t\t\t<\/div>\n\t\t\t\t<div class=\"elementor-element elementor-element-98986ab elementor-widget elementor-widget-text-editor\" data-id=\"98986ab\" data-element_type=\"widget\" data-e-type=\"widget\" data-widget_type=\"text-editor.default\">\n\t\t\t\t<div class=\"elementor-widget-container\">\n\t\t\t\t\t\t\t\t\t<p><strong>EMERGING TALENT<\/strong><\/p><p><strong>Jasmin Mozaffari<\/strong>, emerging director, is an award-winning Toronto-based writer\/director who studied Film at Ryerson\u2019s School of Image Arts. A number of her short films including<em>\u00a0Firecrackers\u00a0<\/em>(2013),<em>\u00a0Wave\u00a0<\/em>(2015), and\u00a0<em>sleep on the tracks<\/em>\u00a0(2017) screened at the Toronto International Film Festival, the Vancouver International Film Festival and numerous other festivals across Europe and the US. Her debut feature film\u00a0<em>Firecrackers<\/em>, based on the short, premiered at the Toronto International Film Festival in 2018, and won Best Film in Competition at the Stockholm International Film Festival. The film went on to win 2 Canadian Screen Awards in 2019 including the award for Achievement in Direction. Variety proclaimed Jasmin as a \u201cmajor talent\u201d and\u00a0<em>Firecrackers<\/em>\u00a0was named a New York Times Critic\u2019s Pick in 2019.<\/p>\t\t\t\t\t\t\t\t<\/div>\n\t\t\t\t<\/div>\n\t\t\t\t\t<\/div>\n\t\t<\/div>\n\t\t\t\t\t<\/div>\n\t\t<\/section>\n\t\t\t\t<section class=\"elementor-section elementor-top-section elementor-element elementor-element-04e1a40 elementor-section-boxed elementor-section-height-default elementor-section-height-default\" data-id=\"04e1a40\" data-element_type=\"section\" data-e-type=\"section\">\n\t\t\t\t\t\t<div class=\"elementor-container elementor-column-gap-default\">\n\t\t\t\t\t<div class=\"elementor-column elementor-col-100 elementor-top-column elementor-element elementor-element-cfd1e8b\" data-id=\"cfd1e8b\" data-element_type=\"column\" data-e-type=\"column\">\n\t\t\t<div class=\"elementor-widget-wrap elementor-element-populated\">\n\t\t\t\t\t\t<div class=\"elementor-element elementor-element-951c58b elementor-widget elementor-widget-text-editor\" data-id=\"951c58b\" data-element_type=\"widget\" data-e-type=\"widget\" data-widget_type=\"text-editor.default\">\n\t\t\t\t<div class=\"elementor-widget-container\">\n\t\t\t\t\t\t\t\t\t<p><strong>Nomination process and jury<\/strong><\/p><p>In addition to an internal selection committee, Telefilm and Birks called upon the following organizations to be part of the nomination process for the Birks Diamond Tribute to the Year\u2019s Women in Film (in alphabetical order): ACTRA (Alliance of Canadian Cinema, Television and Radio Artists), the Association des r\u00e9alisateurs et r\u00e9alisatrices du Qu\u00e9bec (ARRQ), the Directors Guild of Canada (DGC), the Soci\u00e9t\u00e9 des auteurs de radio, t\u00e9l\u00e9vision et cin\u00e9ma (SARTEC), Union des Artistes (UDA), and the Writers Guild of Canada (WGC).<\/p><p>An 18-member jury was tasked with the selection of this year\u2019s honourees. The pan-Canadian jury is made up of the following journalists, bloggers and on-air personalities covering the world of art, culture and entertainment: Victoria Ahearn (<em>The Canadian Press<\/em>), Catherine Beauchamp (<em>Le Tapis Rose<\/em>), Erica Commanda (<em>Muskrat Magazine<\/em>), Richard Crouse (<em>CTV\u2019s Pop Life<\/em>), Manon Dumais (<em>Le Devoir<\/em>), T\u2019Cha Dunlevy (<em>Montreal Gazette<\/em>), Sholeh Fabbri (<em>ET Canada<\/em>), Willow Fiddler (<em>APTN News<\/em>), Noreen Flanagan (<em>FASHION Magazine<\/em>), Dana Gee (<em>Global TV\/Postmedia<\/em>), Teri Hart (<em>Citytv<\/em>), Peter Knegt (<em>CBC<\/em>), Marc-Andr\u00e9 Lussier (<em>La Presse<\/em>), Jen McNeely (<em>Shedoesthecity<\/em>), Katherine Monk (<em>Ex-Press\/CBC<\/em>), Kathleen Newman-Bremang (<em>Refinery29<\/em>), Jordan Pinto (<em>Playback<\/em>), and Radheyan Simonpillai (<em>CTV\u2019s Your Morning\/NOW Magazine).\u00a0<\/em><\/p><p><strong>Source: Telefilm Canada and Birks<\/strong><\/p>\t\t\t\t\t\t\t\t<\/div>\n\t\t\t\t<\/div>\n\t\t\t\t\t<\/div>\n\t\t<\/div>\n\t\t\t\t\t<\/div>\n\t\t<\/section>\n\t\t\t\t<\/div>\n\t\t","protected":false},"excerpt":{"rendered":"<p>Birks\u00a0, the official jewelry sponsor of the Toronto International Film&#8230;<\/p>\n","protected":false},"author":17,"featured_media":26715,"comment_status":"closed","ping_status":"open","sticky":false,"template":"","format":"standard","meta":{"_acf_changed":false,"_crdt_document":"","footnotes":""},"categories":[16],"tags":[],"class_list":["post-26467","post","type-post","status-publish","format-standard","has-post-thumbnail","hentry","category-events","posts_festivals-tiff-2019"],"acf":[],"yoast_head":"<!-- This site is optimized with the Yoast SEO plugin v27.5 - https:\/\/yoast.com\/product\/yoast-seo-wordpress\/ -->\n<title>Birks and Telefilm Canada Announce This Year\u2019s Recipients of the Birks Diamond Tribute to the Year\u2019s Women in Film - RDV Canada<\/title>\n<meta name=\"description\" content=\"Birks\u00a0, the official jewelry sponsor of the Toronto International Film Festival, and\u00a0Telefilm Canada\u00a0today announced the honourees for the annual\u00a0Birks\" \/>\n<meta name=\"robots\" content=\"noindex, follow, max-snippet:-1, max-image-preview:large, max-video-preview:-1\" \/>\n<meta property=\"og:locale\" content=\"en_US\" \/>\n<meta property=\"og:type\" content=\"article\" \/>\n<meta property=\"og:title\" content=\"Birks and Telefilm Canada Announce This Year\u2019s Recipients of the Birks Diamond Tribute to the Year\u2019s Women in Film - RDV Canada\" \/>\n<meta property=\"og:description\" content=\"Birks\u00a0, the official jewelry sponsor of the Toronto International Film Festival, and\u00a0Telefilm Canada\u00a0today announced the honourees for the annual\u00a0Birks\" \/>\n<meta property=\"og:url\" content=\"https:\/\/stage.rdvcanada.ca\/en\/events\/birks-and-telefilm-canada-announce-this-years-recipients-of-the-birks-diamond-tribute-to-the-years-women-in-film\/\" \/>\n<meta property=\"og:site_name\" content=\"RDVCanada.ca\" \/>\n<meta property=\"article:publisher\" content=\"https:\/\/www.facebook.com\/telefilmcanada\" \/>\n<meta property=\"article:published_time\" content=\"2019-08-26T18:07:33+00:00\" \/>\n<meta property=\"article:modified_time\" content=\"2019-08-29T20:30:21+00:00\" \/>\n<meta property=\"og:image\" content=\"https:\/\/stage.rdvcanada.ca\/wp-content\/uploads\/2019\/08\/Birks-banner.jpg\" \/>\n\t<meta property=\"og:image:width\" content=\"1920\" \/>\n\t<meta property=\"og:image:height\" content=\"800\" \/>\n\t<meta property=\"og:image:type\" content=\"image\/jpeg\" \/>\n<meta name=\"author\" content=\"MF\" \/>\n<meta name=\"twitter:card\" content=\"summary_large_image\" \/>\n<meta name=\"twitter:creator\" content=\"@Telefilm_Canada\" \/>\n<meta name=\"twitter:site\" content=\"@Telefilm_Canada\" \/>\n<meta name=\"twitter:label1\" content=\"Written by\" \/>\n\t<meta name=\"twitter:data1\" content=\"MF\" \/>\n\t<meta name=\"twitter:label2\" content=\"Est. reading time\" \/>\n\t<meta name=\"twitter:data2\" content=\"10 minutes\" \/>\n<script type=\"application\/ld+json\" class=\"yoast-schema-graph\">{\n\t    \"@context\": \"https:\\\/\\\/schema.org\",\n\t    \"@graph\": [\n\t        {\n\t            \"@type\": \"Article\",\n\t            \"@id\": \"https:\\\/\\\/stage.rdvcanada.ca\\\/en\\\/events\\\/birks-and-telefilm-canada-announce-this-years-recipients-of-the-birks-diamond-tribute-to-the-years-women-in-film\\\/#article\",\n\t            \"isPartOf\": {\n\t                \"@id\": \"https:\\\/\\\/stage.rdvcanada.ca\\\/en\\\/events\\\/birks-and-telefilm-canada-announce-this-years-recipients-of-the-birks-diamond-tribute-to-the-years-women-in-film\\\/\"\n\t            },\n\t            \"author\": {\n\t                \"name\": \"MF\",\n\t                \"@id\": \"https:\\\/\\\/stage.rdvcanada.ca\\\/en\\\/#\\\/schema\\\/person\\\/974d174eafb0c9e906d2979ca4ed5280\"\n\t            },\n\t            \"headline\": \"Birks and Telefilm Canada Announce This Year\u2019s Recipients of the Birks Diamond Tribute to the Year\u2019s Women in Film\",\n\t            \"datePublished\": \"2019-08-26T18:07:33+00:00\",\n\t            \"dateModified\": \"2019-08-29T20:30:21+00:00\",\n\t            \"mainEntityOfPage\": {\n\t                \"@id\": \"https:\\\/\\\/stage.rdvcanada.ca\\\/en\\\/events\\\/birks-and-telefilm-canada-announce-this-years-recipients-of-the-birks-diamond-tribute-to-the-years-women-in-film\\\/\"\n\t            },\n\t            \"wordCount\": 1940,\n\t            \"image\": {\n\t                \"@id\": \"https:\\\/\\\/stage.rdvcanada.ca\\\/en\\\/events\\\/birks-and-telefilm-canada-announce-this-years-recipients-of-the-birks-diamond-tribute-to-the-years-women-in-film\\\/#primaryimage\"\n\t            },\n\t            \"thumbnailUrl\": \"https:\\\/\\\/stage.rdvcanada.ca\\\/wp-content\\\/uploads\\\/2019\\\/08\\\/Birks-banner.jpg\",\n\t            \"articleSection\": [\n\t                \"Events\"\n\t            ],\n\t            \"inLanguage\": \"en-CA\"\n\t        },\n\t        {\n\t            \"@type\": \"WebPage\",\n\t            \"@id\": \"https:\\\/\\\/stage.rdvcanada.ca\\\/en\\\/events\\\/birks-and-telefilm-canada-announce-this-years-recipients-of-the-birks-diamond-tribute-to-the-years-women-in-film\\\/\",\n\t            \"url\": \"https:\\\/\\\/stage.rdvcanada.ca\\\/en\\\/events\\\/birks-and-telefilm-canada-announce-this-years-recipients-of-the-birks-diamond-tribute-to-the-years-women-in-film\\\/\",\n\t            \"name\": \"Birks and Telefilm Canada Announce This Year\u2019s Recipients of the Birks Diamond Tribute to the Year\u2019s Women in Film - RDV Canada\",\n\t            \"isPartOf\": {\n\t                \"@id\": \"https:\\\/\\\/stage.rdvcanada.ca\\\/en\\\/#website\"\n\t            },\n\t            \"primaryImageOfPage\": {\n\t                \"@id\": \"https:\\\/\\\/stage.rdvcanada.ca\\\/en\\\/events\\\/birks-and-telefilm-canada-announce-this-years-recipients-of-the-birks-diamond-tribute-to-the-years-women-in-film\\\/#primaryimage\"\n\t            },\n\t            \"image\": {\n\t                \"@id\": \"https:\\\/\\\/stage.rdvcanada.ca\\\/en\\\/events\\\/birks-and-telefilm-canada-announce-this-years-recipients-of-the-birks-diamond-tribute-to-the-years-women-in-film\\\/#primaryimage\"\n\t            },\n\t            \"thumbnailUrl\": \"https:\\\/\\\/stage.rdvcanada.ca\\\/wp-content\\\/uploads\\\/2019\\\/08\\\/Birks-banner.jpg\",\n\t            \"datePublished\": \"2019-08-26T18:07:33+00:00\",\n\t            \"dateModified\": \"2019-08-29T20:30:21+00:00\",\n\t            \"author\": {\n\t                \"@id\": \"https:\\\/\\\/stage.rdvcanada.ca\\\/en\\\/#\\\/schema\\\/person\\\/974d174eafb0c9e906d2979ca4ed5280\"\n\t            },\n\t            \"description\": \"Birks\u00a0, the official jewelry sponsor of the Toronto International Film Festival, and\u00a0Telefilm Canada\u00a0today announced the honourees for the annual\u00a0Birks\",\n\t            \"breadcrumb\": {\n\t                \"@id\": \"https:\\\/\\\/stage.rdvcanada.ca\\\/en\\\/events\\\/birks-and-telefilm-canada-announce-this-years-recipients-of-the-birks-diamond-tribute-to-the-years-women-in-film\\\/#breadcrumb\"\n\t            },\n\t            \"inLanguage\": \"en-CA\",\n\t            \"potentialAction\": [\n\t                {\n\t                    \"@type\": \"ReadAction\",\n\t                    \"target\": [\n\t                        \"https:\\\/\\\/stage.rdvcanada.ca\\\/en\\\/events\\\/birks-and-telefilm-canada-announce-this-years-recipients-of-the-birks-diamond-tribute-to-the-years-women-in-film\\\/\"\n\t                    ]\n\t                }\n\t            ]\n\t        },\n\t        {\n\t            \"@type\": \"ImageObject\",\n\t            \"inLanguage\": \"en-CA\",\n\t            \"@id\": \"https:\\\/\\\/stage.rdvcanada.ca\\\/en\\\/events\\\/birks-and-telefilm-canada-announce-this-years-recipients-of-the-birks-diamond-tribute-to-the-years-women-in-film\\\/#primaryimage\",\n\t            \"url\": \"https:\\\/\\\/stage.rdvcanada.ca\\\/wp-content\\\/uploads\\\/2019\\\/08\\\/Birks-banner.jpg\",\n\t            \"contentUrl\": \"https:\\\/\\\/stage.rdvcanada.ca\\\/wp-content\\\/uploads\\\/2019\\\/08\\\/Birks-banner.jpg\",\n\t            \"width\": 1920,\n\t            \"height\": 800\n\t        },\n\t        {\n\t            \"@type\": \"BreadcrumbList\",\n\t            \"@id\": \"https:\\\/\\\/stage.rdvcanada.ca\\\/en\\\/events\\\/birks-and-telefilm-canada-announce-this-years-recipients-of-the-birks-diamond-tribute-to-the-years-women-in-film\\\/#breadcrumb\",\n\t            \"itemListElement\": [\n\t                {\n\t                    \"@type\": \"ListItem\",\n\t                    \"position\": 1,\n\t                    \"name\": \"Home\",\n\t                    \"item\": \"https:\\\/\\\/stage.rdvcanada.ca\\\/en\\\/\"\n\t                },\n\t                {\n\t                    \"@type\": \"ListItem\",\n\t                    \"position\": 2,\n\t                    \"name\": \"Birks and Telefilm Canada Announce This Year\u2019s Recipients of the Birks Diamond Tribute to the Year\u2019s Women in Film\"\n\t                }\n\t            ]\n\t        },\n\t        {\n\t            \"@type\": \"WebSite\",\n\t            \"@id\": \"https:\\\/\\\/stage.rdvcanada.ca\\\/en\\\/#website\",\n\t            \"url\": \"https:\\\/\\\/stage.rdvcanada.ca\\\/en\\\/\",\n\t            \"name\": \"RDVCanada.ca\",\n\t            \"description\": \"VOIR GRAND. D\u00e9couvrez le meilleur du talent Canadien \u00e0 travers le monde.\",\n\t            \"potentialAction\": [\n\t                {\n\t                    \"@type\": \"SearchAction\",\n\t                    \"target\": {\n\t                        \"@type\": \"EntryPoint\",\n\t                        \"urlTemplate\": \"https:\\\/\\\/stage.rdvcanada.ca\\\/en\\\/?s={search_term_string}\"\n\t                    },\n\t                    \"query-input\": {\n\t                        \"@type\": \"PropertyValueSpecification\",\n\t                        \"valueRequired\": true,\n\t                        \"valueName\": \"search_term_string\"\n\t                    }\n\t                }\n\t            ],\n\t            \"inLanguage\": \"en-CA\"\n\t        },\n\t        {\n\t            \"@type\": \"Person\",\n\t            \"@id\": \"https:\\\/\\\/stage.rdvcanada.ca\\\/en\\\/#\\\/schema\\\/person\\\/974d174eafb0c9e906d2979ca4ed5280\",\n\t            \"name\": \"MF\"\n\t        }\n\t    ]\n\t}<\/script>\n<!-- \/ Yoast SEO plugin. -->","yoast_head_json":{"title":"Birks and Telefilm Canada Announce This Year\u2019s Recipients of the Birks Diamond Tribute to the Year\u2019s Women in Film - RDV Canada","description":"Birks\u00a0, the official jewelry sponsor of the Toronto International Film Festival, and\u00a0Telefilm Canada\u00a0today announced the honourees for the annual\u00a0Birks","robots":{"index":"noindex","follow":"follow","max-snippet":"max-snippet:-1","max-image-preview":"max-image-preview:large","max-video-preview":"max-video-preview:-1"},"og_locale":"en_US","og_type":"article","og_title":"Birks and Telefilm Canada Announce This Year\u2019s Recipients of the Birks Diamond Tribute to the Year\u2019s Women in Film - RDV Canada","og_description":"Birks\u00a0, the official jewelry sponsor of the Toronto International Film Festival, and\u00a0Telefilm Canada\u00a0today announced the honourees for the annual\u00a0Birks","og_url":"https:\/\/stage.rdvcanada.ca\/en\/events\/birks-and-telefilm-canada-announce-this-years-recipients-of-the-birks-diamond-tribute-to-the-years-women-in-film\/","og_site_name":"RDVCanada.ca","article_publisher":"https:\/\/www.facebook.com\/telefilmcanada","article_published_time":"2019-08-26T18:07:33+00:00","article_modified_time":"2019-08-29T20:30:21+00:00","og_image":[{"width":1920,"height":800,"url":"https:\/\/stage.rdvcanada.ca\/wp-content\/uploads\/2019\/08\/Birks-banner.jpg","type":"image\/jpeg"}],"author":"MF","twitter_card":"summary_large_image","twitter_creator":"@Telefilm_Canada","twitter_site":"@Telefilm_Canada","twitter_misc":{"Written by":"MF","Est. reading time":"10 minutes"},"schema":{"@context":"https:\/\/schema.org","@graph":[{"@type":"Article","@id":"https:\/\/stage.rdvcanada.ca\/en\/events\/birks-and-telefilm-canada-announce-this-years-recipients-of-the-birks-diamond-tribute-to-the-years-women-in-film\/#article","isPartOf":{"@id":"https:\/\/stage.rdvcanada.ca\/en\/events\/birks-and-telefilm-canada-announce-this-years-recipients-of-the-birks-diamond-tribute-to-the-years-women-in-film\/"},"author":{"name":"MF","@id":"https:\/\/stage.rdvcanada.ca\/en\/#\/schema\/person\/974d174eafb0c9e906d2979ca4ed5280"},"headline":"Birks and Telefilm Canada Announce This Year\u2019s Recipients of the Birks Diamond Tribute to the Year\u2019s Women in Film","datePublished":"2019-08-26T18:07:33+00:00","dateModified":"2019-08-29T20:30:21+00:00","mainEntityOfPage":{"@id":"https:\/\/stage.rdvcanada.ca\/en\/events\/birks-and-telefilm-canada-announce-this-years-recipients-of-the-birks-diamond-tribute-to-the-years-women-in-film\/"},"wordCount":1940,"image":{"@id":"https:\/\/stage.rdvcanada.ca\/en\/events\/birks-and-telefilm-canada-announce-this-years-recipients-of-the-birks-diamond-tribute-to-the-years-women-in-film\/#primaryimage"},"thumbnailUrl":"https:\/\/stage.rdvcanada.ca\/wp-content\/uploads\/2019\/08\/Birks-banner.jpg","articleSection":["Events"],"inLanguage":"en-CA"},{"@type":"WebPage","@id":"https:\/\/stage.rdvcanada.ca\/en\/events\/birks-and-telefilm-canada-announce-this-years-recipients-of-the-birks-diamond-tribute-to-the-years-women-in-film\/","url":"https:\/\/stage.rdvcanada.ca\/en\/events\/birks-and-telefilm-canada-announce-this-years-recipients-of-the-birks-diamond-tribute-to-the-years-women-in-film\/","name":"Birks and Telefilm Canada Announce This Year\u2019s Recipients of the Birks Diamond Tribute to the Year\u2019s Women in Film - RDV Canada","isPartOf":{"@id":"https:\/\/stage.rdvcanada.ca\/en\/#website"},"primaryImageOfPage":{"@id":"https:\/\/stage.rdvcanada.ca\/en\/events\/birks-and-telefilm-canada-announce-this-years-recipients-of-the-birks-diamond-tribute-to-the-years-women-in-film\/#primaryimage"},"image":{"@id":"https:\/\/stage.rdvcanada.ca\/en\/events\/birks-and-telefilm-canada-announce-this-years-recipients-of-the-birks-diamond-tribute-to-the-years-women-in-film\/#primaryimage"},"thumbnailUrl":"https:\/\/stage.rdvcanada.ca\/wp-content\/uploads\/2019\/08\/Birks-banner.jpg","datePublished":"2019-08-26T18:07:33+00:00","dateModified":"2019-08-29T20:30:21+00:00","author":{"@id":"https:\/\/stage.rdvcanada.ca\/en\/#\/schema\/person\/974d174eafb0c9e906d2979ca4ed5280"},"description":"Birks\u00a0, the official jewelry sponsor of the Toronto International Film Festival, and\u00a0Telefilm Canada\u00a0today announced the honourees for the annual\u00a0Birks","breadcrumb":{"@id":"https:\/\/stage.rdvcanada.ca\/en\/events\/birks-and-telefilm-canada-announce-this-years-recipients-of-the-birks-diamond-tribute-to-the-years-women-in-film\/#breadcrumb"},"inLanguage":"en-CA","potentialAction":[{"@type":"ReadAction","target":["https:\/\/stage.rdvcanada.ca\/en\/events\/birks-and-telefilm-canada-announce-this-years-recipients-of-the-birks-diamond-tribute-to-the-years-women-in-film\/"]}]},{"@type":"ImageObject","inLanguage":"en-CA","@id":"https:\/\/stage.rdvcanada.ca\/en\/events\/birks-and-telefilm-canada-announce-this-years-recipients-of-the-birks-diamond-tribute-to-the-years-women-in-film\/#primaryimage","url":"https:\/\/stage.rdvcanada.ca\/wp-content\/uploads\/2019\/08\/Birks-banner.jpg","contentUrl":"https:\/\/stage.rdvcanada.ca\/wp-content\/uploads\/2019\/08\/Birks-banner.jpg","width":1920,"height":800},{"@type":"BreadcrumbList","@id":"https:\/\/stage.rdvcanada.ca\/en\/events\/birks-and-telefilm-canada-announce-this-years-recipients-of-the-birks-diamond-tribute-to-the-years-women-in-film\/#breadcrumb","itemListElement":[{"@type":"ListItem","position":1,"name":"Home","item":"https:\/\/stage.rdvcanada.ca\/en\/"},{"@type":"ListItem","position":2,"name":"Birks and Telefilm Canada Announce This Year\u2019s Recipients of the Birks Diamond Tribute to the Year\u2019s Women in Film"}]},{"@type":"WebSite","@id":"https:\/\/stage.rdvcanada.ca\/en\/#website","url":"https:\/\/stage.rdvcanada.ca\/en\/","name":"RDVCanada.ca","description":"VOIR GRAND. D\u00e9couvrez le meilleur du talent Canadien \u00e0 travers le monde.","potentialAction":[{"@type":"SearchAction","target":{"@type":"EntryPoint","urlTemplate":"https:\/\/stage.rdvcanada.ca\/en\/?s={search_term_string}"},"query-input":{"@type":"PropertyValueSpecification","valueRequired":true,"valueName":"search_term_string"}}],"inLanguage":"en-CA"},{"@type":"Person","@id":"https:\/\/stage.rdvcanada.ca\/en\/#\/schema\/person\/974d174eafb0c9e906d2979ca4ed5280","name":"MF"}]}},"_links":{"self":[{"href":"https:\/\/stage.rdvcanada.ca\/en\/wp-json\/wp\/v2\/posts\/26467","targetHints":{"allow":["GET"]}}],"collection":[{"href":"https:\/\/stage.rdvcanada.ca\/en\/wp-json\/wp\/v2\/posts"}],"about":[{"href":"https:\/\/stage.rdvcanada.ca\/en\/wp-json\/wp\/v2\/types\/post"}],"author":[{"embeddable":true,"href":"https:\/\/stage.rdvcanada.ca\/en\/wp-json\/wp\/v2\/users\/17"}],"replies":[{"embeddable":true,"href":"https:\/\/stage.rdvcanada.ca\/en\/wp-json\/wp\/v2\/comments?post=26467"}],"version-history":[{"count":0,"href":"https:\/\/stage.rdvcanada.ca\/en\/wp-json\/wp\/v2\/posts\/26467\/revisions"}],"wp:featuredmedia":[{"embeddable":true,"href":"https:\/\/stage.rdvcanada.ca\/en\/wp-json\/wp\/v2\/media\/26715"}],"wp:attachment":[{"href":"https:\/\/stage.rdvcanada.ca\/en\/wp-json\/wp\/v2\/media?parent=26467"}],"wp:term":[{"taxonomy":"category","embeddable":true,"href":"https:\/\/stage.rdvcanada.ca\/en\/wp-json\/wp\/v2\/categories?post=26467"},{"taxonomy":"post_tag","embeddable":true,"href":"https:\/\/stage.rdvcanada.ca\/en\/wp-json\/wp\/v2\/tags?post=26467"}],"curies":[{"name":"wp","href":"https:\/\/api.w.org\/{rel}","templated":true}]}}