{"id":13199,"date":"2018-08-22T14:42:09","date_gmt":"2018-08-22T18:42:09","guid":{"rendered":"https:\/\/stage.rdvcanada.ca\/evenements\/telefilm-canada-welcomes-christa-dickenson-as-its-new-executive-director\/"},"modified":"2018-08-23T11:28:50","modified_gmt":"2018-08-23T15:28:50","slug":"telefilm-canada-accueille-christa-dickenson-au-poste-de-directrice-generale","status":"publish","type":"post","link":"https:\/\/stage.rdvcanada.ca\/fr\/pleins-feux\/telefilm-canada-accueille-christa-dickenson-au-poste-de-directrice-generale\/","title":{"rendered":"Christa Dickenson, nouvelle directrice g\u00e9n\u00e9rale de T\u00e9l\u00e9film"},"content":{"rendered":"\t\t<div data-elementor-type=\"wp-post\" data-elementor-id=\"13199\" class=\"elementor elementor-13199 elementor-13178 elementor-bc-flex-widget\" data-elementor-post-type=\"post\">\n\t\t\t\t\t\t<section class=\"elementor-section elementor-top-section elementor-element elementor-element-34e96178 elementor-section-boxed elementor-section-height-default elementor-section-height-default\" data-id=\"34e96178\" data-element_type=\"section\" data-e-type=\"section\">\n\t\t\t\t\t\t<div class=\"elementor-container elementor-column-gap-default\">\n\t\t\t\t\t<div class=\"elementor-column elementor-col-100 elementor-top-column elementor-element elementor-element-3984ab60\" data-id=\"3984ab60\" data-element_type=\"column\" data-e-type=\"column\">\n\t\t\t<div class=\"elementor-widget-wrap\">\n\t\t\t\t\t\t\t<\/div>\n\t\t<\/div>\n\t\t\t\t\t<\/div>\n\t\t<\/section>\n\t\t\t\t<section class=\"elementor-section elementor-top-section elementor-element elementor-element-6d3921b6 elementor-section-boxed elementor-section-height-default elementor-section-height-default\" data-id=\"6d3921b6\" data-element_type=\"section\" data-e-type=\"section\">\n\t\t\t\t\t\t<div class=\"elementor-container elementor-column-gap-default\">\n\t\t\t\t\t<div class=\"elementor-column elementor-col-100 elementor-top-column elementor-element elementor-element-16eb8403\" data-id=\"16eb8403\" data-element_type=\"column\" data-e-type=\"column\">\n\t\t\t<div class=\"elementor-widget-wrap elementor-element-populated\">\n\t\t\t\t\t\t<div class=\"elementor-element elementor-element-48b7c064 elementor-widget elementor-widget-text-editor\" data-id=\"48b7c064\" data-element_type=\"widget\" data-e-type=\"widget\" data-widget_type=\"text-editor.default\">\n\t\t\t\t<div class=\"elementor-widget-container\">\n\t\t\t\t\t\t\t\t\t<p>Christa Dickenson a \u00e9t\u00e9 nomm\u00e9e au poste de directrice g\u00e9n\u00e9rale de T\u00e9l\u00e9film Canada, tel qu&#8217;annonc\u00e9 par le minist\u00e8re du Patrimoine canadien. Le mandat de Mme Dickenson a d\u00e9but\u00e9 le 30 juillet dernier, et aura une dur\u00e9e de cinq ans.\u00a0<\/p><p>Mme Dickenson \u00e9tait pr\u00e9cedemment pr\u00e9sidente et chef de la direction d\u2019Interactive Ontario, et a plus de 20 ans d\u2019exp\u00e9rience en tant que gestionnaire du marketing dans les domaines de la diffusion, des technologies et des t\u00e9l\u00e9communications. En plus d\u2019avoir \u00e9tudi\u00e9 \u00e0 la Rotman\u00a0School of Management de\u00a0l\u2019Universit\u00e9 de Toronto, Mme Dickenson d\u00e9tient un MFA en production cin\u00e9matographique et vid\u00e9o de l\u2019Universit\u00e9 York, est parfaitement bilingue et parle couramment l\u2019espagnol.<\/p><p>\u00ab Je suis ravi de la nomination de Mme Dickenson\u00bb, a d\u00e9clar\u00e9\u00a0<strong>G. Grant Machum<\/strong>, pr\u00e9sident par int\u00e9rim du conseil d\u2019administration de T\u00e9l\u00e9film. \u00ab Mme Dickenson poss\u00e8de de grandes comp\u00e9tences en gestion, un sens aigu des affaires et une vaste exp\u00e9rience sur le plan des politiques, ce qui sera d\u2019une aide inestimable pour amener T\u00e9l\u00e9film et l\u2019industrie \u00e0 voir plus grand et \u00e0 mettre en place son plus r\u00e9cent plan strat\u00e9gique.\u00a0Elle a une longue carri\u00e8re au sein des industries cr\u00e9atives, \u00e0 commencer par le cin\u00e9ma documentaire et la diffusion. Elle repr\u00e9sentera, pour l\u2019industrie cin\u00e9matographique, une voix forte et passionn\u00e9e.\u00a0\u00bb<\/p>\t\t\t\t\t\t\t\t<\/div>\n\t\t\t\t<\/div>\n\t\t\t\t\t<\/div>\n\t\t<\/div>\n\t\t\t\t\t<\/div>\n\t\t<\/section>\n\t\t\t\t<section class=\"elementor-section elementor-top-section elementor-element elementor-element-551e032d elementor-section-boxed elementor-section-height-default elementor-section-height-default\" data-id=\"551e032d\" data-element_type=\"section\" data-e-type=\"section\">\n\t\t\t\t\t\t<div class=\"elementor-container elementor-column-gap-default\">\n\t\t\t\t\t<div class=\"elementor-column elementor-col-100 elementor-top-column elementor-element elementor-element-53aa5735\" data-id=\"53aa5735\" data-element_type=\"column\" data-e-type=\"column\">\n\t\t\t<div class=\"elementor-widget-wrap elementor-element-populated\">\n\t\t\t\t\t\t<div class=\"elementor-element elementor-element-eaa7a53 elementor-widget elementor-widget-text-editor\" data-id=\"eaa7a53\" data-element_type=\"widget\" data-e-type=\"widget\" data-widget_type=\"text-editor.default\">\n\t\t\t\t<div class=\"elementor-widget-container\">\n\t\t\t\t\t\t\t\t\t<blockquote><p>Je ne peux pas dire \u00e0 quel point je suis heureuse d\u2019\u00eatre nomm\u00e9e directrice g\u00e9n\u00e9rale de T\u00e9l\u00e9film \u00a0Canada \u00bb, a ajout\u00e9\u00a0<strong>Christa Dickenson<\/strong>. \u00abJ\u2019ai tr\u00e8s h\u00e2te de faire partie de cet organisme qui place ceux et celles qui racontent les histoires canadiennes \u00e0 l\u2019avant-plan de notre culture depuis plus d\u2019un demi-si\u00e8cle. Travailler aux c\u00f4t\u00e9s des talents incroyables de l\u2019industrie cin\u00e9matographique canadienne est non seulement inspirant, mais c\u2019est aussi une le\u00e7on d\u2019humilit\u00e9. J\u2019ai h\u00e2te de relever ce d\u00e9fi extraordinaire.\u00bb<\/p><\/blockquote>\t\t\t\t\t\t\t\t<\/div>\n\t\t\t\t<\/div>\n\t\t\t\t\t<\/div>\n\t\t<\/div>\n\t\t\t\t\t<\/div>\n\t\t<\/section>\n\t\t\t\t<section class=\"elementor-section elementor-top-section elementor-element elementor-element-5dc4e8d7 elementor-section-boxed elementor-section-height-default elementor-section-height-default\" data-id=\"5dc4e8d7\" data-element_type=\"section\" data-e-type=\"section\">\n\t\t\t\t\t\t<div class=\"elementor-container elementor-column-gap-default\">\n\t\t\t\t\t<div class=\"elementor-column elementor-col-100 elementor-top-column elementor-element elementor-element-2f6383a5\" data-id=\"2f6383a5\" data-element_type=\"column\" data-e-type=\"column\">\n\t\t\t<div class=\"elementor-widget-wrap elementor-element-populated\">\n\t\t\t\t\t\t<div class=\"elementor-element elementor-element-b51f309 elementor-widget elementor-widget-text-editor\" data-id=\"b51f309\" data-element_type=\"widget\" data-e-type=\"widget\" data-widget_type=\"text-editor.default\">\n\t\t\t\t<div class=\"elementor-widget-container\">\n\t\t\t\t\t\t\t\t\t<p><strong>Processus de recrutement<\/strong><\/p><p>Le processus de recrutement a \u00e9t\u00e9 amorc\u00e9 en d\u00e9cembre 2017 avec la participation du conseil d\u2019administration de T\u00e9l\u00e9film Canada. Le comit\u00e9 de s\u00e9lection, compos\u00e9 \u00e9galement de repr\u00e9sentants du Cabinet du Premier ministre, du Bureau du Conseil priv\u00e9, du minist\u00e8re ainsi que du Cabinet de la ministre du Patrimoine canadien, a men\u00e9 une recherche rigoureuse et a analys\u00e9 des candidatures en provenance de partout au pays ainsi que de l\u2019international. Ce processus avait comme objectif d\u2019identifier le meilleur gestionnaire bilingue poss\u00e9dant le leadership et l\u2019esprit d\u2019innovation n\u00e9cessaires pour diriger T\u00e9l\u00e9film \u00e0 travers cette p\u00e9riode de changement au sein de l\u2019industrie audiovisuelle canadienne.<\/p>\t\t\t\t\t\t\t\t<\/div>\n\t\t\t\t<\/div>\n\t\t\t\t\t<\/div>\n\t\t<\/div>\n\t\t\t\t\t<\/div>\n\t\t<\/section>\n\t\t\t\t<\/div>\n\t\t","protected":false},"excerpt":{"rendered":"<p>Christa Dickenson a \u00e9t\u00e9 nomm\u00e9e au poste de directrice g\u00e9n\u00e9rale&#8230;<\/p>\n","protected":false},"author":150,"featured_media":13194,"comment_status":"closed","ping_status":"open","sticky":false,"template":"","format":"standard","meta":{"_acf_changed":false,"_crdt_document":"","footnotes":""},"categories":[333],"tags":[],"class_list":["post-13199","post","type-post","status-publish","format-standard","has-post-thumbnail","hentry","category-pleins-feux"],"acf":[],"yoast_head":"<!-- This site is optimized with the Yoast SEO plugin v27.5 - https:\/\/yoast.com\/product\/yoast-seo-wordpress\/ -->\n<title>Christa Dickenson, nouvelle directrice g\u00e9n\u00e9rale de T\u00e9l\u00e9film - Industrie Audiovisuelle Canadienne<\/title>\n<meta name=\"description\" content=\"Christa Dickenson a \u00e9t\u00e9 nomm\u00e9e au poste de directrice g\u00e9n\u00e9rale de T\u00e9l\u00e9film Canada, tel qu&#039;annonc\u00e9 par le minist\u00e8re du Patrimoine canadien. Le mandat de\" \/>\n<meta name=\"robots\" content=\"noindex, follow, max-snippet:-1, max-image-preview:large, max-video-preview:-1\" \/>\n<meta property=\"og:locale\" content=\"fr_CA\" \/>\n<meta property=\"og:type\" content=\"article\" \/>\n<meta property=\"og:title\" content=\"Christa Dickenson, nouvelle directrice g\u00e9n\u00e9rale de T\u00e9l\u00e9film - Industrie Audiovisuelle Canadienne\" \/>\n<meta property=\"og:description\" content=\"Christa Dickenson a \u00e9t\u00e9 nomm\u00e9e au poste de directrice g\u00e9n\u00e9rale de T\u00e9l\u00e9film Canada, tel qu&#039;annonc\u00e9 par le minist\u00e8re du Patrimoine canadien. Le mandat de\" \/>\n<meta property=\"og:url\" content=\"https:\/\/stage.rdvcanada.ca\/fr\/pleins-feux\/telefilm-canada-accueille-christa-dickenson-au-poste-de-directrice-generale\/\" \/>\n<meta property=\"og:site_name\" content=\"RDVCanada.ca\" \/>\n<meta property=\"article:publisher\" content=\"https:\/\/www.facebook.com\/telefilmcanada\" \/>\n<meta property=\"article:published_time\" content=\"2018-08-22T18:42:09+00:00\" \/>\n<meta property=\"article:modified_time\" content=\"2018-08-23T15:28:50+00:00\" \/>\n<meta property=\"og:image\" content=\"https:\/\/stage.rdvcanada.ca\/wp-content\/uploads\/2018\/08\/Christa.jpg\" \/>\n\t<meta property=\"og:image:width\" content=\"1920\" \/>\n\t<meta property=\"og:image:height\" content=\"800\" \/>\n\t<meta property=\"og:image:type\" content=\"image\/jpeg\" \/>\n<meta name=\"author\" content=\"Sandrine Couture\" \/>\n<meta name=\"twitter:card\" content=\"summary_large_image\" \/>\n<meta name=\"twitter:creator\" content=\"@Telefilm_Canada\" \/>\n<meta name=\"twitter:site\" content=\"@Telefilm_Canada\" \/>\n<meta name=\"twitter:label1\" content=\"\u00c9crit par\" \/>\n\t<meta name=\"twitter:data1\" content=\"Sandrine Couture\" \/>\n\t<meta name=\"twitter:label2\" content=\"Estimation du temps de lecture\" \/>\n\t<meta name=\"twitter:data2\" content=\"2 minutes\" \/>\n<script type=\"application\/ld+json\" class=\"yoast-schema-graph\">{\n\t    \"@context\": \"https:\\\/\\\/schema.org\",\n\t    \"@graph\": [\n\t        {\n\t            \"@type\": \"Article\",\n\t            \"@id\": \"https:\\\/\\\/stage.rdvcanada.ca\\\/fr\\\/pleins-feux\\\/telefilm-canada-accueille-christa-dickenson-au-poste-de-directrice-generale\\\/#article\",\n\t            \"isPartOf\": {\n\t                \"@id\": \"https:\\\/\\\/stage.rdvcanada.ca\\\/fr\\\/pleins-feux\\\/telefilm-canada-accueille-christa-dickenson-au-poste-de-directrice-generale\\\/\"\n\t            },\n\t            \"author\": {\n\t                \"name\": \"Sandrine Couture\",\n\t                \"@id\": \"https:\\\/\\\/stage.rdvcanada.ca\\\/en\\\/#\\\/schema\\\/person\\\/854b83df133706ec69e3612f46d84934\"\n\t            },\n\t            \"headline\": \"Christa Dickenson, nouvelle directrice g\u00e9n\u00e9rale de T\u00e9l\u00e9film\",\n\t            \"datePublished\": \"2018-08-22T18:42:09+00:00\",\n\t            \"dateModified\": \"2018-08-23T15:28:50+00:00\",\n\t            \"mainEntityOfPage\": {\n\t                \"@id\": \"https:\\\/\\\/stage.rdvcanada.ca\\\/fr\\\/pleins-feux\\\/telefilm-canada-accueille-christa-dickenson-au-poste-de-directrice-generale\\\/\"\n\t            },\n\t            \"wordCount\": 473,\n\t            \"image\": {\n\t                \"@id\": \"https:\\\/\\\/stage.rdvcanada.ca\\\/fr\\\/pleins-feux\\\/telefilm-canada-accueille-christa-dickenson-au-poste-de-directrice-generale\\\/#primaryimage\"\n\t            },\n\t            \"thumbnailUrl\": \"https:\\\/\\\/stage.rdvcanada.ca\\\/wp-content\\\/uploads\\\/2018\\\/08\\\/Christa.jpg\",\n\t            \"articleSection\": [\n\t                \"Pleins feux\"\n\t            ],\n\t            \"inLanguage\": \"fr-CA\"\n\t        },\n\t        {\n\t            \"@type\": \"WebPage\",\n\t            \"@id\": \"https:\\\/\\\/stage.rdvcanada.ca\\\/fr\\\/pleins-feux\\\/telefilm-canada-accueille-christa-dickenson-au-poste-de-directrice-generale\\\/\",\n\t            \"url\": \"https:\\\/\\\/stage.rdvcanada.ca\\\/fr\\\/pleins-feux\\\/telefilm-canada-accueille-christa-dickenson-au-poste-de-directrice-generale\\\/\",\n\t            \"name\": \"Christa Dickenson, nouvelle directrice g\u00e9n\u00e9rale de T\u00e9l\u00e9film - Industrie Audiovisuelle Canadienne\",\n\t            \"isPartOf\": {\n\t                \"@id\": \"https:\\\/\\\/stage.rdvcanada.ca\\\/en\\\/#website\"\n\t            },\n\t            \"primaryImageOfPage\": {\n\t                \"@id\": \"https:\\\/\\\/stage.rdvcanada.ca\\\/fr\\\/pleins-feux\\\/telefilm-canada-accueille-christa-dickenson-au-poste-de-directrice-generale\\\/#primaryimage\"\n\t            },\n\t            \"image\": {\n\t                \"@id\": \"https:\\\/\\\/stage.rdvcanada.ca\\\/fr\\\/pleins-feux\\\/telefilm-canada-accueille-christa-dickenson-au-poste-de-directrice-generale\\\/#primaryimage\"\n\t            },\n\t            \"thumbnailUrl\": \"https:\\\/\\\/stage.rdvcanada.ca\\\/wp-content\\\/uploads\\\/2018\\\/08\\\/Christa.jpg\",\n\t            \"datePublished\": \"2018-08-22T18:42:09+00:00\",\n\t            \"dateModified\": \"2018-08-23T15:28:50+00:00\",\n\t            \"author\": {\n\t                \"@id\": \"https:\\\/\\\/stage.rdvcanada.ca\\\/en\\\/#\\\/schema\\\/person\\\/854b83df133706ec69e3612f46d84934\"\n\t            },\n\t            \"description\": \"Christa Dickenson a \u00e9t\u00e9 nomm\u00e9e au poste de directrice g\u00e9n\u00e9rale de T\u00e9l\u00e9film Canada, tel qu'annonc\u00e9 par le minist\u00e8re du Patrimoine canadien. Le mandat de\",\n\t            \"breadcrumb\": {\n\t                \"@id\": \"https:\\\/\\\/stage.rdvcanada.ca\\\/fr\\\/pleins-feux\\\/telefilm-canada-accueille-christa-dickenson-au-poste-de-directrice-generale\\\/#breadcrumb\"\n\t            },\n\t            \"inLanguage\": \"fr-CA\",\n\t            \"potentialAction\": [\n\t                {\n\t                    \"@type\": \"ReadAction\",\n\t                    \"target\": [\n\t                        \"https:\\\/\\\/stage.rdvcanada.ca\\\/fr\\\/pleins-feux\\\/telefilm-canada-accueille-christa-dickenson-au-poste-de-directrice-generale\\\/\"\n\t                    ]\n\t                }\n\t            ]\n\t        },\n\t        {\n\t            \"@type\": \"ImageObject\",\n\t            \"inLanguage\": \"fr-CA\",\n\t            \"@id\": \"https:\\\/\\\/stage.rdvcanada.ca\\\/fr\\\/pleins-feux\\\/telefilm-canada-accueille-christa-dickenson-au-poste-de-directrice-generale\\\/#primaryimage\",\n\t            \"url\": \"https:\\\/\\\/stage.rdvcanada.ca\\\/wp-content\\\/uploads\\\/2018\\\/08\\\/Christa.jpg\",\n\t            \"contentUrl\": \"https:\\\/\\\/stage.rdvcanada.ca\\\/wp-content\\\/uploads\\\/2018\\\/08\\\/Christa.jpg\",\n\t            \"width\": 1920,\n\t            \"height\": 800\n\t        },\n\t        {\n\t            \"@type\": \"BreadcrumbList\",\n\t            \"@id\": \"https:\\\/\\\/stage.rdvcanada.ca\\\/fr\\\/pleins-feux\\\/telefilm-canada-accueille-christa-dickenson-au-poste-de-directrice-generale\\\/#breadcrumb\",\n\t            \"itemListElement\": [\n\t                {\n\t                    \"@type\": \"ListItem\",\n\t                    \"position\": 1,\n\t                    \"name\": \"Home\",\n\t                    \"item\": \"https:\\\/\\\/stage.rdvcanada.ca\\\/en\\\/\"\n\t                },\n\t                {\n\t                    \"@type\": \"ListItem\",\n\t                    \"position\": 2,\n\t                    \"name\": \"Christa Dickenson, nouvelle directrice g\u00e9n\u00e9rale de T\u00e9l\u00e9film\"\n\t                }\n\t            ]\n\t        },\n\t        {\n\t            \"@type\": \"WebSite\",\n\t            \"@id\": \"https:\\\/\\\/stage.rdvcanada.ca\\\/en\\\/#website\",\n\t            \"url\": \"https:\\\/\\\/stage.rdvcanada.ca\\\/en\\\/\",\n\t            \"name\": \"RDVCanada.ca\",\n\t            \"description\": \"VOIR GRAND. D\u00e9couvrez le meilleur du talent Canadien \u00e0 travers le monde.\",\n\t            \"potentialAction\": [\n\t                {\n\t                    \"@type\": \"SearchAction\",\n\t                    \"target\": {\n\t                        \"@type\": \"EntryPoint\",\n\t                        \"urlTemplate\": \"https:\\\/\\\/stage.rdvcanada.ca\\\/en\\\/?s={search_term_string}\"\n\t                    },\n\t                    \"query-input\": {\n\t                        \"@type\": \"PropertyValueSpecification\",\n\t                        \"valueRequired\": true,\n\t                        \"valueName\": \"search_term_string\"\n\t                    }\n\t                }\n\t            ],\n\t            \"inLanguage\": \"fr-CA\"\n\t        },\n\t        {\n\t            \"@type\": \"Person\",\n\t            \"@id\": \"https:\\\/\\\/stage.rdvcanada.ca\\\/en\\\/#\\\/schema\\\/person\\\/854b83df133706ec69e3612f46d84934\",\n\t            \"name\": \"Sandrine Couture\"\n\t        }\n\t    ]\n\t}<\/script>\n<!-- \/ Yoast SEO plugin. -->","yoast_head_json":{"title":"Christa Dickenson, nouvelle directrice g\u00e9n\u00e9rale de T\u00e9l\u00e9film - Industrie Audiovisuelle Canadienne","description":"Christa Dickenson a \u00e9t\u00e9 nomm\u00e9e au poste de directrice g\u00e9n\u00e9rale de T\u00e9l\u00e9film Canada, tel qu'annonc\u00e9 par le minist\u00e8re du Patrimoine canadien. Le mandat de","robots":{"index":"noindex","follow":"follow","max-snippet":"max-snippet:-1","max-image-preview":"max-image-preview:large","max-video-preview":"max-video-preview:-1"},"og_locale":"fr_CA","og_type":"article","og_title":"Christa Dickenson, nouvelle directrice g\u00e9n\u00e9rale de T\u00e9l\u00e9film - Industrie Audiovisuelle Canadienne","og_description":"Christa Dickenson a \u00e9t\u00e9 nomm\u00e9e au poste de directrice g\u00e9n\u00e9rale de T\u00e9l\u00e9film Canada, tel qu'annonc\u00e9 par le minist\u00e8re du Patrimoine canadien. Le mandat de","og_url":"https:\/\/stage.rdvcanada.ca\/fr\/pleins-feux\/telefilm-canada-accueille-christa-dickenson-au-poste-de-directrice-generale\/","og_site_name":"RDVCanada.ca","article_publisher":"https:\/\/www.facebook.com\/telefilmcanada","article_published_time":"2018-08-22T18:42:09+00:00","article_modified_time":"2018-08-23T15:28:50+00:00","og_image":[{"width":1920,"height":800,"url":"https:\/\/stage.rdvcanada.ca\/wp-content\/uploads\/2018\/08\/Christa.jpg","type":"image\/jpeg"}],"author":"Sandrine Couture","twitter_card":"summary_large_image","twitter_creator":"@Telefilm_Canada","twitter_site":"@Telefilm_Canada","twitter_misc":{"\u00c9crit par":"Sandrine Couture","Estimation du temps de lecture":"2 minutes"},"schema":{"@context":"https:\/\/schema.org","@graph":[{"@type":"Article","@id":"https:\/\/stage.rdvcanada.ca\/fr\/pleins-feux\/telefilm-canada-accueille-christa-dickenson-au-poste-de-directrice-generale\/#article","isPartOf":{"@id":"https:\/\/stage.rdvcanada.ca\/fr\/pleins-feux\/telefilm-canada-accueille-christa-dickenson-au-poste-de-directrice-generale\/"},"author":{"name":"Sandrine Couture","@id":"https:\/\/stage.rdvcanada.ca\/en\/#\/schema\/person\/854b83df133706ec69e3612f46d84934"},"headline":"Christa Dickenson, nouvelle directrice g\u00e9n\u00e9rale de T\u00e9l\u00e9film","datePublished":"2018-08-22T18:42:09+00:00","dateModified":"2018-08-23T15:28:50+00:00","mainEntityOfPage":{"@id":"https:\/\/stage.rdvcanada.ca\/fr\/pleins-feux\/telefilm-canada-accueille-christa-dickenson-au-poste-de-directrice-generale\/"},"wordCount":473,"image":{"@id":"https:\/\/stage.rdvcanada.ca\/fr\/pleins-feux\/telefilm-canada-accueille-christa-dickenson-au-poste-de-directrice-generale\/#primaryimage"},"thumbnailUrl":"https:\/\/stage.rdvcanada.ca\/wp-content\/uploads\/2018\/08\/Christa.jpg","articleSection":["Pleins feux"],"inLanguage":"fr-CA"},{"@type":"WebPage","@id":"https:\/\/stage.rdvcanada.ca\/fr\/pleins-feux\/telefilm-canada-accueille-christa-dickenson-au-poste-de-directrice-generale\/","url":"https:\/\/stage.rdvcanada.ca\/fr\/pleins-feux\/telefilm-canada-accueille-christa-dickenson-au-poste-de-directrice-generale\/","name":"Christa Dickenson, nouvelle directrice g\u00e9n\u00e9rale de T\u00e9l\u00e9film - Industrie Audiovisuelle Canadienne","isPartOf":{"@id":"https:\/\/stage.rdvcanada.ca\/en\/#website"},"primaryImageOfPage":{"@id":"https:\/\/stage.rdvcanada.ca\/fr\/pleins-feux\/telefilm-canada-accueille-christa-dickenson-au-poste-de-directrice-generale\/#primaryimage"},"image":{"@id":"https:\/\/stage.rdvcanada.ca\/fr\/pleins-feux\/telefilm-canada-accueille-christa-dickenson-au-poste-de-directrice-generale\/#primaryimage"},"thumbnailUrl":"https:\/\/stage.rdvcanada.ca\/wp-content\/uploads\/2018\/08\/Christa.jpg","datePublished":"2018-08-22T18:42:09+00:00","dateModified":"2018-08-23T15:28:50+00:00","author":{"@id":"https:\/\/stage.rdvcanada.ca\/en\/#\/schema\/person\/854b83df133706ec69e3612f46d84934"},"description":"Christa Dickenson a \u00e9t\u00e9 nomm\u00e9e au poste de directrice g\u00e9n\u00e9rale de T\u00e9l\u00e9film Canada, tel qu'annonc\u00e9 par le minist\u00e8re du Patrimoine canadien. Le mandat de","breadcrumb":{"@id":"https:\/\/stage.rdvcanada.ca\/fr\/pleins-feux\/telefilm-canada-accueille-christa-dickenson-au-poste-de-directrice-generale\/#breadcrumb"},"inLanguage":"fr-CA","potentialAction":[{"@type":"ReadAction","target":["https:\/\/stage.rdvcanada.ca\/fr\/pleins-feux\/telefilm-canada-accueille-christa-dickenson-au-poste-de-directrice-generale\/"]}]},{"@type":"ImageObject","inLanguage":"fr-CA","@id":"https:\/\/stage.rdvcanada.ca\/fr\/pleins-feux\/telefilm-canada-accueille-christa-dickenson-au-poste-de-directrice-generale\/#primaryimage","url":"https:\/\/stage.rdvcanada.ca\/wp-content\/uploads\/2018\/08\/Christa.jpg","contentUrl":"https:\/\/stage.rdvcanada.ca\/wp-content\/uploads\/2018\/08\/Christa.jpg","width":1920,"height":800},{"@type":"BreadcrumbList","@id":"https:\/\/stage.rdvcanada.ca\/fr\/pleins-feux\/telefilm-canada-accueille-christa-dickenson-au-poste-de-directrice-generale\/#breadcrumb","itemListElement":[{"@type":"ListItem","position":1,"name":"Home","item":"https:\/\/stage.rdvcanada.ca\/en\/"},{"@type":"ListItem","position":2,"name":"Christa Dickenson, nouvelle directrice g\u00e9n\u00e9rale de T\u00e9l\u00e9film"}]},{"@type":"WebSite","@id":"https:\/\/stage.rdvcanada.ca\/en\/#website","url":"https:\/\/stage.rdvcanada.ca\/en\/","name":"RDVCanada.ca","description":"VOIR GRAND. D\u00e9couvrez le meilleur du talent Canadien \u00e0 travers le monde.","potentialAction":[{"@type":"SearchAction","target":{"@type":"EntryPoint","urlTemplate":"https:\/\/stage.rdvcanada.ca\/en\/?s={search_term_string}"},"query-input":{"@type":"PropertyValueSpecification","valueRequired":true,"valueName":"search_term_string"}}],"inLanguage":"fr-CA"},{"@type":"Person","@id":"https:\/\/stage.rdvcanada.ca\/en\/#\/schema\/person\/854b83df133706ec69e3612f46d84934","name":"Sandrine Couture"}]}},"_links":{"self":[{"href":"https:\/\/stage.rdvcanada.ca\/fr\/wp-json\/wp\/v2\/posts\/13199","targetHints":{"allow":["GET"]}}],"collection":[{"href":"https:\/\/stage.rdvcanada.ca\/fr\/wp-json\/wp\/v2\/posts"}],"about":[{"href":"https:\/\/stage.rdvcanada.ca\/fr\/wp-json\/wp\/v2\/types\/post"}],"author":[{"embeddable":true,"href":"https:\/\/stage.rdvcanada.ca\/fr\/wp-json\/wp\/v2\/users\/150"}],"replies":[{"embeddable":true,"href":"https:\/\/stage.rdvcanada.ca\/fr\/wp-json\/wp\/v2\/comments?post=13199"}],"version-history":[{"count":0,"href":"https:\/\/stage.rdvcanada.ca\/fr\/wp-json\/wp\/v2\/posts\/13199\/revisions"}],"wp:featuredmedia":[{"embeddable":true,"href":"https:\/\/stage.rdvcanada.ca\/fr\/wp-json\/wp\/v2\/media\/13194"}],"wp:attachment":[{"href":"https:\/\/stage.rdvcanada.ca\/fr\/wp-json\/wp\/v2\/media?parent=13199"}],"wp:term":[{"taxonomy":"category","embeddable":true,"href":"https:\/\/stage.rdvcanada.ca\/fr\/wp-json\/wp\/v2\/categories?post=13199"},{"taxonomy":"post_tag","embeddable":true,"href":"https:\/\/stage.rdvcanada.ca\/fr\/wp-json\/wp\/v2\/tags?post=13199"}],"curies":[{"name":"wp","href":"https:\/\/api.w.org\/{rel}","templated":true}]}}