{"id":17032,"date":"2018-09-26T15:21:20","date_gmt":"2018-09-26T19:21:20","guid":{"rendered":"https:\/\/stage.rdvcanada.ca\/evenements\/canadas-oscar-pick\/"},"modified":"2018-09-27T14:13:07","modified_gmt":"2018-09-27T18:13:07","slug":"le-choix-du-canada-dans-la-course-pour-loscar","status":"publish","type":"post","link":"https:\/\/stage.rdvcanada.ca\/fr\/pleins-feux\/le-choix-du-canada-dans-la-course-pour-loscar\/","title":{"rendered":"Le choix du Canada dans la course pour l\u2019Oscar!"},"content":{"rendered":"\t\t<div data-elementor-type=\"wp-post\" data-elementor-id=\"17032\" class=\"elementor elementor-17032 elementor-17010 elementor-bc-flex-widget\" data-elementor-post-type=\"post\">\n\t\t\t\t\t\t<section class=\"elementor-section elementor-top-section elementor-element elementor-element-27ab20f4 elementor-section-boxed elementor-section-height-default elementor-section-height-default\" data-id=\"27ab20f4\" data-element_type=\"section\" data-e-type=\"section\">\n\t\t\t\t\t\t<div class=\"elementor-container elementor-column-gap-default\">\n\t\t\t\t\t<div class=\"elementor-column elementor-col-100 elementor-top-column elementor-element elementor-element-56706547\" data-id=\"56706547\" data-element_type=\"column\" data-e-type=\"column\">\n\t\t\t<div class=\"elementor-widget-wrap\">\n\t\t\t\t\t\t\t<\/div>\n\t\t<\/div>\n\t\t\t\t\t<\/div>\n\t\t<\/section>\n\t\t\t\t<section class=\"elementor-section elementor-top-section elementor-element elementor-element-2d24d157 elementor-section-boxed elementor-section-height-default elementor-section-height-default\" data-id=\"2d24d157\" data-element_type=\"section\" data-e-type=\"section\">\n\t\t\t\t\t\t<div class=\"elementor-container elementor-column-gap-default\">\n\t\t\t\t\t<div class=\"elementor-column elementor-col-100 elementor-top-column elementor-element elementor-element-649c46a5\" data-id=\"649c46a5\" data-element_type=\"column\" data-e-type=\"column\">\n\t\t\t<div class=\"elementor-widget-wrap elementor-element-populated\">\n\t\t\t\t\t\t<div class=\"elementor-element elementor-element-3e2ae015 elementor-widget elementor-widget-text-editor\" data-id=\"3e2ae015\" data-element_type=\"widget\" data-e-type=\"widget\" data-widget_type=\"text-editor.default\">\n\t\t\t\t<div class=\"elementor-widget-container\">\n\t\t\t\t\t\t\t\t\t<p>Le talent \u00e9mergent canadien fait d\u00e9j\u00e0 des vagues! En effet, le film s\u00e9lectionn\u00e9 cette ann\u00e9e pour repr\u00e9senter le Canada dans la course pour l\u2019Oscar du Meilleur film en langue \u00e9trang\u00e8re est le premier long m\u00e9trage d\u2019une cin\u00e9aste du Qu\u00e9bec. <u><a href=\"https:\/\/telefilm.ca\/fr\/communiques-de-presse\/chien-de-garde-de-sophie-dupuis-representera-le-canada-dans-la-course-pour-loscar-du-meilleur-film-en-langue-etrangere-2019\">Le film s\u00e9lectionn\u00e9 par les membres du comit\u00e9 de s\u00e9lection pancanadien<\/a><\/u> est <em>Chien de gard<\/em><em>e<\/em> de Sophie Dupuis.<\/p><p>Distribu\u00e9 par Axia Films, produit par Bravo Charlie et financ\u00e9 notamment par T\u00e9l\u00e9film Canada, ce long m\u00e9trage en langue fran\u00e7aise se d\u00e9roule \u00e0 Verdun, dans la grande r\u00e9gion de Montr\u00e9al, et raconte l\u2019histoire de JP (jou\u00e9 par Jean-Simon Leduc), qui jongle avec les besoins de sa famille, son travail et le cartel de drogue de son oncle.<\/p><p>\u00catre en nomination dans la s\u00e9lection officielle des Oscars est la prochaine \u00e9tape pour cette histoire de succ\u00e8s cin\u00e9matographique, une r\u00e9ussite d\u2019autant plus spectaculaire quand on pense que <em>Chien de garde<\/em> est le tout premier long m\u00e9trage de Sophie Dupuis! (Avant <em>Chien de garde,<\/em> la cin\u00e9aste n\u00e9e \u00e0 Val-d\u2019Or au Qu\u00e9bec, qui vit maintenant \u00e0 Montr\u00e9al, a r\u00e9alis\u00e9 le court m\u00e9trage documentaire <em>Forces tranquilles<\/em>, ainsi que quelques courts m\u00e9trages de fiction.)<\/p><p>En plus de Jean-Simon Leduc, le film met en sc\u00e8ne un formidable \u00e9ventail de talents canadiens, dont Maude Gu\u00e9rin, Claudel Laberge, Paul Ahmarani et Th\u00e9odore Pellerin (qui incarne Vincent, le fr\u00e8re de JP). Pr\u00e9sent\u00e9 dans le circuit des festivals internationaux, <em>Chien de garde<\/em> a remport\u00e9 \u00e0 ce jour trois prix Iris lors du Gala Qu\u00e9bec Cin\u00e9ma, soit le prix du Meilleur montage, le prix de la Meilleure interpr\u00e9tation f\u00e9minine dans un premier r\u00f4le pour Maude Gu\u00e9rin et le prix R\u00e9v\u00e9lation de l\u2019ann\u00e9e pour Th\u00e9odore Pellerin, qui a jou\u00e9 notamment dans le film de Xavier Dolan <em>Juste la fin du monde <\/em>en 2016. Th\u00e9odore tourne actuellement une nouvelle s\u00e9rie intitul\u00e9e <em>On Becoming a God in Central Florida<\/em>, qui met \u00e9galement en vedette Kirsten Dunst.<\/p><p><em>Chien de garde <\/em>se rendra-t-il jusqu\u2019\u00e0 la s\u00e9lection officielle de la 91<sup>e<\/sup>\u00a0c\u00e9r\u00e9monie des Oscars qui se tiendra le 24\u00a0f\u00e9vrier\u00a02019? Restez \u00e0 l\u2019aff\u00fbt pour conna\u00eetre les derni\u00e8res nouvelles et, en attendant, regardez les meilleurs moments de la conf\u00e9rence de presse.<\/p>\t\t\t\t\t\t\t\t<\/div>\n\t\t\t\t<\/div>\n\t\t\t\t\t<\/div>\n\t\t<\/div>\n\t\t\t\t\t<\/div>\n\t\t<\/section>\n\t\t\t\t<section class=\"elementor-section elementor-top-section elementor-element elementor-element-1006ce6f elementor-section-boxed elementor-section-height-default elementor-section-height-default\" data-id=\"1006ce6f\" data-element_type=\"section\" data-e-type=\"section\">\n\t\t\t\t\t\t<div class=\"elementor-container elementor-column-gap-default\">\n\t\t\t\t\t<div class=\"elementor-column elementor-col-100 elementor-top-column elementor-element elementor-element-1c9bacf2\" data-id=\"1c9bacf2\" data-element_type=\"column\" data-e-type=\"column\">\n\t\t\t<div class=\"elementor-widget-wrap elementor-element-populated\">\n\t\t\t\t\t\t<div class=\"elementor-element elementor-element-6cec70eb gallery-spacing-custom elementor-widget elementor-widget-image-gallery\" data-id=\"6cec70eb\" data-element_type=\"widget\" data-e-type=\"widget\" data-widget_type=\"image-gallery.default\">\n\t\t\t\t<div class=\"elementor-widget-container\">\n\t\t\t\t\t\t\t<div class=\"elementor-image-gallery\">\n\t\t\t<div id='gallery-1' class='gallery galleryid-17032 gallery-columns-3 gallery-size-medium_large'><figure class='gallery-item'>\n\t\t\t<div class='gallery-icon landscape'>\n\t\t\t\t<a  href='https:\/\/stage.rdvcanada.ca\/wp-content\/uploads\/2018\/09\/42111143_1934671389923995_802628962697084928_n.jpg'><img fetchpriority=\"high\" width=\"768\" height=\"512\" src=\"https:\/\/stage.rdvcanada.ca\/wp-content\/uploads\/2018\/09\/42111143_1934671389923995_802628962697084928_n-768x512.jpg\" class=\"attachment-medium_large size-medium_large\" alt=\"\" decoding=\"async\" srcset=\"https:\/\/stage.rdvcanada.ca\/wp-content\/uploads\/2018\/09\/42111143_1934671389923995_802628962697084928_n-768x512.jpg 768w, https:\/\/stage.rdvcanada.ca\/wp-content\/uploads\/2018\/09\/42111143_1934671389923995_802628962697084928_n-648x432.jpg 648w, https:\/\/stage.rdvcanada.ca\/wp-content\/uploads\/2018\/09\/42111143_1934671389923995_802628962697084928_n.jpg 864w\" sizes=\"(max-width: 768px) 100vw, 768px\" \/><\/a>\n\t\t\t<\/div><\/figure><figure class='gallery-item'>\n\t\t\t<div class='gallery-icon landscape'>\n\t\t\t\t<a  href='https:\/\/stage.rdvcanada.ca\/wp-content\/uploads\/2018\/09\/42195025_1934671379923996_3541450545598300160_n.jpg'><img width=\"768\" height=\"512\" src=\"https:\/\/stage.rdvcanada.ca\/wp-content\/uploads\/2018\/09\/42195025_1934671379923996_3541450545598300160_n-768x512.jpg\" class=\"attachment-medium_large size-medium_large\" alt=\"\" decoding=\"async\" srcset=\"https:\/\/stage.rdvcanada.ca\/wp-content\/uploads\/2018\/09\/42195025_1934671379923996_3541450545598300160_n-768x512.jpg 768w, https:\/\/stage.rdvcanada.ca\/wp-content\/uploads\/2018\/09\/42195025_1934671379923996_3541450545598300160_n-648x432.jpg 648w, https:\/\/stage.rdvcanada.ca\/wp-content\/uploads\/2018\/09\/42195025_1934671379923996_3541450545598300160_n.jpg 864w\" sizes=\"(max-width: 768px) 100vw, 768px\" loading=\"lazy\" \/><\/a>\n\t\t\t<\/div><\/figure><figure class='gallery-item'>\n\t\t\t<div class='gallery-icon landscape'>\n\t\t\t\t<a  href='https:\/\/stage.rdvcanada.ca\/wp-content\/uploads\/2018\/09\/42229178_1934671536590647_6868394614659743744_n.jpg'><img width=\"768\" height=\"512\" src=\"https:\/\/stage.rdvcanada.ca\/wp-content\/uploads\/2018\/09\/42229178_1934671536590647_6868394614659743744_n-768x512.jpg\" class=\"attachment-medium_large size-medium_large\" alt=\"\" decoding=\"async\" srcset=\"https:\/\/stage.rdvcanada.ca\/wp-content\/uploads\/2018\/09\/42229178_1934671536590647_6868394614659743744_n-768x512.jpg 768w, https:\/\/stage.rdvcanada.ca\/wp-content\/uploads\/2018\/09\/42229178_1934671536590647_6868394614659743744_n-648x432.jpg 648w, https:\/\/stage.rdvcanada.ca\/wp-content\/uploads\/2018\/09\/42229178_1934671536590647_6868394614659743744_n.jpg 864w\" sizes=\"(max-width: 768px) 100vw, 768px\" loading=\"lazy\" \/><\/a>\n\t\t\t<\/div><\/figure><figure class='gallery-item'>\n\t\t\t<div class='gallery-icon landscape'>\n\t\t\t\t<a  href='https:\/\/stage.rdvcanada.ca\/wp-content\/uploads\/2018\/09\/41939050_1934671096590691_3430521642105700352_n.jpg'><img loading=\"lazy\" width=\"768\" height=\"512\" src=\"https:\/\/stage.rdvcanada.ca\/wp-content\/uploads\/2018\/09\/41939050_1934671096590691_3430521642105700352_n-768x512.jpg\" class=\"attachment-medium_large size-medium_large\" alt=\"\" decoding=\"async\" srcset=\"https:\/\/stage.rdvcanada.ca\/wp-content\/uploads\/2018\/09\/41939050_1934671096590691_3430521642105700352_n-768x512.jpg 768w, https:\/\/stage.rdvcanada.ca\/wp-content\/uploads\/2018\/09\/41939050_1934671096590691_3430521642105700352_n-648x432.jpg 648w, https:\/\/stage.rdvcanada.ca\/wp-content\/uploads\/2018\/09\/41939050_1934671096590691_3430521642105700352_n.jpg 864w\" sizes=\"(max-width: 768px) 100vw, 768px\" \/><\/a>\n\t\t\t<\/div><\/figure><figure class='gallery-item'>\n\t\t\t<div class='gallery-icon landscape'>\n\t\t\t\t<a  href='https:\/\/stage.rdvcanada.ca\/wp-content\/uploads\/2018\/09\/42045424_1934671056590695_2822552236624707584_n.jpg'><img loading=\"lazy\" width=\"768\" height=\"512\" src=\"https:\/\/stage.rdvcanada.ca\/wp-content\/uploads\/2018\/09\/42045424_1934671056590695_2822552236624707584_n-768x512.jpg\" class=\"attachment-medium_large size-medium_large\" alt=\"\" decoding=\"async\" srcset=\"https:\/\/stage.rdvcanada.ca\/wp-content\/uploads\/2018\/09\/42045424_1934671056590695_2822552236624707584_n-768x512.jpg 768w, https:\/\/stage.rdvcanada.ca\/wp-content\/uploads\/2018\/09\/42045424_1934671056590695_2822552236624707584_n-648x432.jpg 648w, https:\/\/stage.rdvcanada.ca\/wp-content\/uploads\/2018\/09\/42045424_1934671056590695_2822552236624707584_n.jpg 864w\" sizes=\"(max-width: 768px) 100vw, 768px\" \/><\/a>\n\t\t\t<\/div><\/figure><figure class='gallery-item'>\n\t\t\t<div class='gallery-icon landscape'>\n\t\t\t\t<a  href='https:\/\/stage.rdvcanada.ca\/wp-content\/uploads\/2018\/09\/42223275_1934671363257331_4476600299011702784_n.jpg'><img loading=\"lazy\" width=\"768\" height=\"512\" src=\"https:\/\/stage.rdvcanada.ca\/wp-content\/uploads\/2018\/09\/42223275_1934671363257331_4476600299011702784_n-768x512.jpg\" class=\"attachment-medium_large size-medium_large\" alt=\"\" decoding=\"async\" srcset=\"https:\/\/stage.rdvcanada.ca\/wp-content\/uploads\/2018\/09\/42223275_1934671363257331_4476600299011702784_n-768x512.jpg 768w, https:\/\/stage.rdvcanada.ca\/wp-content\/uploads\/2018\/09\/42223275_1934671363257331_4476600299011702784_n-648x432.jpg 648w, https:\/\/stage.rdvcanada.ca\/wp-content\/uploads\/2018\/09\/42223275_1934671363257331_4476600299011702784_n.jpg 864w\" sizes=\"(max-width: 768px) 100vw, 768px\" \/><\/a>\n\t\t\t<\/div><\/figure>\n\t\t<\/div>\n\t\t<\/div>\n\t\t\t\t\t\t<\/div>\n\t\t\t\t<\/div>\n\t\t\t\t\t<\/div>\n\t\t<\/div>\n\t\t\t\t\t<\/div>\n\t\t<\/section>\n\t\t\t\t<section class=\"elementor-section elementor-top-section elementor-element elementor-element-716cae72 elementor-section-boxed elementor-section-height-default elementor-section-height-default\" data-id=\"716cae72\" data-element_type=\"section\" data-e-type=\"section\">\n\t\t\t\t\t\t<div class=\"elementor-container elementor-column-gap-default\">\n\t\t\t\t\t<div class=\"elementor-column elementor-col-100 elementor-top-column elementor-element elementor-element-69a136d4\" data-id=\"69a136d4\" data-element_type=\"column\" data-e-type=\"column\">\n\t\t\t<div class=\"elementor-widget-wrap elementor-element-populated\">\n\t\t\t\t\t\t<div class=\"elementor-element elementor-element-2174463 elementor-widget elementor-widget-spacer\" data-id=\"2174463\" data-element_type=\"widget\" data-e-type=\"widget\" data-widget_type=\"spacer.default\">\n\t\t\t\t<div class=\"elementor-widget-container\">\n\t\t\t\t\t\t\t<div class=\"elementor-spacer\">\n\t\t\t<div class=\"elementor-spacer-inner\"><\/div>\n\t\t<\/div>\n\t\t\t\t\t\t<\/div>\n\t\t\t\t<\/div>\n\t\t\t\t\t<\/div>\n\t\t<\/div>\n\t\t\t\t\t<\/div>\n\t\t<\/section>\n\t\t\t\t<\/div>\n\t\t","protected":false},"excerpt":{"rendered":"<p>Le talent \u00e9mergent canadien fait d\u00e9j\u00e0 des vagues! En effet,&#8230;<\/p>\n","protected":false},"author":150,"featured_media":17054,"comment_status":"closed","ping_status":"open","sticky":false,"template":"","format":"standard","meta":{"_acf_changed":false,"_crdt_document":"","footnotes":""},"categories":[333],"tags":[],"class_list":["post-17032","post","type-post","status-publish","format-standard","has-post-thumbnail","hentry","category-pleins-feux"],"acf":[],"yoast_head":"<!-- This site is optimized with the Yoast SEO plugin v27.5 - https:\/\/yoast.com\/product\/yoast-seo-wordpress\/ -->\n<title>Le choix du Canada dans la course pour l\u2019Oscar! - Industrie Audiovisuelle Canadienne<\/title>\n<meta name=\"description\" content=\"Le talent \u00e9mergent canadien fait d\u00e9j\u00e0 des vagues! En effet, le film s\u00e9lectionn\u00e9 cette ann\u00e9e pour repr\u00e9senter le Canada dans la course pour l\u2019Oscar du\" \/>\n<meta name=\"robots\" content=\"noindex, follow, max-snippet:-1, max-image-preview:large, max-video-preview:-1\" \/>\n<meta property=\"og:locale\" content=\"fr_CA\" \/>\n<meta property=\"og:type\" content=\"article\" \/>\n<meta property=\"og:title\" content=\"Le choix du Canada dans la course pour l\u2019Oscar! - Industrie Audiovisuelle Canadienne\" \/>\n<meta property=\"og:description\" content=\"Le talent \u00e9mergent canadien fait d\u00e9j\u00e0 des vagues! En effet, le film s\u00e9lectionn\u00e9 cette ann\u00e9e pour repr\u00e9senter le Canada dans la course pour l\u2019Oscar du\" \/>\n<meta property=\"og:url\" content=\"https:\/\/stage.rdvcanada.ca\/fr\/pleins-feux\/le-choix-du-canada-dans-la-course-pour-loscar\/\" \/>\n<meta property=\"og:site_name\" content=\"RDVCanada.ca\" \/>\n<meta property=\"article:publisher\" content=\"https:\/\/www.facebook.com\/telefilmcanada\" \/>\n<meta property=\"article:published_time\" content=\"2018-09-26T19:21:20+00:00\" \/>\n<meta property=\"article:modified_time\" content=\"2018-09-27T18:13:07+00:00\" \/>\n<meta property=\"og:image\" content=\"https:\/\/stage.rdvcanada.ca\/wp-content\/uploads\/2018\/09\/Oscars-BG2.jpg\" \/>\n\t<meta property=\"og:image:width\" content=\"1920\" \/>\n\t<meta property=\"og:image:height\" content=\"800\" \/>\n\t<meta property=\"og:image:type\" content=\"image\/jpeg\" \/>\n<meta name=\"author\" content=\"Sandrine Couture\" \/>\n<meta name=\"twitter:card\" content=\"summary_large_image\" \/>\n<meta name=\"twitter:creator\" content=\"@Telefilm_Canada\" \/>\n<meta name=\"twitter:site\" content=\"@Telefilm_Canada\" \/>\n<meta name=\"twitter:label1\" content=\"\u00c9crit par\" \/>\n\t<meta name=\"twitter:data1\" content=\"Sandrine Couture\" \/>\n\t<meta name=\"twitter:label2\" content=\"Estimation du temps de lecture\" \/>\n\t<meta name=\"twitter:data2\" content=\"2 minutes\" \/>\n<script type=\"application\/ld+json\" class=\"yoast-schema-graph\">{\n\t    \"@context\": \"https:\\\/\\\/schema.org\",\n\t    \"@graph\": [\n\t        {\n\t            \"@type\": \"Article\",\n\t            \"@id\": \"https:\\\/\\\/stage.rdvcanada.ca\\\/fr\\\/pleins-feux\\\/le-choix-du-canada-dans-la-course-pour-loscar\\\/#article\",\n\t            \"isPartOf\": {\n\t                \"@id\": \"https:\\\/\\\/stage.rdvcanada.ca\\\/fr\\\/pleins-feux\\\/le-choix-du-canada-dans-la-course-pour-loscar\\\/\"\n\t            },\n\t            \"author\": {\n\t                \"name\": \"Sandrine Couture\",\n\t                \"@id\": \"https:\\\/\\\/stage.rdvcanada.ca\\\/en\\\/#\\\/schema\\\/person\\\/854b83df133706ec69e3612f46d84934\"\n\t            },\n\t            \"headline\": \"Le choix du Canada dans la course pour l\u2019Oscar!\",\n\t            \"datePublished\": \"2018-09-26T19:21:20+00:00\",\n\t            \"dateModified\": \"2018-09-27T18:13:07+00:00\",\n\t            \"mainEntityOfPage\": {\n\t                \"@id\": \"https:\\\/\\\/stage.rdvcanada.ca\\\/fr\\\/pleins-feux\\\/le-choix-du-canada-dans-la-course-pour-loscar\\\/\"\n\t            },\n\t            \"wordCount\": 415,\n\t            \"image\": {\n\t                \"@id\": \"https:\\\/\\\/stage.rdvcanada.ca\\\/fr\\\/pleins-feux\\\/le-choix-du-canada-dans-la-course-pour-loscar\\\/#primaryimage\"\n\t            },\n\t            \"thumbnailUrl\": \"https:\\\/\\\/stage.rdvcanada.ca\\\/wp-content\\\/uploads\\\/2018\\\/09\\\/Oscars-BG2.jpg\",\n\t            \"articleSection\": [\n\t                \"Pleins feux\"\n\t            ],\n\t            \"inLanguage\": \"fr-CA\"\n\t        },\n\t        {\n\t            \"@type\": \"WebPage\",\n\t            \"@id\": \"https:\\\/\\\/stage.rdvcanada.ca\\\/fr\\\/pleins-feux\\\/le-choix-du-canada-dans-la-course-pour-loscar\\\/\",\n\t            \"url\": \"https:\\\/\\\/stage.rdvcanada.ca\\\/fr\\\/pleins-feux\\\/le-choix-du-canada-dans-la-course-pour-loscar\\\/\",\n\t            \"name\": \"Le choix du Canada dans la course pour l\u2019Oscar! - Industrie Audiovisuelle Canadienne\",\n\t            \"isPartOf\": {\n\t                \"@id\": \"https:\\\/\\\/stage.rdvcanada.ca\\\/en\\\/#website\"\n\t            },\n\t            \"primaryImageOfPage\": {\n\t                \"@id\": \"https:\\\/\\\/stage.rdvcanada.ca\\\/fr\\\/pleins-feux\\\/le-choix-du-canada-dans-la-course-pour-loscar\\\/#primaryimage\"\n\t            },\n\t            \"image\": {\n\t                \"@id\": \"https:\\\/\\\/stage.rdvcanada.ca\\\/fr\\\/pleins-feux\\\/le-choix-du-canada-dans-la-course-pour-loscar\\\/#primaryimage\"\n\t            },\n\t            \"thumbnailUrl\": \"https:\\\/\\\/stage.rdvcanada.ca\\\/wp-content\\\/uploads\\\/2018\\\/09\\\/Oscars-BG2.jpg\",\n\t            \"datePublished\": \"2018-09-26T19:21:20+00:00\",\n\t            \"dateModified\": \"2018-09-27T18:13:07+00:00\",\n\t            \"author\": {\n\t                \"@id\": \"https:\\\/\\\/stage.rdvcanada.ca\\\/en\\\/#\\\/schema\\\/person\\\/854b83df133706ec69e3612f46d84934\"\n\t            },\n\t            \"description\": \"Le talent \u00e9mergent canadien fait d\u00e9j\u00e0 des vagues! En effet, le film s\u00e9lectionn\u00e9 cette ann\u00e9e pour repr\u00e9senter le Canada dans la course pour l\u2019Oscar du\",\n\t            \"breadcrumb\": {\n\t                \"@id\": \"https:\\\/\\\/stage.rdvcanada.ca\\\/fr\\\/pleins-feux\\\/le-choix-du-canada-dans-la-course-pour-loscar\\\/#breadcrumb\"\n\t            },\n\t            \"inLanguage\": \"fr-CA\",\n\t            \"potentialAction\": [\n\t                {\n\t                    \"@type\": \"ReadAction\",\n\t                    \"target\": [\n\t                        \"https:\\\/\\\/stage.rdvcanada.ca\\\/fr\\\/pleins-feux\\\/le-choix-du-canada-dans-la-course-pour-loscar\\\/\"\n\t                    ]\n\t                }\n\t            ]\n\t        },\n\t        {\n\t            \"@type\": \"ImageObject\",\n\t            \"inLanguage\": \"fr-CA\",\n\t            \"@id\": \"https:\\\/\\\/stage.rdvcanada.ca\\\/fr\\\/pleins-feux\\\/le-choix-du-canada-dans-la-course-pour-loscar\\\/#primaryimage\",\n\t            \"url\": \"https:\\\/\\\/stage.rdvcanada.ca\\\/wp-content\\\/uploads\\\/2018\\\/09\\\/Oscars-BG2.jpg\",\n\t            \"contentUrl\": \"https:\\\/\\\/stage.rdvcanada.ca\\\/wp-content\\\/uploads\\\/2018\\\/09\\\/Oscars-BG2.jpg\",\n\t            \"width\": 1920,\n\t            \"height\": 800\n\t        },\n\t        {\n\t            \"@type\": \"BreadcrumbList\",\n\t            \"@id\": \"https:\\\/\\\/stage.rdvcanada.ca\\\/fr\\\/pleins-feux\\\/le-choix-du-canada-dans-la-course-pour-loscar\\\/#breadcrumb\",\n\t            \"itemListElement\": [\n\t                {\n\t                    \"@type\": \"ListItem\",\n\t                    \"position\": 1,\n\t                    \"name\": \"Home\",\n\t                    \"item\": \"https:\\\/\\\/stage.rdvcanada.ca\\\/en\\\/\"\n\t                },\n\t                {\n\t                    \"@type\": \"ListItem\",\n\t                    \"position\": 2,\n\t                    \"name\": \"Le choix du Canada dans la course pour l\u2019Oscar!\"\n\t                }\n\t            ]\n\t        },\n\t        {\n\t            \"@type\": \"WebSite\",\n\t            \"@id\": \"https:\\\/\\\/stage.rdvcanada.ca\\\/en\\\/#website\",\n\t            \"url\": \"https:\\\/\\\/stage.rdvcanada.ca\\\/en\\\/\",\n\t            \"name\": \"RDVCanada.ca\",\n\t            \"description\": \"VOIR GRAND. D\u00e9couvrez le meilleur du talent Canadien \u00e0 travers le monde.\",\n\t            \"potentialAction\": [\n\t                {\n\t                    \"@type\": \"SearchAction\",\n\t                    \"target\": {\n\t                        \"@type\": \"EntryPoint\",\n\t                        \"urlTemplate\": \"https:\\\/\\\/stage.rdvcanada.ca\\\/en\\\/?s={search_term_string}\"\n\t                    },\n\t                    \"query-input\": {\n\t                        \"@type\": \"PropertyValueSpecification\",\n\t                        \"valueRequired\": true,\n\t                        \"valueName\": \"search_term_string\"\n\t                    }\n\t                }\n\t            ],\n\t            \"inLanguage\": \"fr-CA\"\n\t        },\n\t        {\n\t            \"@type\": \"Person\",\n\t            \"@id\": \"https:\\\/\\\/stage.rdvcanada.ca\\\/en\\\/#\\\/schema\\\/person\\\/854b83df133706ec69e3612f46d84934\",\n\t            \"name\": \"Sandrine Couture\"\n\t        }\n\t    ]\n\t}<\/script>\n<!-- \/ Yoast SEO plugin. -->","yoast_head_json":{"title":"Le choix du Canada dans la course pour l\u2019Oscar! - Industrie Audiovisuelle Canadienne","description":"Le talent \u00e9mergent canadien fait d\u00e9j\u00e0 des vagues! En effet, le film s\u00e9lectionn\u00e9 cette ann\u00e9e pour repr\u00e9senter le Canada dans la course pour l\u2019Oscar du","robots":{"index":"noindex","follow":"follow","max-snippet":"max-snippet:-1","max-image-preview":"max-image-preview:large","max-video-preview":"max-video-preview:-1"},"og_locale":"fr_CA","og_type":"article","og_title":"Le choix du Canada dans la course pour l\u2019Oscar! - Industrie Audiovisuelle Canadienne","og_description":"Le talent \u00e9mergent canadien fait d\u00e9j\u00e0 des vagues! En effet, le film s\u00e9lectionn\u00e9 cette ann\u00e9e pour repr\u00e9senter le Canada dans la course pour l\u2019Oscar du","og_url":"https:\/\/stage.rdvcanada.ca\/fr\/pleins-feux\/le-choix-du-canada-dans-la-course-pour-loscar\/","og_site_name":"RDVCanada.ca","article_publisher":"https:\/\/www.facebook.com\/telefilmcanada","article_published_time":"2018-09-26T19:21:20+00:00","article_modified_time":"2018-09-27T18:13:07+00:00","og_image":[{"width":1920,"height":800,"url":"https:\/\/stage.rdvcanada.ca\/wp-content\/uploads\/2018\/09\/Oscars-BG2.jpg","type":"image\/jpeg"}],"author":"Sandrine Couture","twitter_card":"summary_large_image","twitter_creator":"@Telefilm_Canada","twitter_site":"@Telefilm_Canada","twitter_misc":{"\u00c9crit par":"Sandrine Couture","Estimation du temps de lecture":"2 minutes"},"schema":{"@context":"https:\/\/schema.org","@graph":[{"@type":"Article","@id":"https:\/\/stage.rdvcanada.ca\/fr\/pleins-feux\/le-choix-du-canada-dans-la-course-pour-loscar\/#article","isPartOf":{"@id":"https:\/\/stage.rdvcanada.ca\/fr\/pleins-feux\/le-choix-du-canada-dans-la-course-pour-loscar\/"},"author":{"name":"Sandrine Couture","@id":"https:\/\/stage.rdvcanada.ca\/en\/#\/schema\/person\/854b83df133706ec69e3612f46d84934"},"headline":"Le choix du Canada dans la course pour l\u2019Oscar!","datePublished":"2018-09-26T19:21:20+00:00","dateModified":"2018-09-27T18:13:07+00:00","mainEntityOfPage":{"@id":"https:\/\/stage.rdvcanada.ca\/fr\/pleins-feux\/le-choix-du-canada-dans-la-course-pour-loscar\/"},"wordCount":415,"image":{"@id":"https:\/\/stage.rdvcanada.ca\/fr\/pleins-feux\/le-choix-du-canada-dans-la-course-pour-loscar\/#primaryimage"},"thumbnailUrl":"https:\/\/stage.rdvcanada.ca\/wp-content\/uploads\/2018\/09\/Oscars-BG2.jpg","articleSection":["Pleins feux"],"inLanguage":"fr-CA"},{"@type":"WebPage","@id":"https:\/\/stage.rdvcanada.ca\/fr\/pleins-feux\/le-choix-du-canada-dans-la-course-pour-loscar\/","url":"https:\/\/stage.rdvcanada.ca\/fr\/pleins-feux\/le-choix-du-canada-dans-la-course-pour-loscar\/","name":"Le choix du Canada dans la course pour l\u2019Oscar! - Industrie Audiovisuelle Canadienne","isPartOf":{"@id":"https:\/\/stage.rdvcanada.ca\/en\/#website"},"primaryImageOfPage":{"@id":"https:\/\/stage.rdvcanada.ca\/fr\/pleins-feux\/le-choix-du-canada-dans-la-course-pour-loscar\/#primaryimage"},"image":{"@id":"https:\/\/stage.rdvcanada.ca\/fr\/pleins-feux\/le-choix-du-canada-dans-la-course-pour-loscar\/#primaryimage"},"thumbnailUrl":"https:\/\/stage.rdvcanada.ca\/wp-content\/uploads\/2018\/09\/Oscars-BG2.jpg","datePublished":"2018-09-26T19:21:20+00:00","dateModified":"2018-09-27T18:13:07+00:00","author":{"@id":"https:\/\/stage.rdvcanada.ca\/en\/#\/schema\/person\/854b83df133706ec69e3612f46d84934"},"description":"Le talent \u00e9mergent canadien fait d\u00e9j\u00e0 des vagues! En effet, le film s\u00e9lectionn\u00e9 cette ann\u00e9e pour repr\u00e9senter le Canada dans la course pour l\u2019Oscar du","breadcrumb":{"@id":"https:\/\/stage.rdvcanada.ca\/fr\/pleins-feux\/le-choix-du-canada-dans-la-course-pour-loscar\/#breadcrumb"},"inLanguage":"fr-CA","potentialAction":[{"@type":"ReadAction","target":["https:\/\/stage.rdvcanada.ca\/fr\/pleins-feux\/le-choix-du-canada-dans-la-course-pour-loscar\/"]}]},{"@type":"ImageObject","inLanguage":"fr-CA","@id":"https:\/\/stage.rdvcanada.ca\/fr\/pleins-feux\/le-choix-du-canada-dans-la-course-pour-loscar\/#primaryimage","url":"https:\/\/stage.rdvcanada.ca\/wp-content\/uploads\/2018\/09\/Oscars-BG2.jpg","contentUrl":"https:\/\/stage.rdvcanada.ca\/wp-content\/uploads\/2018\/09\/Oscars-BG2.jpg","width":1920,"height":800},{"@type":"BreadcrumbList","@id":"https:\/\/stage.rdvcanada.ca\/fr\/pleins-feux\/le-choix-du-canada-dans-la-course-pour-loscar\/#breadcrumb","itemListElement":[{"@type":"ListItem","position":1,"name":"Home","item":"https:\/\/stage.rdvcanada.ca\/en\/"},{"@type":"ListItem","position":2,"name":"Le choix du Canada dans la course pour l\u2019Oscar!"}]},{"@type":"WebSite","@id":"https:\/\/stage.rdvcanada.ca\/en\/#website","url":"https:\/\/stage.rdvcanada.ca\/en\/","name":"RDVCanada.ca","description":"VOIR GRAND. D\u00e9couvrez le meilleur du talent Canadien \u00e0 travers le monde.","potentialAction":[{"@type":"SearchAction","target":{"@type":"EntryPoint","urlTemplate":"https:\/\/stage.rdvcanada.ca\/en\/?s={search_term_string}"},"query-input":{"@type":"PropertyValueSpecification","valueRequired":true,"valueName":"search_term_string"}}],"inLanguage":"fr-CA"},{"@type":"Person","@id":"https:\/\/stage.rdvcanada.ca\/en\/#\/schema\/person\/854b83df133706ec69e3612f46d84934","name":"Sandrine Couture"}]}},"_links":{"self":[{"href":"https:\/\/stage.rdvcanada.ca\/fr\/wp-json\/wp\/v2\/posts\/17032","targetHints":{"allow":["GET"]}}],"collection":[{"href":"https:\/\/stage.rdvcanada.ca\/fr\/wp-json\/wp\/v2\/posts"}],"about":[{"href":"https:\/\/stage.rdvcanada.ca\/fr\/wp-json\/wp\/v2\/types\/post"}],"author":[{"embeddable":true,"href":"https:\/\/stage.rdvcanada.ca\/fr\/wp-json\/wp\/v2\/users\/150"}],"replies":[{"embeddable":true,"href":"https:\/\/stage.rdvcanada.ca\/fr\/wp-json\/wp\/v2\/comments?post=17032"}],"version-history":[{"count":0,"href":"https:\/\/stage.rdvcanada.ca\/fr\/wp-json\/wp\/v2\/posts\/17032\/revisions"}],"wp:featuredmedia":[{"embeddable":true,"href":"https:\/\/stage.rdvcanada.ca\/fr\/wp-json\/wp\/v2\/media\/17054"}],"wp:attachment":[{"href":"https:\/\/stage.rdvcanada.ca\/fr\/wp-json\/wp\/v2\/media?parent=17032"}],"wp:term":[{"taxonomy":"category","embeddable":true,"href":"https:\/\/stage.rdvcanada.ca\/fr\/wp-json\/wp\/v2\/categories?post=17032"},{"taxonomy":"post_tag","embeddable":true,"href":"https:\/\/stage.rdvcanada.ca\/fr\/wp-json\/wp\/v2\/tags?post=17032"}],"curies":[{"name":"wp","href":"https:\/\/api.w.org\/{rel}","templated":true}]}}