{"id":17500,"date":"2018-10-30T11:12:13","date_gmt":"2018-10-30T15:12:13","guid":{"rendered":"https:\/\/stage.rdvcanada.ca\/?p=17500"},"modified":"2018-10-30T11:24:58","modified_gmt":"2018-10-30T15:24:58","slug":"5-informations-cles-sur-le-programme-de-mise-en-marche-internationale-et-participation-aux-festivals","status":"publish","type":"post","link":"https:\/\/stage.rdvcanada.ca\/fr\/evenements\/5-informations-cles-sur-le-programme-de-mise-en-marche-internationale-et-participation-aux-festivals\/","title":{"rendered":"5 informations cl\u00e9s sur le Programme de mise en march\u00e9 internationale et participation aux festivals"},"content":{"rendered":"<p>De Berlin \u00e0 Sundance, de Cannes \u00e0 Venise, sans oublier tous les autres festivals, quel plaisir de voir les productions canadiennes faire des vagues aux quatre coins du monde! Tant pour votre projet que pour notre industrie audiovisuelle, nous savons l\u2019importance de pr\u00e9senter des films canadiens dans les festivals de films internationaux et dans les forums de coproduction. Notre pr\u00e9sence \u00e0 ces \u00e9v\u00e9nements procure une visibilit\u00e9 remarquable au talent canadien, et nous permet d\u2019acc\u00e9der \u00e0 d\u2019importantes sources de financement, un plus grand r\u00e9seau de distribution, des initiatives de marketing, et plus encore!<\/p>\n<p>L\u2019objectif du Programme de mise en march\u00e9 internationale et participation aux festivals est justement de vous aider \u00e0 tirer le maximum de ces belles occasions. Ce programme soutient les producteurs canadiens dans la promotion et le marketing international de leurs productions officiellement s\u00e9lectionn\u00e9es dans des festivals internationaux, et ceux qui sont invit\u00e9s \u00e0 participer \u00e0 un forum de coproduction internationale.<\/p>\n<p>Alors, si votre film est s\u00e9lectionn\u00e9 par un <a href=\"https:\/\/telefilm.ca\/fr\/financement\/mise-en-marche-internationale\">festival international reconnu,<\/a> ou si vous avez \u00e9t\u00e9 invit\u00e9 \u00e0 participer \u00e0 un forum de coproduction admissible, votre projet de long m\u00e9trage peut se qualifier pour une assistance cumulative maximale de 40 000 $ (pour les d\u00e9penses admissibles) et votre court m\u00e9trage peut se qualifier pour une assistance cumulative de 2\u00a0500 $ (pour les d\u00e9penses admissibles).<\/p>\n<p>Vous \u00eates en pleine pr\u00e9paration pour un festival de films international ou un forum de coproduction? Voici tout ce qu\u2019il faut savoir.<\/p>\n<p>1) <strong>Vous : <\/strong>Vous \u00eates soit une entreprise canadienne sp\u00e9cialis\u00e9e dans la production, la distribution et la vente de films canadiens (ou de coproductions) officiellement s\u00e9lectionn\u00e9e dans un festival international soutenu par le programme; ou une entreprise de production canadienne officiellement invit\u00e9e \u00e0 participer \u00e0 un forum de coproduction admissible.<\/p>\n<p>2) <strong>Votre projet : <\/strong>Un long m\u00e9trage canadien ou une coproduction canadienne, pr\u00e9sent\u00e9 en salle au Canada et s\u00e9lectionn\u00e9 par un des festivals de films internationaux soutenus par le programme. Si votre film est un court m\u00e9trage (moins de 30 minutes), il doit \u00eatre s\u00e9lectionn\u00e9 pour une pr\u00e9sentation en premi\u00e8re mondiale dans un des festivals reconnus. Votre projet doit \u00eatre en langue fran\u00e7aise, anglaise ou autochtone.<\/p>\n<p>3) <strong>Votre festival :<\/strong> Pour consulter la liste compl\u00e8te des festivals et des march\u00e9s admissibles (et les d\u00e9tails \u00e0 propos du statut de chacun d\u2019eux et la description de l\u2019aide allou\u00e9e), consultez <a href=\"https:\/\/telefilm.ca\/fr\/financement\/mise-en-marche-internationale\">l\u2019Annexe aux principes directeurs du Programme de mise en march\u00e9 internationale et participation aux festivals<\/a> du site Web de T\u00e9l\u00e9film Canada.<\/p>\n<p>4)<strong> Votre invitation :<\/strong> Lorsque vous pr\u00e9sentez une demande de soutien pour participer \u00e0 un festival international ou \u00e0 un march\u00e9 de coproduction, vous devez soumettre une lettre officielle de l\u2019\u00e9v\u00e9nement pour lequel votre projet a \u00e9t\u00e9 s\u00e9lectionn\u00e9. Pour en savoir plus, consultez la Liste des documents requis du programme.<\/p>\n<p>5) <strong>Votre requ\u00eate : <\/strong>Il suffit de pr\u00e9senter une demande en ligne au moins trois semaines avant le d\u00e9but de votre festival.<\/p>\n<p>Pour en savoir plus et pour consulter la liste des d\u00e9penses admissibles si votre projet est accept\u00e9, <a href=\"https:\/\/telefilm.ca\/fr\/financement\/mise-en-marche-internationale\">consultez les principes directeurs<\/a> du programme.<\/p>\n","protected":false},"excerpt":{"rendered":"<p>De Berlin \u00e0 Sundance, de Cannes \u00e0 Venise, sans oublier&#8230;<\/p>\n","protected":false},"author":17,"featured_media":17503,"comment_status":"closed","ping_status":"open","sticky":false,"template":"","format":"standard","meta":{"_acf_changed":false,"_crdt_document":"","footnotes":""},"categories":[331],"tags":[],"class_list":["post-17500","post","type-post","status-publish","format-standard","has-post-thumbnail","hentry","category-evenements"],"acf":[],"yoast_head":"<!-- This site is optimized with the Yoast SEO plugin v27.5 - https:\/\/yoast.com\/product\/yoast-seo-wordpress\/ -->\n<title>5 informations cl\u00e9s sur le Programme de mise en march\u00e9 internationale et participation aux festivals - Industrie Audiovisuelle Canadienne<\/title>\n<meta name=\"description\" content=\"De Berlin \u00e0 Sundance, de Cannes \u00e0 Venise, sans oublier tous les autres festivals, quel plaisir de voir les productions canadiennes faire des vagues aux\" \/>\n<meta name=\"robots\" content=\"noindex, follow, max-snippet:-1, max-image-preview:large, max-video-preview:-1\" \/>\n<meta property=\"og:locale\" content=\"fr_CA\" \/>\n<meta property=\"og:type\" content=\"article\" \/>\n<meta property=\"og:title\" content=\"5 informations cl\u00e9s sur le Programme de mise en march\u00e9 internationale et participation aux festivals - Industrie Audiovisuelle Canadienne\" \/>\n<meta property=\"og:description\" content=\"De Berlin \u00e0 Sundance, de Cannes \u00e0 Venise, sans oublier tous les autres festivals, quel plaisir de voir les productions canadiennes faire des vagues aux\" \/>\n<meta property=\"og:url\" content=\"https:\/\/stage.rdvcanada.ca\/fr\/evenements\/5-informations-cles-sur-le-programme-de-mise-en-marche-internationale-et-participation-aux-festivals\/\" \/>\n<meta property=\"og:site_name\" content=\"RDVCanada.ca\" \/>\n<meta property=\"article:publisher\" content=\"https:\/\/www.facebook.com\/telefilmcanada\" \/>\n<meta property=\"article:published_time\" content=\"2018-10-30T15:12:13+00:00\" \/>\n<meta property=\"article:modified_time\" content=\"2018-10-30T15:24:58+00:00\" \/>\n<meta property=\"og:image\" content=\"https:\/\/stage.rdvcanada.ca\/wp-content\/uploads\/2018\/10\/quinzaine-1920-800.jpg\" \/>\n\t<meta property=\"og:image:width\" content=\"1920\" \/>\n\t<meta property=\"og:image:height\" content=\"800\" \/>\n\t<meta property=\"og:image:type\" content=\"image\/jpeg\" \/>\n<meta name=\"author\" content=\"MF\" \/>\n<meta name=\"twitter:card\" content=\"summary_large_image\" \/>\n<meta name=\"twitter:creator\" content=\"@Telefilm_Canada\" \/>\n<meta name=\"twitter:site\" content=\"@Telefilm_Canada\" \/>\n<meta name=\"twitter:label1\" content=\"\u00c9crit par\" \/>\n\t<meta name=\"twitter:data1\" content=\"MF\" \/>\n\t<meta name=\"twitter:label2\" content=\"Estimation du temps de lecture\" \/>\n\t<meta name=\"twitter:data2\" content=\"3 minutes\" \/>\n<script type=\"application\/ld+json\" class=\"yoast-schema-graph\">{\n\t    \"@context\": \"https:\\\/\\\/schema.org\",\n\t    \"@graph\": [\n\t        {\n\t            \"@type\": \"Article\",\n\t            \"@id\": \"https:\\\/\\\/stage.rdvcanada.ca\\\/fr\\\/evenements\\\/5-informations-cles-sur-le-programme-de-mise-en-marche-internationale-et-participation-aux-festivals\\\/#article\",\n\t            \"isPartOf\": {\n\t                \"@id\": \"https:\\\/\\\/stage.rdvcanada.ca\\\/fr\\\/evenements\\\/5-informations-cles-sur-le-programme-de-mise-en-marche-internationale-et-participation-aux-festivals\\\/\"\n\t            },\n\t            \"author\": {\n\t                \"name\": \"MF\",\n\t                \"@id\": \"https:\\\/\\\/stage.rdvcanada.ca\\\/en\\\/#\\\/schema\\\/person\\\/974d174eafb0c9e906d2979ca4ed5280\"\n\t            },\n\t            \"headline\": \"5 informations cl\u00e9s sur le Programme de mise en march\u00e9 internationale et participation aux festivals\",\n\t            \"datePublished\": \"2018-10-30T15:12:13+00:00\",\n\t            \"dateModified\": \"2018-10-30T15:24:58+00:00\",\n\t            \"mainEntityOfPage\": {\n\t                \"@id\": \"https:\\\/\\\/stage.rdvcanada.ca\\\/fr\\\/evenements\\\/5-informations-cles-sur-le-programme-de-mise-en-marche-internationale-et-participation-aux-festivals\\\/\"\n\t            },\n\t            \"wordCount\": 536,\n\t            \"image\": {\n\t                \"@id\": \"https:\\\/\\\/stage.rdvcanada.ca\\\/fr\\\/evenements\\\/5-informations-cles-sur-le-programme-de-mise-en-marche-internationale-et-participation-aux-festivals\\\/#primaryimage\"\n\t            },\n\t            \"thumbnailUrl\": \"https:\\\/\\\/stage.rdvcanada.ca\\\/wp-content\\\/uploads\\\/2018\\\/10\\\/quinzaine-1920-800.jpg\",\n\t            \"articleSection\": [\n\t                \"\u00c9v\u00e9nements\"\n\t            ],\n\t            \"inLanguage\": \"fr-CA\"\n\t        },\n\t        {\n\t            \"@type\": \"WebPage\",\n\t            \"@id\": \"https:\\\/\\\/stage.rdvcanada.ca\\\/fr\\\/evenements\\\/5-informations-cles-sur-le-programme-de-mise-en-marche-internationale-et-participation-aux-festivals\\\/\",\n\t            \"url\": \"https:\\\/\\\/stage.rdvcanada.ca\\\/fr\\\/evenements\\\/5-informations-cles-sur-le-programme-de-mise-en-marche-internationale-et-participation-aux-festivals\\\/\",\n\t            \"name\": \"5 informations cl\u00e9s sur le Programme de mise en march\u00e9 internationale et participation aux festivals - Industrie Audiovisuelle Canadienne\",\n\t            \"isPartOf\": {\n\t                \"@id\": \"https:\\\/\\\/stage.rdvcanada.ca\\\/en\\\/#website\"\n\t            },\n\t            \"primaryImageOfPage\": {\n\t                \"@id\": \"https:\\\/\\\/stage.rdvcanada.ca\\\/fr\\\/evenements\\\/5-informations-cles-sur-le-programme-de-mise-en-marche-internationale-et-participation-aux-festivals\\\/#primaryimage\"\n\t            },\n\t            \"image\": {\n\t                \"@id\": \"https:\\\/\\\/stage.rdvcanada.ca\\\/fr\\\/evenements\\\/5-informations-cles-sur-le-programme-de-mise-en-marche-internationale-et-participation-aux-festivals\\\/#primaryimage\"\n\t            },\n\t            \"thumbnailUrl\": \"https:\\\/\\\/stage.rdvcanada.ca\\\/wp-content\\\/uploads\\\/2018\\\/10\\\/quinzaine-1920-800.jpg\",\n\t            \"datePublished\": \"2018-10-30T15:12:13+00:00\",\n\t            \"dateModified\": \"2018-10-30T15:24:58+00:00\",\n\t            \"author\": {\n\t                \"@id\": \"https:\\\/\\\/stage.rdvcanada.ca\\\/en\\\/#\\\/schema\\\/person\\\/974d174eafb0c9e906d2979ca4ed5280\"\n\t            },\n\t            \"description\": \"De Berlin \u00e0 Sundance, de Cannes \u00e0 Venise, sans oublier tous les autres festivals, quel plaisir de voir les productions canadiennes faire des vagues aux\",\n\t            \"breadcrumb\": {\n\t                \"@id\": \"https:\\\/\\\/stage.rdvcanada.ca\\\/fr\\\/evenements\\\/5-informations-cles-sur-le-programme-de-mise-en-marche-internationale-et-participation-aux-festivals\\\/#breadcrumb\"\n\t            },\n\t            \"inLanguage\": \"fr-CA\",\n\t            \"potentialAction\": [\n\t                {\n\t                    \"@type\": \"ReadAction\",\n\t                    \"target\": [\n\t                        \"https:\\\/\\\/stage.rdvcanada.ca\\\/fr\\\/evenements\\\/5-informations-cles-sur-le-programme-de-mise-en-marche-internationale-et-participation-aux-festivals\\\/\"\n\t                    ]\n\t                }\n\t            ]\n\t        },\n\t        {\n\t            \"@type\": \"ImageObject\",\n\t            \"inLanguage\": \"fr-CA\",\n\t            \"@id\": \"https:\\\/\\\/stage.rdvcanada.ca\\\/fr\\\/evenements\\\/5-informations-cles-sur-le-programme-de-mise-en-marche-internationale-et-participation-aux-festivals\\\/#primaryimage\",\n\t            \"url\": \"https:\\\/\\\/stage.rdvcanada.ca\\\/wp-content\\\/uploads\\\/2018\\\/10\\\/quinzaine-1920-800.jpg\",\n\t            \"contentUrl\": \"https:\\\/\\\/stage.rdvcanada.ca\\\/wp-content\\\/uploads\\\/2018\\\/10\\\/quinzaine-1920-800.jpg\",\n\t            \"width\": 1920,\n\t            \"height\": 800\n\t        },\n\t        {\n\t            \"@type\": \"BreadcrumbList\",\n\t            \"@id\": \"https:\\\/\\\/stage.rdvcanada.ca\\\/fr\\\/evenements\\\/5-informations-cles-sur-le-programme-de-mise-en-marche-internationale-et-participation-aux-festivals\\\/#breadcrumb\",\n\t            \"itemListElement\": [\n\t                {\n\t                    \"@type\": \"ListItem\",\n\t                    \"position\": 1,\n\t                    \"name\": \"Home\",\n\t                    \"item\": \"https:\\\/\\\/stage.rdvcanada.ca\\\/en\\\/\"\n\t                },\n\t                {\n\t                    \"@type\": \"ListItem\",\n\t                    \"position\": 2,\n\t                    \"name\": \"5 informations cl\u00e9s sur le Programme de mise en march\u00e9 internationale et participation aux festivals\"\n\t                }\n\t            ]\n\t        },\n\t        {\n\t            \"@type\": \"WebSite\",\n\t            \"@id\": \"https:\\\/\\\/stage.rdvcanada.ca\\\/en\\\/#website\",\n\t            \"url\": \"https:\\\/\\\/stage.rdvcanada.ca\\\/en\\\/\",\n\t            \"name\": \"RDVCanada.ca\",\n\t            \"description\": \"VOIR GRAND. D\u00e9couvrez le meilleur du talent Canadien \u00e0 travers le monde.\",\n\t            \"potentialAction\": [\n\t                {\n\t                    \"@type\": \"SearchAction\",\n\t                    \"target\": {\n\t                        \"@type\": \"EntryPoint\",\n\t                        \"urlTemplate\": \"https:\\\/\\\/stage.rdvcanada.ca\\\/en\\\/?s={search_term_string}\"\n\t                    },\n\t                    \"query-input\": {\n\t                        \"@type\": \"PropertyValueSpecification\",\n\t                        \"valueRequired\": true,\n\t                        \"valueName\": \"search_term_string\"\n\t                    }\n\t                }\n\t            ],\n\t            \"inLanguage\": \"fr-CA\"\n\t        },\n\t        {\n\t            \"@type\": \"Person\",\n\t            \"@id\": \"https:\\\/\\\/stage.rdvcanada.ca\\\/en\\\/#\\\/schema\\\/person\\\/974d174eafb0c9e906d2979ca4ed5280\",\n\t            \"name\": \"MF\"\n\t        }\n\t    ]\n\t}<\/script>\n<!-- \/ Yoast SEO plugin. -->","yoast_head_json":{"title":"5 informations cl\u00e9s sur le Programme de mise en march\u00e9 internationale et participation aux festivals - Industrie Audiovisuelle Canadienne","description":"De Berlin \u00e0 Sundance, de Cannes \u00e0 Venise, sans oublier tous les autres festivals, quel plaisir de voir les productions canadiennes faire des vagues aux","robots":{"index":"noindex","follow":"follow","max-snippet":"max-snippet:-1","max-image-preview":"max-image-preview:large","max-video-preview":"max-video-preview:-1"},"og_locale":"fr_CA","og_type":"article","og_title":"5 informations cl\u00e9s sur le Programme de mise en march\u00e9 internationale et participation aux festivals - Industrie Audiovisuelle Canadienne","og_description":"De Berlin \u00e0 Sundance, de Cannes \u00e0 Venise, sans oublier tous les autres festivals, quel plaisir de voir les productions canadiennes faire des vagues aux","og_url":"https:\/\/stage.rdvcanada.ca\/fr\/evenements\/5-informations-cles-sur-le-programme-de-mise-en-marche-internationale-et-participation-aux-festivals\/","og_site_name":"RDVCanada.ca","article_publisher":"https:\/\/www.facebook.com\/telefilmcanada","article_published_time":"2018-10-30T15:12:13+00:00","article_modified_time":"2018-10-30T15:24:58+00:00","og_image":[{"width":1920,"height":800,"url":"https:\/\/stage.rdvcanada.ca\/wp-content\/uploads\/2018\/10\/quinzaine-1920-800.jpg","type":"image\/jpeg"}],"author":"MF","twitter_card":"summary_large_image","twitter_creator":"@Telefilm_Canada","twitter_site":"@Telefilm_Canada","twitter_misc":{"\u00c9crit par":"MF","Estimation du temps de lecture":"3 minutes"},"schema":{"@context":"https:\/\/schema.org","@graph":[{"@type":"Article","@id":"https:\/\/stage.rdvcanada.ca\/fr\/evenements\/5-informations-cles-sur-le-programme-de-mise-en-marche-internationale-et-participation-aux-festivals\/#article","isPartOf":{"@id":"https:\/\/stage.rdvcanada.ca\/fr\/evenements\/5-informations-cles-sur-le-programme-de-mise-en-marche-internationale-et-participation-aux-festivals\/"},"author":{"name":"MF","@id":"https:\/\/stage.rdvcanada.ca\/en\/#\/schema\/person\/974d174eafb0c9e906d2979ca4ed5280"},"headline":"5 informations cl\u00e9s sur le Programme de mise en march\u00e9 internationale et participation aux festivals","datePublished":"2018-10-30T15:12:13+00:00","dateModified":"2018-10-30T15:24:58+00:00","mainEntityOfPage":{"@id":"https:\/\/stage.rdvcanada.ca\/fr\/evenements\/5-informations-cles-sur-le-programme-de-mise-en-marche-internationale-et-participation-aux-festivals\/"},"wordCount":536,"image":{"@id":"https:\/\/stage.rdvcanada.ca\/fr\/evenements\/5-informations-cles-sur-le-programme-de-mise-en-marche-internationale-et-participation-aux-festivals\/#primaryimage"},"thumbnailUrl":"https:\/\/stage.rdvcanada.ca\/wp-content\/uploads\/2018\/10\/quinzaine-1920-800.jpg","articleSection":["\u00c9v\u00e9nements"],"inLanguage":"fr-CA"},{"@type":"WebPage","@id":"https:\/\/stage.rdvcanada.ca\/fr\/evenements\/5-informations-cles-sur-le-programme-de-mise-en-marche-internationale-et-participation-aux-festivals\/","url":"https:\/\/stage.rdvcanada.ca\/fr\/evenements\/5-informations-cles-sur-le-programme-de-mise-en-marche-internationale-et-participation-aux-festivals\/","name":"5 informations cl\u00e9s sur le Programme de mise en march\u00e9 internationale et participation aux festivals - Industrie Audiovisuelle Canadienne","isPartOf":{"@id":"https:\/\/stage.rdvcanada.ca\/en\/#website"},"primaryImageOfPage":{"@id":"https:\/\/stage.rdvcanada.ca\/fr\/evenements\/5-informations-cles-sur-le-programme-de-mise-en-marche-internationale-et-participation-aux-festivals\/#primaryimage"},"image":{"@id":"https:\/\/stage.rdvcanada.ca\/fr\/evenements\/5-informations-cles-sur-le-programme-de-mise-en-marche-internationale-et-participation-aux-festivals\/#primaryimage"},"thumbnailUrl":"https:\/\/stage.rdvcanada.ca\/wp-content\/uploads\/2018\/10\/quinzaine-1920-800.jpg","datePublished":"2018-10-30T15:12:13+00:00","dateModified":"2018-10-30T15:24:58+00:00","author":{"@id":"https:\/\/stage.rdvcanada.ca\/en\/#\/schema\/person\/974d174eafb0c9e906d2979ca4ed5280"},"description":"De Berlin \u00e0 Sundance, de Cannes \u00e0 Venise, sans oublier tous les autres festivals, quel plaisir de voir les productions canadiennes faire des vagues aux","breadcrumb":{"@id":"https:\/\/stage.rdvcanada.ca\/fr\/evenements\/5-informations-cles-sur-le-programme-de-mise-en-marche-internationale-et-participation-aux-festivals\/#breadcrumb"},"inLanguage":"fr-CA","potentialAction":[{"@type":"ReadAction","target":["https:\/\/stage.rdvcanada.ca\/fr\/evenements\/5-informations-cles-sur-le-programme-de-mise-en-marche-internationale-et-participation-aux-festivals\/"]}]},{"@type":"ImageObject","inLanguage":"fr-CA","@id":"https:\/\/stage.rdvcanada.ca\/fr\/evenements\/5-informations-cles-sur-le-programme-de-mise-en-marche-internationale-et-participation-aux-festivals\/#primaryimage","url":"https:\/\/stage.rdvcanada.ca\/wp-content\/uploads\/2018\/10\/quinzaine-1920-800.jpg","contentUrl":"https:\/\/stage.rdvcanada.ca\/wp-content\/uploads\/2018\/10\/quinzaine-1920-800.jpg","width":1920,"height":800},{"@type":"BreadcrumbList","@id":"https:\/\/stage.rdvcanada.ca\/fr\/evenements\/5-informations-cles-sur-le-programme-de-mise-en-marche-internationale-et-participation-aux-festivals\/#breadcrumb","itemListElement":[{"@type":"ListItem","position":1,"name":"Home","item":"https:\/\/stage.rdvcanada.ca\/en\/"},{"@type":"ListItem","position":2,"name":"5 informations cl\u00e9s sur le Programme de mise en march\u00e9 internationale et participation aux festivals"}]},{"@type":"WebSite","@id":"https:\/\/stage.rdvcanada.ca\/en\/#website","url":"https:\/\/stage.rdvcanada.ca\/en\/","name":"RDVCanada.ca","description":"VOIR GRAND. D\u00e9couvrez le meilleur du talent Canadien \u00e0 travers le monde.","potentialAction":[{"@type":"SearchAction","target":{"@type":"EntryPoint","urlTemplate":"https:\/\/stage.rdvcanada.ca\/en\/?s={search_term_string}"},"query-input":{"@type":"PropertyValueSpecification","valueRequired":true,"valueName":"search_term_string"}}],"inLanguage":"fr-CA"},{"@type":"Person","@id":"https:\/\/stage.rdvcanada.ca\/en\/#\/schema\/person\/974d174eafb0c9e906d2979ca4ed5280","name":"MF"}]}},"_links":{"self":[{"href":"https:\/\/stage.rdvcanada.ca\/fr\/wp-json\/wp\/v2\/posts\/17500","targetHints":{"allow":["GET"]}}],"collection":[{"href":"https:\/\/stage.rdvcanada.ca\/fr\/wp-json\/wp\/v2\/posts"}],"about":[{"href":"https:\/\/stage.rdvcanada.ca\/fr\/wp-json\/wp\/v2\/types\/post"}],"author":[{"embeddable":true,"href":"https:\/\/stage.rdvcanada.ca\/fr\/wp-json\/wp\/v2\/users\/17"}],"replies":[{"embeddable":true,"href":"https:\/\/stage.rdvcanada.ca\/fr\/wp-json\/wp\/v2\/comments?post=17500"}],"version-history":[{"count":0,"href":"https:\/\/stage.rdvcanada.ca\/fr\/wp-json\/wp\/v2\/posts\/17500\/revisions"}],"wp:featuredmedia":[{"embeddable":true,"href":"https:\/\/stage.rdvcanada.ca\/fr\/wp-json\/wp\/v2\/media\/17503"}],"wp:attachment":[{"href":"https:\/\/stage.rdvcanada.ca\/fr\/wp-json\/wp\/v2\/media?parent=17500"}],"wp:term":[{"taxonomy":"category","embeddable":true,"href":"https:\/\/stage.rdvcanada.ca\/fr\/wp-json\/wp\/v2\/categories?post=17500"},{"taxonomy":"post_tag","embeddable":true,"href":"https:\/\/stage.rdvcanada.ca\/fr\/wp-json\/wp\/v2\/tags?post=17500"}],"curies":[{"name":"wp","href":"https:\/\/api.w.org\/{rel}","templated":true}]}}