{"id":20921,"date":"2019-02-21T14:27:36","date_gmt":"2019-02-21T19:27:36","guid":{"rendered":"https:\/\/stage.rdvcanada.ca\/?p=20921"},"modified":"2019-03-05T13:55:37","modified_gmt":"2019-03-05T18:55:37","slug":"filmart-marche-international-du-film-et-de-la-television-de-hong-kong","status":"publish","type":"post","link":"https:\/\/stage.rdvcanada.ca\/fr\/evenements\/filmart-marche-international-du-film-et-de-la-television-de-hong-kong\/","title":{"rendered":"FILMART: March\u00e9 international du film et de la t\u00e9l\u00e9vision de Hong Kong"},"content":{"rendered":"<p>Le Canada est emball\u00e9 de d\u00e9voiler ses \u0153uvres \u00e0 <a href=\"https:\/\/event.hktdc.com\/fair\/hkfilmart-en\/Hong-Kong-International-Film---TV-Market--FILMART-\/\">FILMART<\/a> cette ann\u00e9e! En collaboration avec <a href=\"https:\/\/www.creativebc.com\/\">Creative BC<\/a> et avec le soutien du <a href=\"https:\/\/home.hktdc.com\/\">Hong Kong Trade Development Council<\/a> au Canada, le <a href=\"https:\/\/investalberta.ca\/international-offices\/hong-kong\/\">Gouvernement de l\u2019Alberta \u00e0 Hong Kong<\/a> et le <a href=\"https:\/\/www.canadainternational.gc.ca\/hong_kong\/index.aspx?lang=fra\">Consulat g\u00e9n\u00e9ral du Canada \u00e0 Hong Kong<\/a>, nous sommes heureux d\u2019accueillir pr\u00e8s de 30 entreprises canadiennes au <strong>Pavillon du Canada<\/strong>, du 18 au 21 mars 2019.<\/p>\n<p>Comme c\u2019\u00e9tait le cas lors des derni\u00e8res ann\u00e9es, le Pavillon du Canada sera ouvert aux exposants canadiens, qui pourront b\u00e9n\u00e9ficier de nombreuses occasions de r\u00e9seautage, de rencontres d\u2019affaires ainsi que de promotions de projets et d\u2019entreprises. Nous sommes \u00e9galement ravis de partager notre espace avec quatre entreprises canadiennes de distribution :<\/p>\n<table style=\"height: 1588px;\" width=\"1005\">\n<tbody>\n<tr>\n<td width=\"243\"><img fetchpriority=\"high\" decoding=\"async\" class=\"alignleft wp-image-19898\" src=\"https:\/\/stage.rdvcanada.ca\/wp-content\/uploads\/gravity_forms\/5-b63f9f2c9e8d6b33619bc716877b245a\/2019\/01\/Raven-banner-575x576.png\" alt=\"\" width=\"249\" height=\"249\" \/><\/p>\n<p>&nbsp;<\/p>\n<p>&nbsp;<\/td>\n<td width=\"395\"><a href=\"https:\/\/stage.rdvcanada.ca\/fr\/creer-avec-le-canada\/trouver-des-partenaires-creatifs\/compagnies\/raven-banner-entertainment\/\">Raven Banner Entertainment<\/a> acquiert et vend des films de genre uniques, innovateurs et avant-gardistes \u00e0 titre de distributeur en Am\u00e9rique du Nord et sur le march\u00e9 international. Avec son expertise en gestion strat\u00e9gique de projet, Raven Banner Entertainment peut contribuer \u00e0 toutes les \u00e9tapes de la production d\u2019un projet. De l\u2019acquisition \u00e0 la repr\u00e9sentation, sans oublier les n\u00e9gociations, les plans strat\u00e9giques de marketing, la consultation et les ventes, Raven Banner Entertainment est toujours l\u00e0 pour orienter et aider.<\/p>\n<p>&nbsp;<\/td>\n<\/tr>\n<tr>\n<td width=\"243\"><img decoding=\"async\" class=\"alignleft wp-image-19778\" src=\"https:\/\/stage.rdvcanada.ca\/wp-content\/uploads\/gravity_forms\/5-b63f9f2c9e8d6b33619bc716877b245a\/2019\/01\/RDV_COMP_Augusta-production-APL1-576x576.png\" alt=\"\" width=\"246\" height=\"246\" srcset=\"https:\/\/stage.rdvcanada.ca\/wp-content\/uploads\/gravity_forms\/5-b63f9f2c9e8d6b33619bc716877b245a\/2019\/01\/RDV_COMP_Augusta-production-APL1-576x576.png 576w, https:\/\/stage.rdvcanada.ca\/wp-content\/uploads\/gravity_forms\/5-b63f9f2c9e8d6b33619bc716877b245a\/2019\/01\/RDV_COMP_Augusta-production-APL1-432x432.png 432w, https:\/\/stage.rdvcanada.ca\/wp-content\/uploads\/gravity_forms\/5-b63f9f2c9e8d6b33619bc716877b245a\/2019\/01\/RDV_COMP_Augusta-production-APL1.png 768w, https:\/\/stage.rdvcanada.ca\/wp-content\/uploads\/gravity_forms\/5-b63f9f2c9e8d6b33619bc716877b245a\/2019\/01\/RDV_COMP_Augusta-production-APL1-220x220.png 220w, https:\/\/stage.rdvcanada.ca\/wp-content\/uploads\/gravity_forms\/5-b63f9f2c9e8d6b33619bc716877b245a\/2019\/01\/RDV_COMP_Augusta-production-APL1-350x350.png 350w\" sizes=\"(max-width: 246px) 100vw, 246px\" loading=\"lazy\" \/><\/p>\n<p>&nbsp;<\/p>\n<p>&nbsp;<\/td>\n<td width=\"395\"><a href=\"https:\/\/stage.rdvcanada.ca\/fr\/creer-avec-le-canada\/trouver-des-partenaires-creatifs\/compagnies\/apl-film\/\">APL\u00a0 Film<\/a> est une soci\u00e9t\u00e9 de vente et de distribution \u00e0 l\u2019\u00e9tranger qui acquiert des longs m\u00e9trages, des \u00e9missions de t\u00e9l\u00e9vision et des documentaires, en vue d\u2019une distribution \u00e0 l\u2019\u00e9chelle internationale. Avec plus de 30 ans d\u2019exp\u00e9rience combin\u00e9e dans l\u2019industrie, une biblioth\u00e8que de plus de 200 titres, l\u2019entreprise est toujours \u00e0 l\u2019affut d\u2019occasions \u00e0 saisir sur le march\u00e9 mondial.<\/p>\n<p>&nbsp;<\/td>\n<\/tr>\n<tr>\n<td width=\"243\"><img decoding=\"async\" class=\"alignleft wp-image-20834\" src=\"https:\/\/stage.rdvcanada.ca\/wp-content\/uploads\/gravity_forms\/5-b63f9f2c9e8d6b33619bc716877b245a\/2019\/02\/boat-rocker-576x576.png\" alt=\"\" width=\"246\" height=\"246\" srcset=\"https:\/\/stage.rdvcanada.ca\/wp-content\/uploads\/gravity_forms\/5-b63f9f2c9e8d6b33619bc716877b245a\/2019\/02\/boat-rocker-576x576.png 576w, https:\/\/stage.rdvcanada.ca\/wp-content\/uploads\/gravity_forms\/5-b63f9f2c9e8d6b33619bc716877b245a\/2019\/02\/boat-rocker-432x432.png 432w, https:\/\/stage.rdvcanada.ca\/wp-content\/uploads\/gravity_forms\/5-b63f9f2c9e8d6b33619bc716877b245a\/2019\/02\/boat-rocker.png 768w, https:\/\/stage.rdvcanada.ca\/wp-content\/uploads\/gravity_forms\/5-b63f9f2c9e8d6b33619bc716877b245a\/2019\/02\/boat-rocker-220x220.png 220w, https:\/\/stage.rdvcanada.ca\/wp-content\/uploads\/gravity_forms\/5-b63f9f2c9e8d6b33619bc716877b245a\/2019\/02\/boat-rocker-350x350.png 350w\" sizes=\"(max-width: 246px) 100vw, 246px\" loading=\"lazy\" \/><\/td>\n<td width=\"395\">L\u2019entreprise de divertissement mondiale <a href=\"https:\/\/stage.rdvcanada.ca\/fr\/creer-avec-le-canada\/trouver-des-partenaires-creatifs\/compagnies\/boat-rocker-studios\/\">Boat Rocker Studios<\/a> d\u00e9veloppe, produit et distribue du contenu de premi\u00e8re qualit\u00e9 pour toutes les plateformes en plus de cr\u00e9er des marques.<\/p>\n<p>&nbsp;<\/td>\n<\/tr>\n<tr>\n<td width=\"243\">&nbsp;<\/p>\n<p><img loading=\"lazy\" decoding=\"async\" class=\"alignleft wp-image-21204\" src=\"https:\/\/stage.rdvcanada.ca\/wp-content\/uploads\/2019\/02\/comediha-distribution-1024x324.jpg\" alt=\"\" width=\"234\" height=\"74\" srcset=\"https:\/\/stage.rdvcanada.ca\/wp-content\/uploads\/2019\/02\/comediha-distribution-1024x324.jpg 1024w, https:\/\/stage.rdvcanada.ca\/wp-content\/uploads\/2019\/02\/comediha-distribution-768x243.jpg 768w, https:\/\/stage.rdvcanada.ca\/wp-content\/uploads\/2019\/02\/comediha-distribution.jpg 1980w\" sizes=\"(max-width: 234px) 100vw, 234px\" \/><\/td>\n<td width=\"395\">&nbsp;<\/p>\n<p>L\u2019agence <a href=\"https:\/\/stage.rdvcanada.ca\/fr\/creer-avec-le-canada\/trouver-des-partenaires-creatifs\/compagnies\/comediha\/\">ComediHa!<\/a> distribue et mon\u00e9tise son propre contenu multiplateforme, tant \u00e0 l\u2019\u00e9chelle nationale que mondiale. \u00c0 ce jour, plusieurs cr\u00e9ations sont distribu\u00e9es dans plus de 100 pays. Notre objectif\u00a0: une distribution plan\u00e9taire de nos productions.<\/td>\n<\/tr>\n<\/tbody>\n<\/table>\n<p>&nbsp;<\/p>\n<p><strong>Venez nous dire bonjour! Nous avons tr\u00e8s h\u00e2te de vous rencontrer et de r\u00e9seauter avec vous en Asie!<\/strong><\/p>\n<p><strong>Pavillon du Canada<br \/>\n<\/strong>Hong Kong Convention and Exhibition Centre<br \/>\n<u>18 au 21 mars 2019<br \/>\n<\/u><u>Kiosque 1B-E22<\/u><\/p>\n<p>&nbsp;<\/p>\n<p><strong>Planifiez beaucoup de temps libre \u00e0 votre agenda!<\/strong><\/p>\n<p><strong>First Look de T\u00e9l\u00e9film Canada<\/strong> \u2013 un montage de 35 minutes des films canadiens \u00e0 venir qui se feront remarquer sur le circuit des festivals internationaux au cours du printemps et de l\u2019\u00e9t\u00e9.<\/p>\n<p>Projection 1<br \/>\n19\/03 10:00 N102 &#8211; N103<\/p>\n<p>Projection 2<br \/>\n20\/03 14:00 N102 &#8211; N103<\/p>\n<p><strong>Bient\u00f4t sur RDV CANADA<\/strong> \u2013 une liste compl\u00e8te des films canadiens s\u00e9lectionn\u00e9s au Festival international du film de Hong Kong.<\/p>\n<p>Vous ne connaissez pas nos<strong> incitatifs \u00e0 l&#8217;exportation<\/strong>? <a href=\"https:\/\/stage.rdvcanada.ca\/fr\/incitatifs-a-lexportation\/\">Cliquez ici<\/a>!<\/p>\n<p>&nbsp;<\/p>\n<p><span style=\"text-decoration: line-through;\">\u00a0<\/span><\/p>\n","protected":false},"excerpt":{"rendered":"<p>Le Canada est emball\u00e9 de d\u00e9voiler ses \u0153uvres \u00e0 FILMART&#8230;<\/p>\n","protected":false},"author":17,"featured_media":20920,"comment_status":"closed","ping_status":"open","sticky":false,"template":"","format":"standard","meta":{"_acf_changed":false,"_crdt_document":"","footnotes":""},"categories":[331],"tags":[],"class_list":["post-20921","post","type-post","status-publish","format-standard","has-post-thumbnail","hentry","category-evenements"],"acf":[],"yoast_head":"<!-- This site is optimized with the Yoast SEO plugin v27.5 - https:\/\/yoast.com\/product\/yoast-seo-wordpress\/ -->\n<title>FILMART: March\u00e9 international du film et de la t\u00e9l\u00e9vision de Hong Kong - Industrie Audiovisuelle Canadienne<\/title>\n<meta name=\"description\" content=\"Le Canada est emball\u00e9 de d\u00e9voiler ses \u0153uvres \u00e0 FILMART cette ann\u00e9e! En collaboration avec Creative BC et avec le soutien du Hong Kong Trade Development\" \/>\n<meta name=\"robots\" content=\"noindex, follow, max-snippet:-1, max-image-preview:large, max-video-preview:-1\" \/>\n<meta property=\"og:locale\" content=\"fr_CA\" \/>\n<meta property=\"og:type\" content=\"article\" \/>\n<meta property=\"og:title\" content=\"FILMART: March\u00e9 international du film et de la t\u00e9l\u00e9vision de Hong Kong - Industrie Audiovisuelle Canadienne\" \/>\n<meta property=\"og:description\" content=\"Le Canada est emball\u00e9 de d\u00e9voiler ses \u0153uvres \u00e0 FILMART cette ann\u00e9e! En collaboration avec Creative BC et avec le soutien du Hong Kong Trade Development\" \/>\n<meta property=\"og:url\" content=\"https:\/\/stage.rdvcanada.ca\/fr\/evenements\/filmart-marche-international-du-film-et-de-la-television-de-hong-kong\/\" \/>\n<meta property=\"og:site_name\" content=\"RDVCanada.ca\" \/>\n<meta property=\"article:publisher\" content=\"https:\/\/www.facebook.com\/telefilmcanada\" \/>\n<meta property=\"article:published_time\" content=\"2019-02-21T19:27:36+00:00\" \/>\n<meta property=\"article:modified_time\" content=\"2019-03-05T18:55:37+00:00\" \/>\n<meta property=\"og:image\" content=\"https:\/\/stage.rdvcanada.ca\/wp-content\/uploads\/2019\/02\/hong-kong-ville.png\" \/>\n\t<meta property=\"og:image:width\" content=\"1194\" \/>\n\t<meta property=\"og:image:height\" content=\"497\" \/>\n\t<meta property=\"og:image:type\" content=\"image\/png\" \/>\n<meta name=\"author\" content=\"MF\" \/>\n<meta name=\"twitter:card\" content=\"summary_large_image\" \/>\n<meta name=\"twitter:creator\" content=\"@Telefilm_Canada\" \/>\n<meta name=\"twitter:site\" content=\"@Telefilm_Canada\" \/>\n<meta name=\"twitter:label1\" content=\"\u00c9crit par\" \/>\n\t<meta name=\"twitter:data1\" content=\"MF\" \/>\n\t<meta name=\"twitter:label2\" content=\"Estimation du temps de lecture\" \/>\n\t<meta name=\"twitter:data2\" content=\"2 minutes\" \/>\n<script type=\"application\/ld+json\" class=\"yoast-schema-graph\">{\n\t    \"@context\": \"https:\\\/\\\/schema.org\",\n\t    \"@graph\": [\n\t        {\n\t            \"@type\": \"Article\",\n\t            \"@id\": \"https:\\\/\\\/stage.rdvcanada.ca\\\/fr\\\/evenements\\\/filmart-marche-international-du-film-et-de-la-television-de-hong-kong\\\/#article\",\n\t            \"isPartOf\": {\n\t                \"@id\": \"https:\\\/\\\/stage.rdvcanada.ca\\\/fr\\\/evenements\\\/filmart-marche-international-du-film-et-de-la-television-de-hong-kong\\\/\"\n\t            },\n\t            \"author\": {\n\t                \"name\": \"MF\",\n\t                \"@id\": \"https:\\\/\\\/stage.rdvcanada.ca\\\/en\\\/#\\\/schema\\\/person\\\/974d174eafb0c9e906d2979ca4ed5280\"\n\t            },\n\t            \"headline\": \"FILMART: March\u00e9 international du film et de la t\u00e9l\u00e9vision de Hong Kong\",\n\t            \"datePublished\": \"2019-02-21T19:27:36+00:00\",\n\t            \"dateModified\": \"2019-03-05T18:55:37+00:00\",\n\t            \"mainEntityOfPage\": {\n\t                \"@id\": \"https:\\\/\\\/stage.rdvcanada.ca\\\/fr\\\/evenements\\\/filmart-marche-international-du-film-et-de-la-television-de-hong-kong\\\/\"\n\t            },\n\t            \"wordCount\": 481,\n\t            \"image\": {\n\t                \"@id\": \"https:\\\/\\\/stage.rdvcanada.ca\\\/fr\\\/evenements\\\/filmart-marche-international-du-film-et-de-la-television-de-hong-kong\\\/#primaryimage\"\n\t            },\n\t            \"thumbnailUrl\": \"https:\\\/\\\/stage.rdvcanada.ca\\\/wp-content\\\/uploads\\\/2019\\\/02\\\/hong-kong-ville.png\",\n\t            \"articleSection\": [\n\t                \"\u00c9v\u00e9nements\"\n\t            ],\n\t            \"inLanguage\": \"fr-CA\"\n\t        },\n\t        {\n\t            \"@type\": \"WebPage\",\n\t            \"@id\": \"https:\\\/\\\/stage.rdvcanada.ca\\\/fr\\\/evenements\\\/filmart-marche-international-du-film-et-de-la-television-de-hong-kong\\\/\",\n\t            \"url\": \"https:\\\/\\\/stage.rdvcanada.ca\\\/fr\\\/evenements\\\/filmart-marche-international-du-film-et-de-la-television-de-hong-kong\\\/\",\n\t            \"name\": \"FILMART: March\u00e9 international du film et de la t\u00e9l\u00e9vision de Hong Kong - Industrie Audiovisuelle Canadienne\",\n\t            \"isPartOf\": {\n\t                \"@id\": \"https:\\\/\\\/stage.rdvcanada.ca\\\/en\\\/#website\"\n\t            },\n\t            \"primaryImageOfPage\": {\n\t                \"@id\": \"https:\\\/\\\/stage.rdvcanada.ca\\\/fr\\\/evenements\\\/filmart-marche-international-du-film-et-de-la-television-de-hong-kong\\\/#primaryimage\"\n\t            },\n\t            \"image\": {\n\t                \"@id\": \"https:\\\/\\\/stage.rdvcanada.ca\\\/fr\\\/evenements\\\/filmart-marche-international-du-film-et-de-la-television-de-hong-kong\\\/#primaryimage\"\n\t            },\n\t            \"thumbnailUrl\": \"https:\\\/\\\/stage.rdvcanada.ca\\\/wp-content\\\/uploads\\\/2019\\\/02\\\/hong-kong-ville.png\",\n\t            \"datePublished\": \"2019-02-21T19:27:36+00:00\",\n\t            \"dateModified\": \"2019-03-05T18:55:37+00:00\",\n\t            \"author\": {\n\t                \"@id\": \"https:\\\/\\\/stage.rdvcanada.ca\\\/en\\\/#\\\/schema\\\/person\\\/974d174eafb0c9e906d2979ca4ed5280\"\n\t            },\n\t            \"description\": \"Le Canada est emball\u00e9 de d\u00e9voiler ses \u0153uvres \u00e0 FILMART cette ann\u00e9e! En collaboration avec Creative BC et avec le soutien du Hong Kong Trade Development\",\n\t            \"breadcrumb\": {\n\t                \"@id\": \"https:\\\/\\\/stage.rdvcanada.ca\\\/fr\\\/evenements\\\/filmart-marche-international-du-film-et-de-la-television-de-hong-kong\\\/#breadcrumb\"\n\t            },\n\t            \"inLanguage\": \"fr-CA\",\n\t            \"potentialAction\": [\n\t                {\n\t                    \"@type\": \"ReadAction\",\n\t                    \"target\": [\n\t                        \"https:\\\/\\\/stage.rdvcanada.ca\\\/fr\\\/evenements\\\/filmart-marche-international-du-film-et-de-la-television-de-hong-kong\\\/\"\n\t                    ]\n\t                }\n\t            ]\n\t        },\n\t        {\n\t            \"@type\": \"ImageObject\",\n\t            \"inLanguage\": \"fr-CA\",\n\t            \"@id\": \"https:\\\/\\\/stage.rdvcanada.ca\\\/fr\\\/evenements\\\/filmart-marche-international-du-film-et-de-la-television-de-hong-kong\\\/#primaryimage\",\n\t            \"url\": \"https:\\\/\\\/stage.rdvcanada.ca\\\/wp-content\\\/uploads\\\/2019\\\/02\\\/hong-kong-ville.png\",\n\t            \"contentUrl\": \"https:\\\/\\\/stage.rdvcanada.ca\\\/wp-content\\\/uploads\\\/2019\\\/02\\\/hong-kong-ville.png\",\n\t            \"width\": 1194,\n\t            \"height\": 497\n\t        },\n\t        {\n\t            \"@type\": \"BreadcrumbList\",\n\t            \"@id\": \"https:\\\/\\\/stage.rdvcanada.ca\\\/fr\\\/evenements\\\/filmart-marche-international-du-film-et-de-la-television-de-hong-kong\\\/#breadcrumb\",\n\t            \"itemListElement\": [\n\t                {\n\t                    \"@type\": \"ListItem\",\n\t                    \"position\": 1,\n\t                    \"name\": \"Home\",\n\t                    \"item\": \"https:\\\/\\\/stage.rdvcanada.ca\\\/en\\\/\"\n\t                },\n\t                {\n\t                    \"@type\": \"ListItem\",\n\t                    \"position\": 2,\n\t                    \"name\": \"FILMART: March\u00e9 international du film et de la t\u00e9l\u00e9vision de Hong Kong\"\n\t                }\n\t            ]\n\t        },\n\t        {\n\t            \"@type\": \"WebSite\",\n\t            \"@id\": \"https:\\\/\\\/stage.rdvcanada.ca\\\/en\\\/#website\",\n\t            \"url\": \"https:\\\/\\\/stage.rdvcanada.ca\\\/en\\\/\",\n\t            \"name\": \"RDVCanada.ca\",\n\t            \"description\": \"VOIR GRAND. D\u00e9couvrez le meilleur du talent Canadien \u00e0 travers le monde.\",\n\t            \"potentialAction\": [\n\t                {\n\t                    \"@type\": \"SearchAction\",\n\t                    \"target\": {\n\t                        \"@type\": \"EntryPoint\",\n\t                        \"urlTemplate\": \"https:\\\/\\\/stage.rdvcanada.ca\\\/en\\\/?s={search_term_string}\"\n\t                    },\n\t                    \"query-input\": {\n\t                        \"@type\": \"PropertyValueSpecification\",\n\t                        \"valueRequired\": true,\n\t                        \"valueName\": \"search_term_string\"\n\t                    }\n\t                }\n\t            ],\n\t            \"inLanguage\": \"fr-CA\"\n\t        },\n\t        {\n\t            \"@type\": \"Person\",\n\t            \"@id\": \"https:\\\/\\\/stage.rdvcanada.ca\\\/en\\\/#\\\/schema\\\/person\\\/974d174eafb0c9e906d2979ca4ed5280\",\n\t            \"name\": \"MF\"\n\t        }\n\t    ]\n\t}<\/script>\n<!-- \/ Yoast SEO plugin. -->","yoast_head_json":{"title":"FILMART: March\u00e9 international du film et de la t\u00e9l\u00e9vision de Hong Kong - Industrie Audiovisuelle Canadienne","description":"Le Canada est emball\u00e9 de d\u00e9voiler ses \u0153uvres \u00e0 FILMART cette ann\u00e9e! En collaboration avec Creative BC et avec le soutien du Hong Kong Trade Development","robots":{"index":"noindex","follow":"follow","max-snippet":"max-snippet:-1","max-image-preview":"max-image-preview:large","max-video-preview":"max-video-preview:-1"},"og_locale":"fr_CA","og_type":"article","og_title":"FILMART: March\u00e9 international du film et de la t\u00e9l\u00e9vision de Hong Kong - Industrie Audiovisuelle Canadienne","og_description":"Le Canada est emball\u00e9 de d\u00e9voiler ses \u0153uvres \u00e0 FILMART cette ann\u00e9e! En collaboration avec Creative BC et avec le soutien du Hong Kong Trade Development","og_url":"https:\/\/stage.rdvcanada.ca\/fr\/evenements\/filmart-marche-international-du-film-et-de-la-television-de-hong-kong\/","og_site_name":"RDVCanada.ca","article_publisher":"https:\/\/www.facebook.com\/telefilmcanada","article_published_time":"2019-02-21T19:27:36+00:00","article_modified_time":"2019-03-05T18:55:37+00:00","og_image":[{"width":1194,"height":497,"url":"https:\/\/stage.rdvcanada.ca\/wp-content\/uploads\/2019\/02\/hong-kong-ville.png","type":"image\/png"}],"author":"MF","twitter_card":"summary_large_image","twitter_creator":"@Telefilm_Canada","twitter_site":"@Telefilm_Canada","twitter_misc":{"\u00c9crit par":"MF","Estimation du temps de lecture":"2 minutes"},"schema":{"@context":"https:\/\/schema.org","@graph":[{"@type":"Article","@id":"https:\/\/stage.rdvcanada.ca\/fr\/evenements\/filmart-marche-international-du-film-et-de-la-television-de-hong-kong\/#article","isPartOf":{"@id":"https:\/\/stage.rdvcanada.ca\/fr\/evenements\/filmart-marche-international-du-film-et-de-la-television-de-hong-kong\/"},"author":{"name":"MF","@id":"https:\/\/stage.rdvcanada.ca\/en\/#\/schema\/person\/974d174eafb0c9e906d2979ca4ed5280"},"headline":"FILMART: March\u00e9 international du film et de la t\u00e9l\u00e9vision de Hong Kong","datePublished":"2019-02-21T19:27:36+00:00","dateModified":"2019-03-05T18:55:37+00:00","mainEntityOfPage":{"@id":"https:\/\/stage.rdvcanada.ca\/fr\/evenements\/filmart-marche-international-du-film-et-de-la-television-de-hong-kong\/"},"wordCount":481,"image":{"@id":"https:\/\/stage.rdvcanada.ca\/fr\/evenements\/filmart-marche-international-du-film-et-de-la-television-de-hong-kong\/#primaryimage"},"thumbnailUrl":"https:\/\/stage.rdvcanada.ca\/wp-content\/uploads\/2019\/02\/hong-kong-ville.png","articleSection":["\u00c9v\u00e9nements"],"inLanguage":"fr-CA"},{"@type":"WebPage","@id":"https:\/\/stage.rdvcanada.ca\/fr\/evenements\/filmart-marche-international-du-film-et-de-la-television-de-hong-kong\/","url":"https:\/\/stage.rdvcanada.ca\/fr\/evenements\/filmart-marche-international-du-film-et-de-la-television-de-hong-kong\/","name":"FILMART: March\u00e9 international du film et de la t\u00e9l\u00e9vision de Hong Kong - Industrie Audiovisuelle Canadienne","isPartOf":{"@id":"https:\/\/stage.rdvcanada.ca\/en\/#website"},"primaryImageOfPage":{"@id":"https:\/\/stage.rdvcanada.ca\/fr\/evenements\/filmart-marche-international-du-film-et-de-la-television-de-hong-kong\/#primaryimage"},"image":{"@id":"https:\/\/stage.rdvcanada.ca\/fr\/evenements\/filmart-marche-international-du-film-et-de-la-television-de-hong-kong\/#primaryimage"},"thumbnailUrl":"https:\/\/stage.rdvcanada.ca\/wp-content\/uploads\/2019\/02\/hong-kong-ville.png","datePublished":"2019-02-21T19:27:36+00:00","dateModified":"2019-03-05T18:55:37+00:00","author":{"@id":"https:\/\/stage.rdvcanada.ca\/en\/#\/schema\/person\/974d174eafb0c9e906d2979ca4ed5280"},"description":"Le Canada est emball\u00e9 de d\u00e9voiler ses \u0153uvres \u00e0 FILMART cette ann\u00e9e! En collaboration avec Creative BC et avec le soutien du Hong Kong Trade Development","breadcrumb":{"@id":"https:\/\/stage.rdvcanada.ca\/fr\/evenements\/filmart-marche-international-du-film-et-de-la-television-de-hong-kong\/#breadcrumb"},"inLanguage":"fr-CA","potentialAction":[{"@type":"ReadAction","target":["https:\/\/stage.rdvcanada.ca\/fr\/evenements\/filmart-marche-international-du-film-et-de-la-television-de-hong-kong\/"]}]},{"@type":"ImageObject","inLanguage":"fr-CA","@id":"https:\/\/stage.rdvcanada.ca\/fr\/evenements\/filmart-marche-international-du-film-et-de-la-television-de-hong-kong\/#primaryimage","url":"https:\/\/stage.rdvcanada.ca\/wp-content\/uploads\/2019\/02\/hong-kong-ville.png","contentUrl":"https:\/\/stage.rdvcanada.ca\/wp-content\/uploads\/2019\/02\/hong-kong-ville.png","width":1194,"height":497},{"@type":"BreadcrumbList","@id":"https:\/\/stage.rdvcanada.ca\/fr\/evenements\/filmart-marche-international-du-film-et-de-la-television-de-hong-kong\/#breadcrumb","itemListElement":[{"@type":"ListItem","position":1,"name":"Home","item":"https:\/\/stage.rdvcanada.ca\/en\/"},{"@type":"ListItem","position":2,"name":"FILMART: March\u00e9 international du film et de la t\u00e9l\u00e9vision de Hong Kong"}]},{"@type":"WebSite","@id":"https:\/\/stage.rdvcanada.ca\/en\/#website","url":"https:\/\/stage.rdvcanada.ca\/en\/","name":"RDVCanada.ca","description":"VOIR GRAND. D\u00e9couvrez le meilleur du talent Canadien \u00e0 travers le monde.","potentialAction":[{"@type":"SearchAction","target":{"@type":"EntryPoint","urlTemplate":"https:\/\/stage.rdvcanada.ca\/en\/?s={search_term_string}"},"query-input":{"@type":"PropertyValueSpecification","valueRequired":true,"valueName":"search_term_string"}}],"inLanguage":"fr-CA"},{"@type":"Person","@id":"https:\/\/stage.rdvcanada.ca\/en\/#\/schema\/person\/974d174eafb0c9e906d2979ca4ed5280","name":"MF"}]}},"_links":{"self":[{"href":"https:\/\/stage.rdvcanada.ca\/fr\/wp-json\/wp\/v2\/posts\/20921","targetHints":{"allow":["GET"]}}],"collection":[{"href":"https:\/\/stage.rdvcanada.ca\/fr\/wp-json\/wp\/v2\/posts"}],"about":[{"href":"https:\/\/stage.rdvcanada.ca\/fr\/wp-json\/wp\/v2\/types\/post"}],"author":[{"embeddable":true,"href":"https:\/\/stage.rdvcanada.ca\/fr\/wp-json\/wp\/v2\/users\/17"}],"replies":[{"embeddable":true,"href":"https:\/\/stage.rdvcanada.ca\/fr\/wp-json\/wp\/v2\/comments?post=20921"}],"version-history":[{"count":0,"href":"https:\/\/stage.rdvcanada.ca\/fr\/wp-json\/wp\/v2\/posts\/20921\/revisions"}],"wp:featuredmedia":[{"embeddable":true,"href":"https:\/\/stage.rdvcanada.ca\/fr\/wp-json\/wp\/v2\/media\/20920"}],"wp:attachment":[{"href":"https:\/\/stage.rdvcanada.ca\/fr\/wp-json\/wp\/v2\/media?parent=20921"}],"wp:term":[{"taxonomy":"category","embeddable":true,"href":"https:\/\/stage.rdvcanada.ca\/fr\/wp-json\/wp\/v2\/categories?post=20921"},{"taxonomy":"post_tag","embeddable":true,"href":"https:\/\/stage.rdvcanada.ca\/fr\/wp-json\/wp\/v2\/tags?post=20921"}],"curies":[{"name":"wp","href":"https:\/\/api.w.org\/{rel}","templated":true}]}}