{"id":21555,"date":"2019-03-12T13:58:00","date_gmt":"2019-03-12T17:58:00","guid":{"rendered":"https:\/\/stage.rdvcanada.ca\/?p=21555"},"modified":"2019-04-03T14:49:20","modified_gmt":"2019-04-03T18:49:20","slug":"une-belle-presence-canadienne-au-festival-international-du-film-de-hong-kong","status":"publish","type":"post","link":"https:\/\/stage.rdvcanada.ca\/fr\/evenements\/une-belle-presence-canadienne-au-festival-international-du-film-de-hong-kong\/","title":{"rendered":"Une belle pr\u00e9sence canadienne au Festival international du film de Hong Kong"},"content":{"rendered":"\t\t<div data-elementor-type=\"wp-post\" data-elementor-id=\"21555\" class=\"elementor elementor-21555 elementor-21511 elementor-bc-flex-widget\" data-elementor-post-type=\"post\">\n\t\t\t\t\t\t<section class=\"elementor-section elementor-top-section elementor-element elementor-element-19069f02 elementor-section-boxed elementor-section-height-default elementor-section-height-default\" data-id=\"19069f02\" data-element_type=\"section\" data-e-type=\"section\">\n\t\t\t\t\t\t<div class=\"elementor-container elementor-column-gap-default\">\n\t\t\t\t\t<div class=\"elementor-column elementor-col-100 elementor-top-column elementor-element elementor-element-4e746eb2\" data-id=\"4e746eb2\" data-element_type=\"column\" data-e-type=\"column\">\n\t\t\t<div class=\"elementor-widget-wrap elementor-element-populated\">\n\t\t\t\t\t\t\t<\/div>\n\t\t<\/div>\n\t\t\t\t\t<\/div>\n\t\t<\/section>\n\t\t\t\t<section class=\"elementor-section elementor-top-section elementor-element elementor-element-c4688b0 elementor-section-boxed elementor-section-height-default elementor-section-height-default\" data-id=\"c4688b0\" data-element_type=\"section\" data-e-type=\"section\">\n\t\t\t\t\t\t<div class=\"elementor-container elementor-column-gap-default\">\n\t\t\t\t\t<div class=\"elementor-column elementor-col-100 elementor-top-column elementor-element elementor-element-d5a85b1\" data-id=\"d5a85b1\" data-element_type=\"column\" data-e-type=\"column\">\n\t\t\t<div class=\"elementor-widget-wrap elementor-element-populated\">\n\t\t\t\t\t\t<div class=\"elementor-element elementor-element-a0a27a2 elementor-widget elementor-widget-text-editor\" data-id=\"a0a27a2\" data-element_type=\"widget\" data-e-type=\"widget\" data-widget_type=\"text-editor.default\">\n\t\t\t\t<div class=\"elementor-widget-container\">\n\t\t\t\t\t\t\t\t\t<h3>Cinq films canadiens ont \u00e9t\u00e9 s\u00e9lectionn\u00e9s pour faire partie de la 43<sup>e<\/sup> \u00e9dition du <a href=\"https:\/\/www.hkiff.org.hk\/\">Festival international du film de Hong Kong<\/a>, qui aura lieu du 18 mars au 1<sup>er<\/sup> avril 2019.<\/h3><p>Et du 18 au 21 mars, nous vous donnons rendez-vous au Pavillon du Canada pour le march\u00e9 du Hong Kong FILMART!\u00a0<a href=\"https:\/\/stage.rdvcanada.ca\/fr\/evenements\/filmart-marche-international-du-film-et-de-la-television-de-hong-kong\/\">Cliquez ici pour d\u00e9couvrir nos partenaires et notre pr\u00e9sence au march\u00e9<\/a>, et poursuivez votre lecture pour conna\u00eetre les trois documentaires et deux longs m\u00e9trages canadiens qui seront pr\u00e9sent\u00e9s, dont des nouveaut\u00e9s qui viennent tout juste de revenir de la Berlinale et du Festival du film de Sundance.<\/p><p>La coproduction Isra\u00ebl-Canada-Suisse\u00a0<em><u><a href=\"https:\/\/stage.rdvcanada.ca\/en\/product\/advocate\/\">L\u2019avocate<\/a><\/u><\/em>, dont l\u2019un des coproducteurs est le Canadien prim\u00e9 Paul Cadieux, raconte l\u2019histoire de Lea Tsemel, une avocate isra\u00e9lienne juive qui d\u00e9fend les Palestiniens et les prisonniers politiques. La cin\u00e9aste am\u00e9ricaine Rachel Leah Jones et le cin\u00e9aste fran\u00e7ais Philippe Bella\u00efche ont r\u00e9alis\u00e9 ce documentaire, dont la premi\u00e8re mondiale a \u00e9t\u00e9 pr\u00e9sent\u00e9e cette ann\u00e9e au Festival du film de Sundance, et qui fera partie du programme des Pr\u00e9sentations sp\u00e9ciales du festival Hot Docs de Toronto!<\/p><p><em>Bande-annonce en anglais uniquement<\/em><\/p>\t\t\t\t\t\t\t\t<\/div>\n\t\t\t\t<\/div>\n\t\t\t\t\t<\/div>\n\t\t<\/div>\n\t\t\t\t\t<\/div>\n\t\t<\/section>\n\t\t\t\t<section class=\"elementor-section elementor-top-section elementor-element elementor-element-ab3548d elementor-section-boxed elementor-section-height-default elementor-section-height-default\" data-id=\"ab3548d\" data-element_type=\"section\" data-e-type=\"section\">\n\t\t\t\t\t\t<div class=\"elementor-container elementor-column-gap-default\">\n\t\t\t\t\t<div class=\"elementor-column elementor-col-100 elementor-top-column elementor-element elementor-element-fa034d6\" data-id=\"fa034d6\" data-element_type=\"column\" data-e-type=\"column\">\n\t\t\t<div class=\"elementor-widget-wrap elementor-element-populated\">\n\t\t\t\t\t\t<div class=\"elementor-element elementor-element-4cf2563 elementor-widget elementor-widget-video\" data-id=\"4cf2563\" data-element_type=\"widget\" data-e-type=\"widget\" data-settings=\"{&quot;youtube_url&quot;:&quot;https:\\\/\\\/vimeo.com\\\/320517522&quot;,&quot;video_type&quot;:&quot;youtube&quot;,&quot;controls&quot;:&quot;yes&quot;}\" data-widget_type=\"video.default\">\n\t\t\t\t<div class=\"elementor-widget-container\">\n\t\t\t\t\t\t\t<div class=\"elementor-wrapper elementor-open-inline\">\n\t\t\t<div class=\"elementor-video\"><\/div>\t\t<\/div>\n\t\t\t\t\t\t<\/div>\n\t\t\t\t<\/div>\n\t\t\t\t\t<\/div>\n\t\t<\/div>\n\t\t\t\t\t<\/div>\n\t\t<\/section>\n\t\t\t\t<section class=\"elementor-section elementor-top-section elementor-element elementor-element-c36d7fb elementor-section-boxed elementor-section-height-default elementor-section-height-default\" data-id=\"c36d7fb\" data-element_type=\"section\" data-e-type=\"section\">\n\t\t\t\t\t\t<div class=\"elementor-container elementor-column-gap-default\">\n\t\t\t\t\t<div class=\"elementor-column elementor-col-100 elementor-top-column elementor-element elementor-element-ad09d6b\" data-id=\"ad09d6b\" data-element_type=\"column\" data-e-type=\"column\">\n\t\t\t<div class=\"elementor-widget-wrap elementor-element-populated\">\n\t\t\t\t\t\t<div class=\"elementor-element elementor-element-0b9214c elementor-widget elementor-widget-text-editor\" data-id=\"0b9214c\" data-element_type=\"widget\" data-e-type=\"widget\" data-widget_type=\"text-editor.default\">\n\t\t\t\t<div class=\"elementor-widget-container\">\n\t\t\t\t\t\t\t\t\t<p><em><u><a href=\"https:\/\/stage.rdvcanada.ca\/fr\/produit\/anthropocene-lepoque-humaine\/\">Anthropoc\u00e8ne \u2013 L\u2019\u00e9poque humaine<\/a><\/u><\/em>\u00a0est un documentaire canadien r\u00e9alis\u00e9 par Jennifer Baichwal, Nicholas de Pencier et Edward Burtynsky. Ce film exp\u00e9rientiel sur la fa\u00e7on dont les humains ont recon\u00e7u la plan\u00e8te continue de captiver les auditoires sur le circuit des festivals, du Festival international du film de Toronto au Festival de Sundance, en passant par le Festival international du film de Berlin et maintenant Hong Kong, pour n\u2019en nommer que quelques-uns! Avec des sc\u00e8nes tourn\u00e9es en Chine, en Allemagne, en Russie, au Kenya, au Chili et ailleurs, ce film a remport\u00e9 plusieurs r\u00e9compenses, dont le prix Rogers du meilleur film canadien (de la Toronto Film Critics Association) et celui du meilleur documentaire canadien (du Vancouver Film Critics Circle).<\/p>\t\t\t\t\t\t\t\t<\/div>\n\t\t\t\t<\/div>\n\t\t\t\t\t<\/div>\n\t\t<\/div>\n\t\t\t\t\t<\/div>\n\t\t<\/section>\n\t\t\t\t<section class=\"elementor-section elementor-top-section elementor-element elementor-element-03a7fb6 elementor-section-boxed elementor-section-height-default elementor-section-height-default\" data-id=\"03a7fb6\" data-element_type=\"section\" data-e-type=\"section\">\n\t\t\t\t\t\t<div class=\"elementor-container elementor-column-gap-default\">\n\t\t\t\t\t<div class=\"elementor-column elementor-col-100 elementor-top-column elementor-element elementor-element-cb8b45b\" data-id=\"cb8b45b\" data-element_type=\"column\" data-e-type=\"column\">\n\t\t\t<div class=\"elementor-widget-wrap elementor-element-populated\">\n\t\t\t\t\t\t<div class=\"elementor-element elementor-element-2d6ed7f elementor-widget elementor-widget-video\" data-id=\"2d6ed7f\" data-element_type=\"widget\" data-e-type=\"widget\" data-settings=\"{&quot;youtube_url&quot;:&quot;https:\\\/\\\/www.youtube.com\\\/watch?v=wtLXI7m0nuo&quot;,&quot;video_type&quot;:&quot;youtube&quot;,&quot;controls&quot;:&quot;yes&quot;}\" data-widget_type=\"video.default\">\n\t\t\t\t<div class=\"elementor-widget-container\">\n\t\t\t\t\t\t\t<div class=\"elementor-wrapper elementor-open-inline\">\n\t\t\t<div class=\"elementor-video\"><\/div>\t\t<\/div>\n\t\t\t\t\t\t<\/div>\n\t\t\t\t<\/div>\n\t\t\t\t\t<\/div>\n\t\t<\/div>\n\t\t\t\t\t<\/div>\n\t\t<\/section>\n\t\t\t\t<section class=\"elementor-section elementor-top-section elementor-element elementor-element-6dd0b60 elementor-section-boxed elementor-section-height-default elementor-section-height-default\" data-id=\"6dd0b60\" data-element_type=\"section\" data-e-type=\"section\">\n\t\t\t\t\t\t<div class=\"elementor-container elementor-column-gap-default\">\n\t\t\t\t\t<div class=\"elementor-column elementor-col-50 elementor-top-column elementor-element elementor-element-bb53ddb\" data-id=\"bb53ddb\" data-element_type=\"column\" data-e-type=\"column\">\n\t\t\t<div class=\"elementor-widget-wrap elementor-element-populated\">\n\t\t\t\t\t\t<div class=\"elementor-element elementor-element-5e9cdaa elementor-widget elementor-widget-video\" data-id=\"5e9cdaa\" data-element_type=\"widget\" data-e-type=\"widget\" data-settings=\"{&quot;youtube_url&quot;:&quot;https:\\\/\\\/www.youtube.com\\\/watch?v=Hseo-RuXSW0&quot;,&quot;video_type&quot;:&quot;youtube&quot;,&quot;controls&quot;:&quot;yes&quot;}\" data-widget_type=\"video.default\">\n\t\t\t\t<div class=\"elementor-widget-container\">\n\t\t\t\t\t\t\t<div class=\"elementor-wrapper elementor-open-inline\">\n\t\t\t<div class=\"elementor-video\"><\/div>\t\t<\/div>\n\t\t\t\t\t\t<\/div>\n\t\t\t\t<\/div>\n\t\t\t\t\t<\/div>\n\t\t<\/div>\n\t\t\t\t<div class=\"elementor-column elementor-col-50 elementor-top-column elementor-element elementor-element-c67ec22\" data-id=\"c67ec22\" data-element_type=\"column\" data-e-type=\"column\">\n\t\t\t<div class=\"elementor-widget-wrap elementor-element-populated\">\n\t\t\t\t\t\t<div class=\"elementor-element elementor-element-78cdd60 elementor-widget elementor-widget-text-editor\" data-id=\"78cdd60\" data-element_type=\"widget\" data-e-type=\"widget\" data-widget_type=\"text-editor.default\">\n\t\t\t\t<div class=\"elementor-widget-container\">\n\t\t\t\t\t\t\t\t\t<p>Apr\u00e8s avoir \u00e9t\u00e9 pr\u00e9sent\u00e9 en premi\u00e8re mondiale et en comp\u00e9tition \u00e0 la Berlinale de cette ann\u00e9e,\u00a0<em><u><a href=\"https:\/\/stage.rdvcanada.ca\/fr\/produit\/repertoire-des-villes-disparues\/\">R\u00e9pertoire des villes disparues<\/a><\/u><\/em>\u00a0de Denis C\u00f4t\u00e9 est en route pour Hong Kong. Ce long m\u00e9trage raconte l\u2019histoire d\u2019une petite ville du Qu\u00e9bec qui commence \u00e0 \u00eatre envahie par des fant\u00f4mes apr\u00e8s la mort dans un accident de voiture d\u2019un de ses adolescents.<\/p>\t\t\t\t\t\t\t\t<\/div>\n\t\t\t\t<\/div>\n\t\t\t\t\t<\/div>\n\t\t<\/div>\n\t\t\t\t\t<\/div>\n\t\t<\/section>\n\t\t\t\t<section class=\"elementor-section elementor-top-section elementor-element elementor-element-704cdb9 elementor-section-boxed elementor-section-height-default elementor-section-height-default\" data-id=\"704cdb9\" data-element_type=\"section\" data-e-type=\"section\">\n\t\t\t\t\t\t<div class=\"elementor-container elementor-column-gap-default\">\n\t\t\t\t\t<div class=\"elementor-column elementor-col-100 elementor-top-column elementor-element elementor-element-e682558\" data-id=\"e682558\" data-element_type=\"column\" data-e-type=\"column\">\n\t\t\t<div class=\"elementor-widget-wrap elementor-element-populated\">\n\t\t\t\t\t\t<div class=\"elementor-element elementor-element-2e74501 elementor-widget elementor-widget-text-editor\" data-id=\"2e74501\" data-element_type=\"widget\" data-e-type=\"widget\" data-widget_type=\"text-editor.default\">\n\t\t\t\t<div class=\"elementor-widget-container\">\n\t\t\t\t\t\t\t\t\t<p>Que feriez-vous si vous trouviez des sacs remplis d\u2019argent laiss\u00e9s sur place apr\u00e8s un cambriolage? C\u2019est le dilemme auquel est confront\u00e9 un \u00e9tudiant en philosophie dans\u00a0<em><u><a href=\"https:\/\/stage.rdvcanada.ca\/fr\/produit\/la-chute-de-lempire-americain-2\/\">La chute de l\u2019empire am\u00e9ricain<\/a><\/u><\/em>\u00a0de Denys Arcand. Apr\u00e8s son passage au TIFF, le film a remport\u00e9 le tr\u00e8s convoit\u00e9 prix FIPRESCI (de la F\u00e9d\u00e9ration internationale de la presse cin\u00e9matographique) au Festival international du film de Valladolid en Espagne! Les cin\u00e9philes reconna\u00eetront dans le titre un clin d\u2019\u0153il au grand succ\u00e8s oscaris\u00e9 de 1986 du r\u00e9alisateur qu\u00e9b\u00e9cois,\u00a0<em>Le D\u00e9clin de l&#8217;empire am\u00e9ricain.<\/em><\/p>\t\t\t\t\t\t\t\t<\/div>\n\t\t\t\t<\/div>\n\t\t\t\t\t<\/div>\n\t\t<\/div>\n\t\t\t\t\t<\/div>\n\t\t<\/section>\n\t\t\t\t<section class=\"elementor-section elementor-top-section elementor-element elementor-element-d545ca4 elementor-section-boxed elementor-section-height-default elementor-section-height-default\" data-id=\"d545ca4\" data-element_type=\"section\" data-e-type=\"section\">\n\t\t\t\t\t\t<div class=\"elementor-container elementor-column-gap-default\">\n\t\t\t\t\t<div class=\"elementor-column elementor-col-100 elementor-top-column elementor-element elementor-element-6885de0\" data-id=\"6885de0\" data-element_type=\"column\" data-e-type=\"column\">\n\t\t\t<div class=\"elementor-widget-wrap elementor-element-populated\">\n\t\t\t\t\t\t<div class=\"elementor-element elementor-element-c25796f elementor-widget elementor-widget-video\" data-id=\"c25796f\" data-element_type=\"widget\" data-e-type=\"widget\" data-settings=\"{&quot;youtube_url&quot;:&quot;https:\\\/\\\/www.youtube.com\\\/watch?v=PEyVygy2WNQ&quot;,&quot;video_type&quot;:&quot;youtube&quot;,&quot;controls&quot;:&quot;yes&quot;}\" data-widget_type=\"video.default\">\n\t\t\t\t<div class=\"elementor-widget-container\">\n\t\t\t\t\t\t\t<div class=\"elementor-wrapper elementor-open-inline\">\n\t\t\t<div class=\"elementor-video\"><\/div>\t\t<\/div>\n\t\t\t\t\t\t<\/div>\n\t\t\t\t<\/div>\n\t\t\t\t\t<\/div>\n\t\t<\/div>\n\t\t\t\t\t<\/div>\n\t\t<\/section>\n\t\t\t\t<section class=\"elementor-section elementor-top-section elementor-element elementor-element-419dcfe elementor-section-boxed elementor-section-height-default elementor-section-height-default\" data-id=\"419dcfe\" data-element_type=\"section\" data-e-type=\"section\">\n\t\t\t\t\t\t<div class=\"elementor-container elementor-column-gap-default\">\n\t\t\t\t\t<div class=\"elementor-column elementor-col-50 elementor-top-column elementor-element elementor-element-f610d10\" data-id=\"f610d10\" data-element_type=\"column\" data-e-type=\"column\">\n\t\t\t<div class=\"elementor-widget-wrap elementor-element-populated\">\n\t\t\t\t\t\t<div class=\"elementor-element elementor-element-27aa513 elementor-widget elementor-widget-video\" data-id=\"27aa513\" data-element_type=\"widget\" data-e-type=\"widget\" data-settings=\"{&quot;youtube_url&quot;:&quot;https:\\\/\\\/www.youtube.com\\\/embed\\\/bV6rb012EGI&quot;,&quot;video_type&quot;:&quot;youtube&quot;,&quot;controls&quot;:&quot;yes&quot;}\" data-widget_type=\"video.default\">\n\t\t\t\t<div class=\"elementor-widget-container\">\n\t\t\t\t\t\t\t<div class=\"elementor-wrapper elementor-open-inline\">\n\t\t\t<div class=\"elementor-video\"><\/div>\t\t<\/div>\n\t\t\t\t\t\t<\/div>\n\t\t\t\t<\/div>\n\t\t\t\t\t<\/div>\n\t\t<\/div>\n\t\t\t\t<div class=\"elementor-column elementor-col-50 elementor-top-column elementor-element elementor-element-4604634\" data-id=\"4604634\" data-element_type=\"column\" data-e-type=\"column\">\n\t\t\t<div class=\"elementor-widget-wrap elementor-element-populated\">\n\t\t\t\t\t\t<div class=\"elementor-element elementor-element-293ca0c elementor-widget elementor-widget-text-editor\" data-id=\"293ca0c\" data-element_type=\"widget\" data-e-type=\"widget\" data-widget_type=\"text-editor.default\">\n\t\t\t\t<div class=\"elementor-widget-container\">\n\t\t\t\t\t\t\t\t\t<p>Et enfin,\u00a0<em><u><a href=\"https:\/\/www.hkiff.org.hk\/film\/getdetail?fid=471\">Fausto<\/a><\/u><\/em>\u00a0! Inspir\u00e9 du\u00a0<em>Faust<\/em>\u00a0de Goethe, cette coproduction Mexique-Canada a \u00e9t\u00e9 r\u00e9alis\u00e9e par la cin\u00e9aste torontoise Andrea Bussman. Tourn\u00e9 \u00e0 Oaxaca, au Mexique, ce documentaire a remport\u00e9 jusqu\u2019\u00e0 maintenant une mention sp\u00e9ciale dans le cadre de la comp\u00e9tition Filmmakers of the Present au Festival international du film de Locarno 2018, ainsi que le prix du meilleur film latino-am\u00e9ricain au Festival du film Mar del Plata.<\/p>\t\t\t\t\t\t\t\t<\/div>\n\t\t\t\t<\/div>\n\t\t\t\t\t<\/div>\n\t\t<\/div>\n\t\t\t\t\t<\/div>\n\t\t<\/section>\n\t\t\t\t<section class=\"elementor-section elementor-top-section elementor-element elementor-element-428b3d5 elementor-section-boxed elementor-section-height-default elementor-section-height-default\" data-id=\"428b3d5\" data-element_type=\"section\" data-e-type=\"section\">\n\t\t\t\t\t\t<div class=\"elementor-container elementor-column-gap-default\">\n\t\t\t\t\t<div class=\"elementor-column elementor-col-100 elementor-top-column elementor-element elementor-element-daeaa35\" data-id=\"daeaa35\" data-element_type=\"column\" data-e-type=\"column\">\n\t\t\t<div class=\"elementor-widget-wrap elementor-element-populated\">\n\t\t\t\t\t\t<div class=\"elementor-element elementor-element-0fc1432 elementor-widget elementor-widget-text-editor\" data-id=\"0fc1432\" data-element_type=\"widget\" data-e-type=\"widget\" data-widget_type=\"text-editor.default\">\n\t\t\t\t<div class=\"elementor-widget-container\">\n\t\t\t\t\t\t\t\t\t<p>Bonus : T\u00e9l\u00e9film Canada pr\u00e9sentera deux projections\u00a0<em>Un Premier Regard<\/em>\u00a0au march\u00e9! Cette s\u00e9lection d\u2019extraits d\u2019une dur\u00e9e de 35 minutes vous fera d\u00e9couvrir les nouveaux films canadiens qui seront sur le circuit des festivals internationaux lors du printemps et de l\u2019\u00e9t\u00e9 2019.<\/p><p>Saviez-vous que notre\u00a0<strong>Programme d\u2019aide \u00e0 l\u2019exportation<\/strong>\u00a0fournit un soutien\u00a0financier aux compagnies de distribution qui font l\u2019acquisition de longs m\u00e9trages canadiens? Pour plus d&#8217;information,\u00a0<a href=\"https:\/\/telefilm.ca\/fr\/financement\/programme-exportation\">cliquez ici<\/a>.<\/p>\t\t\t\t\t\t\t\t<\/div>\n\t\t\t\t<\/div>\n\t\t\t\t\t<\/div>\n\t\t<\/div>\n\t\t\t\t\t<\/div>\n\t\t<\/section>\n\t\t\t\t<\/div>\n\t\t","protected":false},"excerpt":{"rendered":"<p>Cinq films canadiens ont \u00e9t\u00e9 s\u00e9lectionn\u00e9s pour faire partie de&#8230;<\/p>\n","protected":false},"author":17,"featured_media":21556,"comment_status":"closed","ping_status":"open","sticky":false,"template":"","format":"standard","meta":{"_acf_changed":false,"_crdt_document":"","footnotes":""},"categories":[331],"tags":[],"class_list":["post-21555","post","type-post","status-publish","format-standard","has-post-thumbnail","hentry","category-evenements"],"acf":[],"yoast_head":"<!-- This site is optimized with the Yoast SEO plugin v27.5 - https:\/\/yoast.com\/product\/yoast-seo-wordpress\/ -->\n<title>Une belle pr\u00e9sence canadienne au Festival international du film de Hong Kong - Industrie Audiovisuelle Canadienne<\/title>\n<meta name=\"description\" content=\"Cinq films canadiens ont \u00e9t\u00e9 s\u00e9lectionn\u00e9s pour faire partie de la 43e \u00e9dition du Festival international du film de Hong Kong, qui aura lieu du 18 mars au\" \/>\n<meta name=\"robots\" content=\"noindex, follow, max-snippet:-1, max-image-preview:large, max-video-preview:-1\" \/>\n<meta property=\"og:locale\" content=\"fr_CA\" \/>\n<meta property=\"og:type\" content=\"article\" \/>\n<meta property=\"og:title\" content=\"Une belle pr\u00e9sence canadienne au Festival international du film de Hong Kong - Industrie Audiovisuelle Canadienne\" \/>\n<meta property=\"og:description\" content=\"Cinq films canadiens ont \u00e9t\u00e9 s\u00e9lectionn\u00e9s pour faire partie de la 43e \u00e9dition du Festival international du film de Hong Kong, qui aura lieu du 18 mars au\" \/>\n<meta property=\"og:url\" content=\"https:\/\/stage.rdvcanada.ca\/fr\/evenements\/une-belle-presence-canadienne-au-festival-international-du-film-de-hong-kong\/\" \/>\n<meta property=\"og:site_name\" content=\"RDVCanada.ca\" \/>\n<meta property=\"article:publisher\" content=\"https:\/\/www.facebook.com\/telefilmcanada\" \/>\n<meta property=\"article:published_time\" content=\"2019-03-12T17:58:00+00:00\" \/>\n<meta property=\"article:modified_time\" content=\"2019-04-03T18:49:20+00:00\" \/>\n<meta property=\"og:image\" content=\"https:\/\/stage.rdvcanada.ca\/wp-content\/uploads\/2019\/03\/anthropocene-news.jpg\" \/>\n\t<meta property=\"og:image:width\" content=\"1240\" \/>\n\t<meta property=\"og:image:height\" content=\"516\" \/>\n\t<meta property=\"og:image:type\" content=\"image\/jpeg\" \/>\n<meta name=\"author\" content=\"MF\" \/>\n<meta name=\"twitter:card\" content=\"summary_large_image\" \/>\n<meta name=\"twitter:creator\" content=\"@Telefilm_Canada\" \/>\n<meta name=\"twitter:site\" content=\"@Telefilm_Canada\" \/>\n<meta name=\"twitter:label1\" content=\"\u00c9crit par\" \/>\n\t<meta name=\"twitter:data1\" content=\"MF\" \/>\n\t<meta name=\"twitter:label2\" content=\"Estimation du temps de lecture\" \/>\n\t<meta name=\"twitter:data2\" content=\"3 minutes\" \/>\n<script type=\"application\/ld+json\" class=\"yoast-schema-graph\">{\n\t    \"@context\": \"https:\\\/\\\/schema.org\",\n\t    \"@graph\": [\n\t        {\n\t            \"@type\": \"Article\",\n\t            \"@id\": \"https:\\\/\\\/stage.rdvcanada.ca\\\/fr\\\/evenements\\\/une-belle-presence-canadienne-au-festival-international-du-film-de-hong-kong\\\/#article\",\n\t            \"isPartOf\": {\n\t                \"@id\": \"https:\\\/\\\/stage.rdvcanada.ca\\\/fr\\\/evenements\\\/une-belle-presence-canadienne-au-festival-international-du-film-de-hong-kong\\\/\"\n\t            },\n\t            \"author\": {\n\t                \"name\": \"MF\",\n\t                \"@id\": \"https:\\\/\\\/stage.rdvcanada.ca\\\/en\\\/#\\\/schema\\\/person\\\/974d174eafb0c9e906d2979ca4ed5280\"\n\t            },\n\t            \"headline\": \"Une belle pr\u00e9sence canadienne au Festival international du film de Hong Kong\",\n\t            \"datePublished\": \"2019-03-12T17:58:00+00:00\",\n\t            \"dateModified\": \"2019-04-03T18:49:20+00:00\",\n\t            \"mainEntityOfPage\": {\n\t                \"@id\": \"https:\\\/\\\/stage.rdvcanada.ca\\\/fr\\\/evenements\\\/une-belle-presence-canadienne-au-festival-international-du-film-de-hong-kong\\\/\"\n\t            },\n\t            \"wordCount\": 706,\n\t            \"image\": {\n\t                \"@id\": \"https:\\\/\\\/stage.rdvcanada.ca\\\/fr\\\/evenements\\\/une-belle-presence-canadienne-au-festival-international-du-film-de-hong-kong\\\/#primaryimage\"\n\t            },\n\t            \"thumbnailUrl\": \"https:\\\/\\\/stage.rdvcanada.ca\\\/wp-content\\\/uploads\\\/2019\\\/03\\\/anthropocene-news.jpg\",\n\t            \"articleSection\": [\n\t                \"\u00c9v\u00e9nements\"\n\t            ],\n\t            \"inLanguage\": \"fr-CA\"\n\t        },\n\t        {\n\t            \"@type\": \"WebPage\",\n\t            \"@id\": \"https:\\\/\\\/stage.rdvcanada.ca\\\/fr\\\/evenements\\\/une-belle-presence-canadienne-au-festival-international-du-film-de-hong-kong\\\/\",\n\t            \"url\": \"https:\\\/\\\/stage.rdvcanada.ca\\\/fr\\\/evenements\\\/une-belle-presence-canadienne-au-festival-international-du-film-de-hong-kong\\\/\",\n\t            \"name\": \"Une belle pr\u00e9sence canadienne au Festival international du film de Hong Kong - Industrie Audiovisuelle Canadienne\",\n\t            \"isPartOf\": {\n\t                \"@id\": \"https:\\\/\\\/stage.rdvcanada.ca\\\/en\\\/#website\"\n\t            },\n\t            \"primaryImageOfPage\": {\n\t                \"@id\": \"https:\\\/\\\/stage.rdvcanada.ca\\\/fr\\\/evenements\\\/une-belle-presence-canadienne-au-festival-international-du-film-de-hong-kong\\\/#primaryimage\"\n\t            },\n\t            \"image\": {\n\t                \"@id\": \"https:\\\/\\\/stage.rdvcanada.ca\\\/fr\\\/evenements\\\/une-belle-presence-canadienne-au-festival-international-du-film-de-hong-kong\\\/#primaryimage\"\n\t            },\n\t            \"thumbnailUrl\": \"https:\\\/\\\/stage.rdvcanada.ca\\\/wp-content\\\/uploads\\\/2019\\\/03\\\/anthropocene-news.jpg\",\n\t            \"datePublished\": \"2019-03-12T17:58:00+00:00\",\n\t            \"dateModified\": \"2019-04-03T18:49:20+00:00\",\n\t            \"author\": {\n\t                \"@id\": \"https:\\\/\\\/stage.rdvcanada.ca\\\/en\\\/#\\\/schema\\\/person\\\/974d174eafb0c9e906d2979ca4ed5280\"\n\t            },\n\t            \"description\": \"Cinq films canadiens ont \u00e9t\u00e9 s\u00e9lectionn\u00e9s pour faire partie de la 43e \u00e9dition du Festival international du film de Hong Kong, qui aura lieu du 18 mars au\",\n\t            \"breadcrumb\": {\n\t                \"@id\": \"https:\\\/\\\/stage.rdvcanada.ca\\\/fr\\\/evenements\\\/une-belle-presence-canadienne-au-festival-international-du-film-de-hong-kong\\\/#breadcrumb\"\n\t            },\n\t            \"inLanguage\": \"fr-CA\",\n\t            \"potentialAction\": [\n\t                {\n\t                    \"@type\": \"ReadAction\",\n\t                    \"target\": [\n\t                        \"https:\\\/\\\/stage.rdvcanada.ca\\\/fr\\\/evenements\\\/une-belle-presence-canadienne-au-festival-international-du-film-de-hong-kong\\\/\"\n\t                    ]\n\t                }\n\t            ]\n\t        },\n\t        {\n\t            \"@type\": \"ImageObject\",\n\t            \"inLanguage\": \"fr-CA\",\n\t            \"@id\": \"https:\\\/\\\/stage.rdvcanada.ca\\\/fr\\\/evenements\\\/une-belle-presence-canadienne-au-festival-international-du-film-de-hong-kong\\\/#primaryimage\",\n\t            \"url\": \"https:\\\/\\\/stage.rdvcanada.ca\\\/wp-content\\\/uploads\\\/2019\\\/03\\\/anthropocene-news.jpg\",\n\t            \"contentUrl\": \"https:\\\/\\\/stage.rdvcanada.ca\\\/wp-content\\\/uploads\\\/2019\\\/03\\\/anthropocene-news.jpg\",\n\t            \"width\": 1240,\n\t            \"height\": 516\n\t        },\n\t        {\n\t            \"@type\": \"BreadcrumbList\",\n\t            \"@id\": \"https:\\\/\\\/stage.rdvcanada.ca\\\/fr\\\/evenements\\\/une-belle-presence-canadienne-au-festival-international-du-film-de-hong-kong\\\/#breadcrumb\",\n\t            \"itemListElement\": [\n\t                {\n\t                    \"@type\": \"ListItem\",\n\t                    \"position\": 1,\n\t                    \"name\": \"Home\",\n\t                    \"item\": \"https:\\\/\\\/stage.rdvcanada.ca\\\/en\\\/\"\n\t                },\n\t                {\n\t                    \"@type\": \"ListItem\",\n\t                    \"position\": 2,\n\t                    \"name\": \"Une belle pr\u00e9sence canadienne au Festival international du film de Hong Kong\"\n\t                }\n\t            ]\n\t        },\n\t        {\n\t            \"@type\": \"WebSite\",\n\t            \"@id\": \"https:\\\/\\\/stage.rdvcanada.ca\\\/en\\\/#website\",\n\t            \"url\": \"https:\\\/\\\/stage.rdvcanada.ca\\\/en\\\/\",\n\t            \"name\": \"RDVCanada.ca\",\n\t            \"description\": \"VOIR GRAND. D\u00e9couvrez le meilleur du talent Canadien \u00e0 travers le monde.\",\n\t            \"potentialAction\": [\n\t                {\n\t                    \"@type\": \"SearchAction\",\n\t                    \"target\": {\n\t                        \"@type\": \"EntryPoint\",\n\t                        \"urlTemplate\": \"https:\\\/\\\/stage.rdvcanada.ca\\\/en\\\/?s={search_term_string}\"\n\t                    },\n\t                    \"query-input\": {\n\t                        \"@type\": \"PropertyValueSpecification\",\n\t                        \"valueRequired\": true,\n\t                        \"valueName\": \"search_term_string\"\n\t                    }\n\t                }\n\t            ],\n\t            \"inLanguage\": \"fr-CA\"\n\t        },\n\t        {\n\t            \"@type\": \"Person\",\n\t            \"@id\": \"https:\\\/\\\/stage.rdvcanada.ca\\\/en\\\/#\\\/schema\\\/person\\\/974d174eafb0c9e906d2979ca4ed5280\",\n\t            \"name\": \"MF\"\n\t        }\n\t    ]\n\t}<\/script>\n<!-- \/ Yoast SEO plugin. -->","yoast_head_json":{"title":"Une belle pr\u00e9sence canadienne au Festival international du film de Hong Kong - Industrie Audiovisuelle Canadienne","description":"Cinq films canadiens ont \u00e9t\u00e9 s\u00e9lectionn\u00e9s pour faire partie de la 43e \u00e9dition du Festival international du film de Hong Kong, qui aura lieu du 18 mars au","robots":{"index":"noindex","follow":"follow","max-snippet":"max-snippet:-1","max-image-preview":"max-image-preview:large","max-video-preview":"max-video-preview:-1"},"og_locale":"fr_CA","og_type":"article","og_title":"Une belle pr\u00e9sence canadienne au Festival international du film de Hong Kong - Industrie Audiovisuelle Canadienne","og_description":"Cinq films canadiens ont \u00e9t\u00e9 s\u00e9lectionn\u00e9s pour faire partie de la 43e \u00e9dition du Festival international du film de Hong Kong, qui aura lieu du 18 mars au","og_url":"https:\/\/stage.rdvcanada.ca\/fr\/evenements\/une-belle-presence-canadienne-au-festival-international-du-film-de-hong-kong\/","og_site_name":"RDVCanada.ca","article_publisher":"https:\/\/www.facebook.com\/telefilmcanada","article_published_time":"2019-03-12T17:58:00+00:00","article_modified_time":"2019-04-03T18:49:20+00:00","og_image":[{"width":1240,"height":516,"url":"https:\/\/stage.rdvcanada.ca\/wp-content\/uploads\/2019\/03\/anthropocene-news.jpg","type":"image\/jpeg"}],"author":"MF","twitter_card":"summary_large_image","twitter_creator":"@Telefilm_Canada","twitter_site":"@Telefilm_Canada","twitter_misc":{"\u00c9crit par":"MF","Estimation du temps de lecture":"3 minutes"},"schema":{"@context":"https:\/\/schema.org","@graph":[{"@type":"Article","@id":"https:\/\/stage.rdvcanada.ca\/fr\/evenements\/une-belle-presence-canadienne-au-festival-international-du-film-de-hong-kong\/#article","isPartOf":{"@id":"https:\/\/stage.rdvcanada.ca\/fr\/evenements\/une-belle-presence-canadienne-au-festival-international-du-film-de-hong-kong\/"},"author":{"name":"MF","@id":"https:\/\/stage.rdvcanada.ca\/en\/#\/schema\/person\/974d174eafb0c9e906d2979ca4ed5280"},"headline":"Une belle pr\u00e9sence canadienne au Festival international du film de Hong Kong","datePublished":"2019-03-12T17:58:00+00:00","dateModified":"2019-04-03T18:49:20+00:00","mainEntityOfPage":{"@id":"https:\/\/stage.rdvcanada.ca\/fr\/evenements\/une-belle-presence-canadienne-au-festival-international-du-film-de-hong-kong\/"},"wordCount":706,"image":{"@id":"https:\/\/stage.rdvcanada.ca\/fr\/evenements\/une-belle-presence-canadienne-au-festival-international-du-film-de-hong-kong\/#primaryimage"},"thumbnailUrl":"https:\/\/stage.rdvcanada.ca\/wp-content\/uploads\/2019\/03\/anthropocene-news.jpg","articleSection":["\u00c9v\u00e9nements"],"inLanguage":"fr-CA"},{"@type":"WebPage","@id":"https:\/\/stage.rdvcanada.ca\/fr\/evenements\/une-belle-presence-canadienne-au-festival-international-du-film-de-hong-kong\/","url":"https:\/\/stage.rdvcanada.ca\/fr\/evenements\/une-belle-presence-canadienne-au-festival-international-du-film-de-hong-kong\/","name":"Une belle pr\u00e9sence canadienne au Festival international du film de Hong Kong - Industrie Audiovisuelle Canadienne","isPartOf":{"@id":"https:\/\/stage.rdvcanada.ca\/en\/#website"},"primaryImageOfPage":{"@id":"https:\/\/stage.rdvcanada.ca\/fr\/evenements\/une-belle-presence-canadienne-au-festival-international-du-film-de-hong-kong\/#primaryimage"},"image":{"@id":"https:\/\/stage.rdvcanada.ca\/fr\/evenements\/une-belle-presence-canadienne-au-festival-international-du-film-de-hong-kong\/#primaryimage"},"thumbnailUrl":"https:\/\/stage.rdvcanada.ca\/wp-content\/uploads\/2019\/03\/anthropocene-news.jpg","datePublished":"2019-03-12T17:58:00+00:00","dateModified":"2019-04-03T18:49:20+00:00","author":{"@id":"https:\/\/stage.rdvcanada.ca\/en\/#\/schema\/person\/974d174eafb0c9e906d2979ca4ed5280"},"description":"Cinq films canadiens ont \u00e9t\u00e9 s\u00e9lectionn\u00e9s pour faire partie de la 43e \u00e9dition du Festival international du film de Hong Kong, qui aura lieu du 18 mars au","breadcrumb":{"@id":"https:\/\/stage.rdvcanada.ca\/fr\/evenements\/une-belle-presence-canadienne-au-festival-international-du-film-de-hong-kong\/#breadcrumb"},"inLanguage":"fr-CA","potentialAction":[{"@type":"ReadAction","target":["https:\/\/stage.rdvcanada.ca\/fr\/evenements\/une-belle-presence-canadienne-au-festival-international-du-film-de-hong-kong\/"]}]},{"@type":"ImageObject","inLanguage":"fr-CA","@id":"https:\/\/stage.rdvcanada.ca\/fr\/evenements\/une-belle-presence-canadienne-au-festival-international-du-film-de-hong-kong\/#primaryimage","url":"https:\/\/stage.rdvcanada.ca\/wp-content\/uploads\/2019\/03\/anthropocene-news.jpg","contentUrl":"https:\/\/stage.rdvcanada.ca\/wp-content\/uploads\/2019\/03\/anthropocene-news.jpg","width":1240,"height":516},{"@type":"BreadcrumbList","@id":"https:\/\/stage.rdvcanada.ca\/fr\/evenements\/une-belle-presence-canadienne-au-festival-international-du-film-de-hong-kong\/#breadcrumb","itemListElement":[{"@type":"ListItem","position":1,"name":"Home","item":"https:\/\/stage.rdvcanada.ca\/en\/"},{"@type":"ListItem","position":2,"name":"Une belle pr\u00e9sence canadienne au Festival international du film de Hong Kong"}]},{"@type":"WebSite","@id":"https:\/\/stage.rdvcanada.ca\/en\/#website","url":"https:\/\/stage.rdvcanada.ca\/en\/","name":"RDVCanada.ca","description":"VOIR GRAND. D\u00e9couvrez le meilleur du talent Canadien \u00e0 travers le monde.","potentialAction":[{"@type":"SearchAction","target":{"@type":"EntryPoint","urlTemplate":"https:\/\/stage.rdvcanada.ca\/en\/?s={search_term_string}"},"query-input":{"@type":"PropertyValueSpecification","valueRequired":true,"valueName":"search_term_string"}}],"inLanguage":"fr-CA"},{"@type":"Person","@id":"https:\/\/stage.rdvcanada.ca\/en\/#\/schema\/person\/974d174eafb0c9e906d2979ca4ed5280","name":"MF"}]}},"_links":{"self":[{"href":"https:\/\/stage.rdvcanada.ca\/fr\/wp-json\/wp\/v2\/posts\/21555","targetHints":{"allow":["GET"]}}],"collection":[{"href":"https:\/\/stage.rdvcanada.ca\/fr\/wp-json\/wp\/v2\/posts"}],"about":[{"href":"https:\/\/stage.rdvcanada.ca\/fr\/wp-json\/wp\/v2\/types\/post"}],"author":[{"embeddable":true,"href":"https:\/\/stage.rdvcanada.ca\/fr\/wp-json\/wp\/v2\/users\/17"}],"replies":[{"embeddable":true,"href":"https:\/\/stage.rdvcanada.ca\/fr\/wp-json\/wp\/v2\/comments?post=21555"}],"version-history":[{"count":0,"href":"https:\/\/stage.rdvcanada.ca\/fr\/wp-json\/wp\/v2\/posts\/21555\/revisions"}],"wp:featuredmedia":[{"embeddable":true,"href":"https:\/\/stage.rdvcanada.ca\/fr\/wp-json\/wp\/v2\/media\/21556"}],"wp:attachment":[{"href":"https:\/\/stage.rdvcanada.ca\/fr\/wp-json\/wp\/v2\/media?parent=21555"}],"wp:term":[{"taxonomy":"category","embeddable":true,"href":"https:\/\/stage.rdvcanada.ca\/fr\/wp-json\/wp\/v2\/categories?post=21555"},{"taxonomy":"post_tag","embeddable":true,"href":"https:\/\/stage.rdvcanada.ca\/fr\/wp-json\/wp\/v2\/tags?post=21555"}],"curies":[{"name":"wp","href":"https:\/\/api.w.org\/{rel}","templated":true}]}}