{"id":22210,"date":"2019-03-29T14:01:47","date_gmt":"2019-03-29T18:01:47","guid":{"rendered":"https:\/\/stage.rdvcanada.ca\/spotlight\/canadian-projects-in-the-spotlight-at-miptv\/"},"modified":"2019-04-12T15:22:15","modified_gmt":"2019-04-12T19:22:15","slug":"des-projets-canadiens-en-vedette-au-miptv","status":"publish","type":"post","link":"https:\/\/stage.rdvcanada.ca\/fr\/evenements\/des-projets-canadiens-en-vedette-au-miptv\/","title":{"rendered":"Des projets canadiens en vedette au MIPTV"},"content":{"rendered":"\t\t<div data-elementor-type=\"wp-post\" data-elementor-id=\"22210\" class=\"elementor elementor-22210 elementor-22205\" data-elementor-post-type=\"post\">\n\t\t\t\t\t\t<section class=\"elementor-section elementor-top-section elementor-element elementor-element-8a86c98 elementor-section-boxed elementor-section-height-default elementor-section-height-default\" data-id=\"8a86c98\" data-element_type=\"section\" data-e-type=\"section\">\n\t\t\t\t\t\t<div class=\"elementor-container elementor-column-gap-default\">\n\t\t\t\t\t<div class=\"elementor-column elementor-col-100 elementor-top-column elementor-element elementor-element-3478a59\" data-id=\"3478a59\" data-element_type=\"column\" data-e-type=\"column\">\n\t\t\t<div class=\"elementor-widget-wrap elementor-element-populated\">\n\t\t\t\t\t\t<div class=\"elementor-element elementor-element-5eedd1c elementor-widget elementor-widget-text-editor\" data-id=\"5eedd1c\" data-element_type=\"widget\" data-e-type=\"widget\" data-widget_type=\"text-editor.default\">\n\t\t\t\t<div class=\"elementor-widget-container\">\n\t\t\t\t\t\t\t\t\t<h3>Le <a href=\"https:\/\/www.miptv.com\/landing-pages\/francais\/\">MIPTV<\/a>, qui se tiendra \u00e0 Cannes en France du 8 au 11\u00a0avril\u00a02019, est l\u2019endroit id\u00e9al pour cr\u00e9er des contacts avec la communaut\u00e9 internationale en vue de d\u00e9velopper, coproduire, financer, vendre ou acqu\u00e9rir de fabuleux contenus audiovisuels pour la t\u00e9l\u00e9vision ou les m\u00e9dias num\u00e9riques. Avec plus de 10\u00a0000\u00a0participants provenant de 100\u00a0pays l\u2019an dernier, ce march\u00e9 international de contenus est un \u00e9v\u00e9nement incontournable. Et compte tenu de la quantit\u00e9 de talents et de contenus canadiens que nous avons \u00e0 pr\u00e9senter aux auditoires internationaux en croissance cette ann\u00e9e, notre pr\u00e9sence au MIPTV sera des plus exaltantes.<\/h3><p>En plus des activit\u00e9s de r\u00e9seautage, des \u00e9v\u00e9nements et de tout ce qui se passe \u00e0 notre Pavillon du Canada, o\u00f9 nous accueillons plus de 50\u00a0entreprises, le Canada a un trio de webs\u00e9ries en comp\u00e9tition dans CANNESERIES (la comp\u00e9tition d\u00e9di\u00e9e aux formats courts); un projet dans la course au International Format Awards; une s\u00e9rie dans la course au International Emmy\u00ae Kids Awards; plus quatre projets qui seront pr\u00e9sent\u00e9s dans le volet In Development.<\/p><h3 id=\"revoyons-tout-cela-en-detail\">Revoyons tout cela en d\u00e9tail!\u00a0<\/h3><p>Le Cannes International Series Festival (ou CANNESERIES), qui se d\u00e9roulera du 5 au 10\u00a0avril, comporte une section d\u00e9di\u00e9e aux s\u00e9ries en format court. Et concernant cette seconde \u00e9dition de cette comp\u00e9tition internationale, devinez quoi? Trois des dix projets s\u00e9lectionn\u00e9s dans la section Canneseries sont des webs\u00e9ries canadiennes!\u00a0<\/p><p>R\u00e9alis\u00e9 par Julien Hurteau et produit par Zone 3, <a href=\"https:\/\/teodorepasdeh.com\/fr\/\">T\u00e9odore pas de H<\/a> raconte l\u2019histoire d\u2019un homme ayant un TDAH qui d\u00e9cide de retourner aux \u00e9tudes dans une \u00e9cole pour adultes. <a href=\"http:\/\/stlaurent.tv\/portfolio-item\/la-maison-des-folles\/\">La maison des folles<\/a> est une com\u00e9die dramatique r\u00e9alis\u00e9e par Mara Joly qui relate une amiti\u00e9 improbable entre adolescentes perturb\u00e9es (production de St Laurent TV, qui a travaill\u00e9 \u00e9galement sur la webs\u00e9rie canadienne <em>Dominos<\/em> et remport\u00e9 le prix dans la cat\u00e9gorie Meilleur s\u00e9rie format court l\u2019an dernier). <em>Warigami<\/em>, de Jason Lapeyre, est une webs\u00e9rie d\u2019action dans laquelle le papier est une arme (produit par First Love Films).<\/p><p>La s\u00e9rie de comp\u00e9tition de danse t\u00e9l\u00e9vis\u00e9e <em>R\u00e9volution<\/em> (une production du Groupe Fair-Play) sera elle-m\u00eame en comp\u00e9tition dans la cat\u00e9gorie Best Competition Reality Format lors du d\u00eener de gala International Format Awards de <a href=\"https:\/\/www.mipformats.com\/\">MIPFormats<\/a> le 6\u00a0avril\u00a02019. Et le projet sera pr\u00e9sent\u00e9 au panel <em>New Hits: All You Need Are Visual Effects<\/em> le 6\u00a0avril.<\/p><p>Dans la section International Emmy\u00ae Kids Awards (le 9\u00a0avril au MIPTV), notre candidat canadien est <a href=\"https:\/\/bloguedejenny.ca\/\">J<\/a><a href=\"https:\/\/bloguedejenny.ca\/\">enny<\/a><em>, <\/em>une s\u00e9rie multiplateforme de Productions Avenida \u00e0 propos d\u2019une jeune fille qui garde une attitude positive malgr\u00e9 la leuc\u00e9mie qui l\u2019affecte.<\/p><p>Et si vous r\u00eavez que votre projet obtienne plus rapidement le feu vert (\u00e0 titre de producteur ou de cr\u00e9ateur), le forum In Development est pour vous. Cette sympathique\u00a0 comp\u00e9tition mise en \u0153uvre conjointement par le MIPTV et CANNESERIES a pour but de favoriser les contacts entre les producteurs et cr\u00e9ateurs, et les d\u00e9cideurs internationaux, et d\u2019acc\u00e9l\u00e9rer ce faisant le parcours entre la pr\u00e9sentation du projet et l\u2019obtention du feu vert.<\/p><p><strong>Voici les quatre projets canadiens qui seront pr\u00e9sent\u00e9s cette ann\u00e9e\u00a0:<\/strong><\/p><p>Dans la section <a href=\"https:\/\/pressroom.miptv.com\/press-release-en-2019\/second-kids-live-action-pitchnbspamp-inaugural-pre-school-animation-pitch-unveil-selectionbr-0319-6983\">Kids Live Action Pitch<\/a>, deux des cinq finalistes sont des projets canadiens\u00a0: <em>Anarchy Anderson<\/em> (produit par la compagnie albertaine Mosaic Entertainment) et <em>Lady Ada&#8217;s Secret Society <\/em>(produit par la compagnie ontarienne Coconut Effect Productions). Dans la section Drama Short Form Series Pitch, le Canada pr\u00e9sente un projet provenant de Vancouver\u00a0: <em>Life XP<\/em> (Ebnerds Multi Media Entertainment). Et dans la toute nouvelle cat\u00e9gorie <a href=\"https:\/\/pressroom.miptv.com\/press-release-en-2019\/second-kids-live-action-pitchnbspamp-inaugural-pre-school-animation-pitch-unveil-selectionbr-0319-6983\">Pre-school Animation Pitch<\/a>, le Canada est repr\u00e9sent\u00e9 par <em>Time out Tess<\/em> (production de Buffalo Gal Pictures, une entreprise de Winnipeg au Manitoba).<\/p><p>En terminant, ne ratez pas votre chance de rencontrer des partenaires internationaux potentiels lors de la r\u00e9ception de r\u00e9seautage canadienne que nous organisons \u00e0 l\u2019intention de tous nos d\u00e9l\u00e9gu\u00e9s, partenaires et amis canadiens et internationaux pr\u00e9sents au MIPTV! Vous \u00eates cordialement invit\u00e9s \u00e0 vous joindre \u00e0 nous le 9\u00a0avril, de 17\u00a0h \u00e0 19\u00a0h, au Pavillon du Canada (situ\u00e9 au Palais des Festivals).<\/p>\t\t\t\t\t\t\t\t<\/div>\n\t\t\t\t<\/div>\n\t\t\t\t\t<\/div>\n\t\t<\/div>\n\t\t\t\t\t<\/div>\n\t\t<\/section>\n\t\t\t\t<\/div>\n\t\t","protected":false},"excerpt":{"rendered":"<p>Le MIPTV, qui se tiendra \u00e0 Cannes en France du&#8230;<\/p>\n","protected":false},"author":150,"featured_media":22207,"comment_status":"closed","ping_status":"open","sticky":false,"template":"","format":"standard","meta":{"_acf_changed":false,"_crdt_document":"","footnotes":""},"categories":[331],"tags":[],"class_list":["post-22210","post","type-post","status-publish","format-standard","has-post-thumbnail","hentry","category-evenements","posts_festivals-miptv-2019-fr"],"acf":[],"yoast_head":"<!-- This site is optimized with the Yoast SEO plugin v27.5 - https:\/\/yoast.com\/product\/yoast-seo-wordpress\/ -->\n<title>Des projets canadiens en vedette au MIPTV - Industrie Audiovisuelle Canadienne<\/title>\n<meta name=\"description\" content=\"Le MIPTV, qui se tiendra \u00e0 Cannes en France du 8 au 11\u00a0avril\u00a02019, est l\u2019endroit id\u00e9al pour cr\u00e9er des contacts avec la communaut\u00e9 internationale en vue de\" \/>\n<meta name=\"robots\" content=\"noindex, follow, max-snippet:-1, max-image-preview:large, max-video-preview:-1\" \/>\n<meta property=\"og:locale\" content=\"fr_CA\" \/>\n<meta property=\"og:type\" content=\"article\" \/>\n<meta property=\"og:title\" content=\"Des projets canadiens en vedette au MIPTV - Industrie Audiovisuelle Canadienne\" \/>\n<meta property=\"og:description\" content=\"Le MIPTV, qui se tiendra \u00e0 Cannes en France du 8 au 11\u00a0avril\u00a02019, est l\u2019endroit id\u00e9al pour cr\u00e9er des contacts avec la communaut\u00e9 internationale en vue de\" \/>\n<meta property=\"og:url\" content=\"https:\/\/stage.rdvcanada.ca\/fr\/evenements\/des-projets-canadiens-en-vedette-au-miptv\/\" \/>\n<meta property=\"og:site_name\" content=\"RDVCanada.ca\" \/>\n<meta property=\"article:publisher\" content=\"https:\/\/www.facebook.com\/telefilmcanada\" \/>\n<meta property=\"article:published_time\" content=\"2019-03-29T18:01:47+00:00\" \/>\n<meta property=\"article:modified_time\" content=\"2019-04-12T19:22:15+00:00\" \/>\n<meta property=\"og:image\" content=\"https:\/\/stage.rdvcanada.ca\/wp-content\/uploads\/2019\/03\/Cover-mi.jpg\" \/>\n\t<meta property=\"og:image:width\" content=\"1920\" \/>\n\t<meta property=\"og:image:height\" content=\"800\" \/>\n\t<meta property=\"og:image:type\" content=\"image\/jpeg\" \/>\n<meta name=\"author\" content=\"Sandrine Couture\" \/>\n<meta name=\"twitter:card\" content=\"summary_large_image\" \/>\n<meta name=\"twitter:creator\" content=\"@Telefilm_Canada\" \/>\n<meta name=\"twitter:site\" content=\"@Telefilm_Canada\" \/>\n<meta name=\"twitter:label1\" content=\"\u00c9crit par\" \/>\n\t<meta name=\"twitter:data1\" content=\"Sandrine Couture\" \/>\n\t<meta name=\"twitter:label2\" content=\"Estimation du temps de lecture\" \/>\n\t<meta name=\"twitter:data2\" content=\"4 minutes\" \/>\n<script type=\"application\/ld+json\" class=\"yoast-schema-graph\">{\n\t    \"@context\": \"https:\\\/\\\/schema.org\",\n\t    \"@graph\": [\n\t        {\n\t            \"@type\": \"Article\",\n\t            \"@id\": \"https:\\\/\\\/stage.rdvcanada.ca\\\/fr\\\/evenements\\\/des-projets-canadiens-en-vedette-au-miptv\\\/#article\",\n\t            \"isPartOf\": {\n\t                \"@id\": \"https:\\\/\\\/stage.rdvcanada.ca\\\/fr\\\/evenements\\\/des-projets-canadiens-en-vedette-au-miptv\\\/\"\n\t            },\n\t            \"author\": {\n\t                \"name\": \"Sandrine Couture\",\n\t                \"@id\": \"https:\\\/\\\/stage.rdvcanada.ca\\\/en\\\/#\\\/schema\\\/person\\\/854b83df133706ec69e3612f46d84934\"\n\t            },\n\t            \"headline\": \"Des projets canadiens en vedette au MIPTV\",\n\t            \"datePublished\": \"2019-03-29T18:01:47+00:00\",\n\t            \"dateModified\": \"2019-04-12T19:22:15+00:00\",\n\t            \"mainEntityOfPage\": {\n\t                \"@id\": \"https:\\\/\\\/stage.rdvcanada.ca\\\/fr\\\/evenements\\\/des-projets-canadiens-en-vedette-au-miptv\\\/\"\n\t            },\n\t            \"wordCount\": 722,\n\t            \"image\": {\n\t                \"@id\": \"https:\\\/\\\/stage.rdvcanada.ca\\\/fr\\\/evenements\\\/des-projets-canadiens-en-vedette-au-miptv\\\/#primaryimage\"\n\t            },\n\t            \"thumbnailUrl\": \"https:\\\/\\\/stage.rdvcanada.ca\\\/wp-content\\\/uploads\\\/2019\\\/03\\\/Cover-mi.jpg\",\n\t            \"articleSection\": [\n\t                \"\u00c9v\u00e9nements\"\n\t            ],\n\t            \"inLanguage\": \"fr-CA\"\n\t        },\n\t        {\n\t            \"@type\": \"WebPage\",\n\t            \"@id\": \"https:\\\/\\\/stage.rdvcanada.ca\\\/fr\\\/evenements\\\/des-projets-canadiens-en-vedette-au-miptv\\\/\",\n\t            \"url\": \"https:\\\/\\\/stage.rdvcanada.ca\\\/fr\\\/evenements\\\/des-projets-canadiens-en-vedette-au-miptv\\\/\",\n\t            \"name\": \"Des projets canadiens en vedette au MIPTV - Industrie Audiovisuelle Canadienne\",\n\t            \"isPartOf\": {\n\t                \"@id\": \"https:\\\/\\\/stage.rdvcanada.ca\\\/en\\\/#website\"\n\t            },\n\t            \"primaryImageOfPage\": {\n\t                \"@id\": \"https:\\\/\\\/stage.rdvcanada.ca\\\/fr\\\/evenements\\\/des-projets-canadiens-en-vedette-au-miptv\\\/#primaryimage\"\n\t            },\n\t            \"image\": {\n\t                \"@id\": \"https:\\\/\\\/stage.rdvcanada.ca\\\/fr\\\/evenements\\\/des-projets-canadiens-en-vedette-au-miptv\\\/#primaryimage\"\n\t            },\n\t            \"thumbnailUrl\": \"https:\\\/\\\/stage.rdvcanada.ca\\\/wp-content\\\/uploads\\\/2019\\\/03\\\/Cover-mi.jpg\",\n\t            \"datePublished\": \"2019-03-29T18:01:47+00:00\",\n\t            \"dateModified\": \"2019-04-12T19:22:15+00:00\",\n\t            \"author\": {\n\t                \"@id\": \"https:\\\/\\\/stage.rdvcanada.ca\\\/en\\\/#\\\/schema\\\/person\\\/854b83df133706ec69e3612f46d84934\"\n\t            },\n\t            \"description\": \"Le MIPTV, qui se tiendra \u00e0 Cannes en France du 8 au 11\u00a0avril\u00a02019, est l\u2019endroit id\u00e9al pour cr\u00e9er des contacts avec la communaut\u00e9 internationale en vue de\",\n\t            \"breadcrumb\": {\n\t                \"@id\": \"https:\\\/\\\/stage.rdvcanada.ca\\\/fr\\\/evenements\\\/des-projets-canadiens-en-vedette-au-miptv\\\/#breadcrumb\"\n\t            },\n\t            \"inLanguage\": \"fr-CA\",\n\t            \"potentialAction\": [\n\t                {\n\t                    \"@type\": \"ReadAction\",\n\t                    \"target\": [\n\t                        \"https:\\\/\\\/stage.rdvcanada.ca\\\/fr\\\/evenements\\\/des-projets-canadiens-en-vedette-au-miptv\\\/\"\n\t                    ]\n\t                }\n\t            ]\n\t        },\n\t        {\n\t            \"@type\": \"ImageObject\",\n\t            \"inLanguage\": \"fr-CA\",\n\t            \"@id\": \"https:\\\/\\\/stage.rdvcanada.ca\\\/fr\\\/evenements\\\/des-projets-canadiens-en-vedette-au-miptv\\\/#primaryimage\",\n\t            \"url\": \"https:\\\/\\\/stage.rdvcanada.ca\\\/wp-content\\\/uploads\\\/2019\\\/03\\\/Cover-mi.jpg\",\n\t            \"contentUrl\": \"https:\\\/\\\/stage.rdvcanada.ca\\\/wp-content\\\/uploads\\\/2019\\\/03\\\/Cover-mi.jpg\",\n\t            \"width\": 1920,\n\t            \"height\": 800\n\t        },\n\t        {\n\t            \"@type\": \"BreadcrumbList\",\n\t            \"@id\": \"https:\\\/\\\/stage.rdvcanada.ca\\\/fr\\\/evenements\\\/des-projets-canadiens-en-vedette-au-miptv\\\/#breadcrumb\",\n\t            \"itemListElement\": [\n\t                {\n\t                    \"@type\": \"ListItem\",\n\t                    \"position\": 1,\n\t                    \"name\": \"Home\",\n\t                    \"item\": \"https:\\\/\\\/stage.rdvcanada.ca\\\/en\\\/\"\n\t                },\n\t                {\n\t                    \"@type\": \"ListItem\",\n\t                    \"position\": 2,\n\t                    \"name\": \"Des projets canadiens en vedette au MIPTV\"\n\t                }\n\t            ]\n\t        },\n\t        {\n\t            \"@type\": \"WebSite\",\n\t            \"@id\": \"https:\\\/\\\/stage.rdvcanada.ca\\\/en\\\/#website\",\n\t            \"url\": \"https:\\\/\\\/stage.rdvcanada.ca\\\/en\\\/\",\n\t            \"name\": \"RDVCanada.ca\",\n\t            \"description\": \"VOIR GRAND. D\u00e9couvrez le meilleur du talent Canadien \u00e0 travers le monde.\",\n\t            \"potentialAction\": [\n\t                {\n\t                    \"@type\": \"SearchAction\",\n\t                    \"target\": {\n\t                        \"@type\": \"EntryPoint\",\n\t                        \"urlTemplate\": \"https:\\\/\\\/stage.rdvcanada.ca\\\/en\\\/?s={search_term_string}\"\n\t                    },\n\t                    \"query-input\": {\n\t                        \"@type\": \"PropertyValueSpecification\",\n\t                        \"valueRequired\": true,\n\t                        \"valueName\": \"search_term_string\"\n\t                    }\n\t                }\n\t            ],\n\t            \"inLanguage\": \"fr-CA\"\n\t        },\n\t        {\n\t            \"@type\": \"Person\",\n\t            \"@id\": \"https:\\\/\\\/stage.rdvcanada.ca\\\/en\\\/#\\\/schema\\\/person\\\/854b83df133706ec69e3612f46d84934\",\n\t            \"name\": \"Sandrine Couture\"\n\t        }\n\t    ]\n\t}<\/script>\n<!-- \/ Yoast SEO plugin. -->","yoast_head_json":{"title":"Des projets canadiens en vedette au MIPTV - Industrie Audiovisuelle Canadienne","description":"Le MIPTV, qui se tiendra \u00e0 Cannes en France du 8 au 11\u00a0avril\u00a02019, est l\u2019endroit id\u00e9al pour cr\u00e9er des contacts avec la communaut\u00e9 internationale en vue de","robots":{"index":"noindex","follow":"follow","max-snippet":"max-snippet:-1","max-image-preview":"max-image-preview:large","max-video-preview":"max-video-preview:-1"},"og_locale":"fr_CA","og_type":"article","og_title":"Des projets canadiens en vedette au MIPTV - Industrie Audiovisuelle Canadienne","og_description":"Le MIPTV, qui se tiendra \u00e0 Cannes en France du 8 au 11\u00a0avril\u00a02019, est l\u2019endroit id\u00e9al pour cr\u00e9er des contacts avec la communaut\u00e9 internationale en vue de","og_url":"https:\/\/stage.rdvcanada.ca\/fr\/evenements\/des-projets-canadiens-en-vedette-au-miptv\/","og_site_name":"RDVCanada.ca","article_publisher":"https:\/\/www.facebook.com\/telefilmcanada","article_published_time":"2019-03-29T18:01:47+00:00","article_modified_time":"2019-04-12T19:22:15+00:00","og_image":[{"width":1920,"height":800,"url":"https:\/\/stage.rdvcanada.ca\/wp-content\/uploads\/2019\/03\/Cover-mi.jpg","type":"image\/jpeg"}],"author":"Sandrine Couture","twitter_card":"summary_large_image","twitter_creator":"@Telefilm_Canada","twitter_site":"@Telefilm_Canada","twitter_misc":{"\u00c9crit par":"Sandrine Couture","Estimation du temps de lecture":"4 minutes"},"schema":{"@context":"https:\/\/schema.org","@graph":[{"@type":"Article","@id":"https:\/\/stage.rdvcanada.ca\/fr\/evenements\/des-projets-canadiens-en-vedette-au-miptv\/#article","isPartOf":{"@id":"https:\/\/stage.rdvcanada.ca\/fr\/evenements\/des-projets-canadiens-en-vedette-au-miptv\/"},"author":{"name":"Sandrine Couture","@id":"https:\/\/stage.rdvcanada.ca\/en\/#\/schema\/person\/854b83df133706ec69e3612f46d84934"},"headline":"Des projets canadiens en vedette au MIPTV","datePublished":"2019-03-29T18:01:47+00:00","dateModified":"2019-04-12T19:22:15+00:00","mainEntityOfPage":{"@id":"https:\/\/stage.rdvcanada.ca\/fr\/evenements\/des-projets-canadiens-en-vedette-au-miptv\/"},"wordCount":722,"image":{"@id":"https:\/\/stage.rdvcanada.ca\/fr\/evenements\/des-projets-canadiens-en-vedette-au-miptv\/#primaryimage"},"thumbnailUrl":"https:\/\/stage.rdvcanada.ca\/wp-content\/uploads\/2019\/03\/Cover-mi.jpg","articleSection":["\u00c9v\u00e9nements"],"inLanguage":"fr-CA"},{"@type":"WebPage","@id":"https:\/\/stage.rdvcanada.ca\/fr\/evenements\/des-projets-canadiens-en-vedette-au-miptv\/","url":"https:\/\/stage.rdvcanada.ca\/fr\/evenements\/des-projets-canadiens-en-vedette-au-miptv\/","name":"Des projets canadiens en vedette au MIPTV - Industrie Audiovisuelle Canadienne","isPartOf":{"@id":"https:\/\/stage.rdvcanada.ca\/en\/#website"},"primaryImageOfPage":{"@id":"https:\/\/stage.rdvcanada.ca\/fr\/evenements\/des-projets-canadiens-en-vedette-au-miptv\/#primaryimage"},"image":{"@id":"https:\/\/stage.rdvcanada.ca\/fr\/evenements\/des-projets-canadiens-en-vedette-au-miptv\/#primaryimage"},"thumbnailUrl":"https:\/\/stage.rdvcanada.ca\/wp-content\/uploads\/2019\/03\/Cover-mi.jpg","datePublished":"2019-03-29T18:01:47+00:00","dateModified":"2019-04-12T19:22:15+00:00","author":{"@id":"https:\/\/stage.rdvcanada.ca\/en\/#\/schema\/person\/854b83df133706ec69e3612f46d84934"},"description":"Le MIPTV, qui se tiendra \u00e0 Cannes en France du 8 au 11\u00a0avril\u00a02019, est l\u2019endroit id\u00e9al pour cr\u00e9er des contacts avec la communaut\u00e9 internationale en vue de","breadcrumb":{"@id":"https:\/\/stage.rdvcanada.ca\/fr\/evenements\/des-projets-canadiens-en-vedette-au-miptv\/#breadcrumb"},"inLanguage":"fr-CA","potentialAction":[{"@type":"ReadAction","target":["https:\/\/stage.rdvcanada.ca\/fr\/evenements\/des-projets-canadiens-en-vedette-au-miptv\/"]}]},{"@type":"ImageObject","inLanguage":"fr-CA","@id":"https:\/\/stage.rdvcanada.ca\/fr\/evenements\/des-projets-canadiens-en-vedette-au-miptv\/#primaryimage","url":"https:\/\/stage.rdvcanada.ca\/wp-content\/uploads\/2019\/03\/Cover-mi.jpg","contentUrl":"https:\/\/stage.rdvcanada.ca\/wp-content\/uploads\/2019\/03\/Cover-mi.jpg","width":1920,"height":800},{"@type":"BreadcrumbList","@id":"https:\/\/stage.rdvcanada.ca\/fr\/evenements\/des-projets-canadiens-en-vedette-au-miptv\/#breadcrumb","itemListElement":[{"@type":"ListItem","position":1,"name":"Home","item":"https:\/\/stage.rdvcanada.ca\/en\/"},{"@type":"ListItem","position":2,"name":"Des projets canadiens en vedette au MIPTV"}]},{"@type":"WebSite","@id":"https:\/\/stage.rdvcanada.ca\/en\/#website","url":"https:\/\/stage.rdvcanada.ca\/en\/","name":"RDVCanada.ca","description":"VOIR GRAND. D\u00e9couvrez le meilleur du talent Canadien \u00e0 travers le monde.","potentialAction":[{"@type":"SearchAction","target":{"@type":"EntryPoint","urlTemplate":"https:\/\/stage.rdvcanada.ca\/en\/?s={search_term_string}"},"query-input":{"@type":"PropertyValueSpecification","valueRequired":true,"valueName":"search_term_string"}}],"inLanguage":"fr-CA"},{"@type":"Person","@id":"https:\/\/stage.rdvcanada.ca\/en\/#\/schema\/person\/854b83df133706ec69e3612f46d84934","name":"Sandrine Couture"}]}},"_links":{"self":[{"href":"https:\/\/stage.rdvcanada.ca\/fr\/wp-json\/wp\/v2\/posts\/22210","targetHints":{"allow":["GET"]}}],"collection":[{"href":"https:\/\/stage.rdvcanada.ca\/fr\/wp-json\/wp\/v2\/posts"}],"about":[{"href":"https:\/\/stage.rdvcanada.ca\/fr\/wp-json\/wp\/v2\/types\/post"}],"author":[{"embeddable":true,"href":"https:\/\/stage.rdvcanada.ca\/fr\/wp-json\/wp\/v2\/users\/150"}],"replies":[{"embeddable":true,"href":"https:\/\/stage.rdvcanada.ca\/fr\/wp-json\/wp\/v2\/comments?post=22210"}],"version-history":[{"count":0,"href":"https:\/\/stage.rdvcanada.ca\/fr\/wp-json\/wp\/v2\/posts\/22210\/revisions"}],"wp:featuredmedia":[{"embeddable":true,"href":"https:\/\/stage.rdvcanada.ca\/fr\/wp-json\/wp\/v2\/media\/22207"}],"wp:attachment":[{"href":"https:\/\/stage.rdvcanada.ca\/fr\/wp-json\/wp\/v2\/media?parent=22210"}],"wp:term":[{"taxonomy":"category","embeddable":true,"href":"https:\/\/stage.rdvcanada.ca\/fr\/wp-json\/wp\/v2\/categories?post=22210"},{"taxonomy":"post_tag","embeddable":true,"href":"https:\/\/stage.rdvcanada.ca\/fr\/wp-json\/wp\/v2\/tags?post=22210"}],"curies":[{"name":"wp","href":"https:\/\/api.w.org\/{rel}","templated":true}]}}