{"id":23005,"date":"2019-04-16T13:45:37","date_gmt":"2019-04-16T17:45:37","guid":{"rendered":"https:\/\/stage.rdvcanada.ca\/spotlight\/your-5-cant-miss-business-events-at-cannes\/"},"modified":"2019-04-24T15:24:08","modified_gmt":"2019-04-24T19:24:08","slug":"vos-cinq-evenements-daffaires-a-ne-pas-manquer-a-cannes","status":"publish","type":"post","link":"https:\/\/stage.rdvcanada.ca\/fr\/incontournables\/vos-cinq-evenements-daffaires-a-ne-pas-manquer-a-cannes\/","title":{"rendered":"Vos cinq \u00e9v\u00e9nements d\u2019affaires \u00e0 ne pas manquer \u00e0 Cannes"},"content":{"rendered":"\t\t<div data-elementor-type=\"wp-post\" data-elementor-id=\"23005\" class=\"elementor elementor-23005 elementor-23002\" data-elementor-post-type=\"post\">\n\t\t\t\t\t\t<section class=\"elementor-section elementor-top-section elementor-element elementor-element-6c7ac8d7 elementor-section-boxed elementor-section-height-default elementor-section-height-default\" data-id=\"6c7ac8d7\" data-element_type=\"section\" data-e-type=\"section\">\n\t\t\t\t\t\t<div class=\"elementor-container elementor-column-gap-default\">\n\t\t\t\t\t<div class=\"elementor-column elementor-col-100 elementor-top-column elementor-element elementor-element-759e6b83\" data-id=\"759e6b83\" data-element_type=\"column\" data-e-type=\"column\">\n\t\t\t<div class=\"elementor-widget-wrap\">\n\t\t\t\t\t\t\t<\/div>\n\t\t<\/div>\n\t\t\t\t\t<\/div>\n\t\t<\/section>\n\t\t\t\t<section class=\"elementor-section elementor-top-section elementor-element elementor-element-3776ca5d elementor-section-boxed elementor-section-height-default elementor-section-height-default\" data-id=\"3776ca5d\" data-element_type=\"section\" data-e-type=\"section\">\n\t\t\t\t\t\t<div class=\"elementor-container elementor-column-gap-default\">\n\t\t\t\t\t<div class=\"elementor-column elementor-col-100 elementor-top-column elementor-element elementor-element-63140b72\" data-id=\"63140b72\" data-element_type=\"column\" data-e-type=\"column\">\n\t\t\t<div class=\"elementor-widget-wrap elementor-element-populated\">\n\t\t\t\t\t\t<div class=\"elementor-element elementor-element-708df1f7 elementor-widget elementor-widget-text-editor\" data-id=\"708df1f7\" data-element_type=\"widget\" data-e-type=\"widget\" data-widget_type=\"text-editor.default\">\n\t\t\t\t<div class=\"elementor-widget-container\">\n\t\t\t\t\t\t\t\t\t<h2>La C\u00f4te d\u2019Azur offre une magnifique toile de fond \u00e0 la 72<sup>e<\/sup> \u00e9dition du <u><a href=\"https:\/\/stage.rdvcanada.ca\/fr\/festivals\/cannes-2019\/\">Festival de Cannes<\/a><\/u>, o\u00f9 le Canada sera repr\u00e9sent\u00e9 en force pour la 60<sup>e<\/sup>\u00a0\u00e9dition du <u><a href=\"http:\/\/www.marchedufilm.com\">March\u00e9 du Film<\/a><\/u>. Joignez-vous \u00e0 nous au Pavillon du Canada du 14 au 23\u00a0mai\u00a02019! En attendant, voici tout ce que vous devez savoir concernant la pr\u00e9sence du Canada lors de ce march\u00e9 important (12\u00a0000\u00a0participants).<\/h2><h4><strong>1) R\u00e9ception Festival Canada<\/strong><\/h4><p>Qu\u2019ils soient agents de ventes, distributeurs, curateurs de festival ou producteurs, les partenaires internationaux du Canada (et ses partenaires potentiels) sont assur\u00e9s de trouver leur compte \u00e0 notre r\u00e9ception Festival Canada. Pour la toute premi\u00e8re fois, tous les festivals canadiens pr\u00e9sents \u00e0 Cannes cette ann\u00e9e sont invit\u00e9s \u00e0 se rassembler! Que ce soit en offrant des prix de pr\u00e9sence ou d\u2019autres \u00e9l\u00e9ments promotionnels, le meilleur du Canada participera \u00e0 cette tr\u00e8s attendue c\u00e9l\u00e9bration \u00e0 la Plage des Palmes, administr\u00e9e par le FIN Atlantic International Film Festival, avec l\u2019appui de T\u00e9l\u00e9film. <em>*Sur invitation seulement.<\/em><\/p>\t\t\t\t\t\t\t\t<\/div>\n\t\t\t\t<\/div>\n\t\t\t\t\t<\/div>\n\t\t<\/div>\n\t\t\t\t\t<\/div>\n\t\t<\/section>\n\t\t\t\t<section class=\"elementor-section elementor-top-section elementor-element elementor-element-7e78a96a elementor-section-boxed elementor-section-height-default elementor-section-height-default\" data-id=\"7e78a96a\" data-element_type=\"section\" data-e-type=\"section\">\n\t\t\t\t\t\t<div class=\"elementor-container elementor-column-gap-default\">\n\t\t\t\t\t<div class=\"elementor-column elementor-col-100 elementor-top-column elementor-element elementor-element-371cbe00\" data-id=\"371cbe00\" data-element_type=\"column\" data-e-type=\"column\">\n\t\t\t<div class=\"elementor-widget-wrap elementor-element-populated\">\n\t\t\t\t\t\t<section class=\"elementor-section elementor-inner-section elementor-element elementor-element-1dcf3445 elementor-section-boxed elementor-section-height-default elementor-section-height-default\" data-id=\"1dcf3445\" data-element_type=\"section\" data-e-type=\"section\">\n\t\t\t\t\t\t<div class=\"elementor-container elementor-column-gap-default\">\n\t\t\t\t\t<div class=\"elementor-column elementor-col-50 elementor-inner-column elementor-element elementor-element-167c30da\" data-id=\"167c30da\" data-element_type=\"column\" data-e-type=\"column\">\n\t\t\t<div class=\"elementor-widget-wrap elementor-element-populated\">\n\t\t\t\t\t\t<div class=\"elementor-element elementor-element-fbb9438 elementor-widget elementor-widget-text-editor\" data-id=\"fbb9438\" data-element_type=\"widget\" data-e-type=\"widget\" data-widget_type=\"text-editor.default\">\n\t\t\t\t<div class=\"elementor-widget-container\">\n\t\t\t\t\t\t\t\t\t<h4><strong>2) <\/strong><strong>Le Canada en vedette au d\u00e9jeuner des producteurs <\/strong><strong>\u00a0<\/strong><\/h4><p>Avec plus de 200\u00a0producteurs canadiens inscrits \u00e0 Cannes cette ann\u00e9e, nous allons leur montrer ce dont nous sommes capables! Et pour que les yeux du monde se tournent vers le talent canadien, nous braquerons les projecteurs vers six producteurs canadiens s\u00e9lectionn\u00e9s pendant le d\u00e9jeuner des producteurs. Faites une croix sur votre calendrier, \u00e7a se passe le dimanche 19\u00a0mai, de 9\u00a0h \u00e0 11\u00a0h, \u00e0 la Plage des Palmes. *<em>Acc\u00e8s r\u00e9serv\u00e9 aux d\u00e9tenteurs de badge Producers Network<\/em><\/p>\t\t\t\t\t\t\t\t<\/div>\n\t\t\t\t<\/div>\n\t\t\t\t\t<\/div>\n\t\t<\/div>\n\t\t\t\t<div class=\"elementor-column elementor-col-50 elementor-inner-column elementor-element elementor-element-52f58d69\" data-id=\"52f58d69\" data-element_type=\"column\" data-e-type=\"column\">\n\t\t\t<div class=\"elementor-widget-wrap elementor-element-populated\">\n\t\t\t\t\t\t<div class=\"elementor-element elementor-element-47747c53 elementor-widget elementor-widget-text-editor\" data-id=\"47747c53\" data-element_type=\"widget\" data-e-type=\"widget\" data-widget_type=\"text-editor.default\">\n\t\t\t\t<div class=\"elementor-widget-container\">\n\t\t\t\t\t\t\t\t\t<p><strong>Les six producteurs s\u00e9lectionn\u00e9s sont\u00a0:<\/strong><\/p><ul><li><u><a href=\"https:\/\/stage.rdvcanada.ca\/fr\/creer-avec-le-canada\/trouver-des-partenaires-creatifs\/producteurs\/felize-frappier\/\">F\u00e9lize Frappier<\/a><\/u>, MAX FILMS M\u00c9DIA, Qu\u00e9bec<\/li><li><u><a href=\"https:\/\/stage.rdvcanada.ca\/fr\/creer-avec-le-canada\/trouver-des-partenaires-creatifs\/producteurs\/nicole-robert\/\">Nicole Robert<\/a><\/u>, GO FILMS, Qu\u00e9bec<\/li><li><u><a href=\"https:\/\/stage.rdvcanada.ca\/fr\/creer-avec-le-canada\/trouver-des-partenaires-creatifs\/producteurs\/simone-urdl\/\">Simone Urdl<\/a><\/u>, THE FILM FARM, Ontario<\/li><li><u><a href=\"https:\/\/stage.rdvcanada.ca\/fr\/creer-avec-le-canada\/trouver-des-partenaires-creatifs\/producteurs\/avi-federgreen\/\">Avi Federgreen<\/a><\/u>, FEDERGREEN ENTERTAINMENT, Ontario<\/li><li><u><a href=\"https:\/\/stage.rdvcanada.ca\/fr\/creer-avec-le-canada\/trouver-des-partenaires-creatifs\/producteurs\/aonan-yang\/\">Aonan Yang<\/a><\/u>, GREENGROUND PRODUCTIONS, Qu\u00e9bec<\/li><li><u><a href=\"https:\/\/stage.rdvcanada.ca\/fr\/creer-avec-le-canada\/trouver-des-partenaires-creatifs\/producteurs\/justin-oakey\/\">Justin Oakey<\/a><\/u>, BLACK RIVER PICTURES, Terre-Neuve-et-Labrador<\/li><\/ul>\t\t\t\t\t\t\t\t<\/div>\n\t\t\t\t<\/div>\n\t\t\t\t\t<\/div>\n\t\t<\/div>\n\t\t\t\t\t<\/div>\n\t\t<\/section>\n\t\t\t\t\t<\/div>\n\t\t<\/div>\n\t\t\t\t\t<\/div>\n\t\t<\/section>\n\t\t\t\t<section class=\"elementor-section elementor-top-section elementor-element elementor-element-2e40df48 elementor-section-boxed elementor-section-height-default elementor-section-height-default\" data-id=\"2e40df48\" data-element_type=\"section\" data-e-type=\"section\">\n\t\t\t\t\t\t<div class=\"elementor-container elementor-column-gap-default\">\n\t\t\t\t\t<div class=\"elementor-column elementor-col-100 elementor-top-column elementor-element elementor-element-7410a0e\" data-id=\"7410a0e\" data-element_type=\"column\" data-e-type=\"column\">\n\t\t\t<div class=\"elementor-widget-wrap elementor-element-populated\">\n\t\t\t\t\t\t<div class=\"elementor-element elementor-element-7de95ea7 elementor-widget elementor-widget-text-editor\" data-id=\"7de95ea7\" data-element_type=\"widget\" data-e-type=\"widget\" data-widget_type=\"text-editor.default\">\n\t\t\t\t<div class=\"elementor-widget-container\">\n\t\t\t\t\t\t\t\t\t<h4><strong>3) Des projets dirig\u00e9s par des femmes au Doc Corner <\/strong><\/h4><p>Des femmes, des documentaires et des projets canadiens, c\u2019est ce qui r\u00e9sume la pr\u00e9sence du Canada au <u><a href=\"http:\/\/www.marchedufilm.com\/fr\/doc-corner\/home\">Doc Corner<\/a><\/u> du March\u00e9 du film. Cette ann\u00e9e, le Canada sera repr\u00e9sent\u00e9 par quatre documentaires r\u00e9alis\u00e9s et produits par des femmes. L\u2019\u00e9v\u00e9nement aura lieu le samedi 18\u00a0mai, de 10\u00a0h \u00e0 11\u00a0h\u00a030, au Stand\u00a0H8 du March\u00e9 du Film. Pour cette initiative Doc Corner, T\u00e9l\u00e9film s\u2019est associ\u00e9e \u00e0 Hot Docs et aux Rencontres internationales du documentaire de Montr\u00e9al (RIDM). Les projets s\u00e9lectionn\u00e9s varient entre les projets de talents \u00e9mergents et ceux d\u2019\u00e9quipes de cr\u00e9ation bien \u00e9tablies, et la s\u00e9lection a \u00e9t\u00e9 faite par Hot\u00a0Docs et les RIDM.<\/p><p><strong>Les projets s\u00e9lectionn\u00e9s sont\u00a0:<\/strong><\/p><ul><li><em>Eulogy for the Dead Sea<\/em>, r\u00e9alis\u00e9 et produit par Polina Teif (Ontario)<\/li><li><em>Damascus Dreams, <\/em>produit par Audrey-Anne Dupuis Pierre (Qu\u00e9bec) et r\u00e9alis\u00e9 par Emilie Serri (Qu\u00e9bec\/Syrie) (\u00c0 noter que ce projet a \u00e9t\u00e9 s\u00e9lectionn\u00e9 pour le <u><a href=\"https:\/\/telefilm.ca\/fr\/financement\/talents-en-vue\">Programme Talents en vue de T\u00e9l\u00e9film en 2018<\/a><\/u>!)<\/li><li><em>La mer entre nous<\/em>, r\u00e9alis\u00e9 et produit par Marl\u00e8ne Edoyan (Qu\u00e9bec\/Liban)<\/li><li><em>Finding Sally<\/em>, produit par Isabelle Couture (Qu\u00e9bec) et r\u00e9alis\u00e9 par Tamara Dawit (Ontario\/\u00c9thiopie)<\/li><\/ul><h4><strong>4) Tous les yeux sont tourn\u00e9s vers la <em>blockchain<\/em><\/strong><\/h4><p>T\u00e9l\u00e9film et le Fonds des m\u00e9dias du Canada (FMC) profiteront des panels de l\u2019\u00e9v\u00e9nement Cannes NEXT pour informer les d\u00e9l\u00e9gu\u00e9s sur cette fameuse <em>blockchain<\/em> dans le cadre d\u2019une conf\u00e9rence de 90\u00a0minutes. Mettant en vedette de prestigieux conf\u00e9renciers (annonc\u00e9s sous peu), cette conf\u00e9rence portera notamment sur les r\u00e9sultats d\u2019une recherche r\u00e9alis\u00e9e par T\u00e9l\u00e9film et le FMC, en partenariat avec le P\u00f4le m\u00e9dias HEC Montr\u00e9al et Badel Media. Pour commencer \u00e0 comprendre ce qu\u2019est la <em>blockchain<\/em>, lisez notre <u><a href=\"https:\/\/stage.rdvcanada.ca\/fr\/evenements\/soyons-dechaines-avec-la-blockchain\/\">article<\/a><\/u>! Restez \u00e0 l\u2019aff\u00fbt pour conna\u00eetre les noms des pan\u00e9listes, mais faites-nous confiance, vous ne voulez pas rater cet \u00e9v\u00e9nement qui aura lieu le samedi 18\u00a0mai de 11\u00a0h \u00e0 12\u00a0h\u00a030.<\/p><h4><strong>5) La coproduction \u00e0 l\u2019honneur<\/strong><\/h4><p>C\u2019est bien connu, le Canada aime la coproduction! C\u2019est pourquoi nous mettrons \u00e0 profit les heures pass\u00e9es \u00e0 Cannes pour cr\u00e9er d\u2019incroyables occasions cr\u00e9atives et commerciales internationales pour notre industrie si talentueuse.<\/p><p>En plus de la multitude de rencontres avec des repr\u00e9sentants de diff\u00e9rents pays, dont l\u2019Argentine et la Colombie, le Canada participera au panel des femmes isra\u00e9liennes dans le cin\u00e9ma qui se tiendra le vendredi 17\u00a0mai \u00e0 11\u00a0h au Pavillon d\u2019Isra\u00ebl du Festival du film de Cannes\u00a02019. Intitul\u00e9 <em>Action for Change \u2013 Reframe and activate new narratives<\/em>, ce panel portera sur la question de l\u2019\u00e9galit\u00e9 hommes-femmes dans l\u2019industrie du cin\u00e9ma. La directrice g\u00e9n\u00e9rale de T\u00e9l\u00e9film, Christa Dickenson, y participera, en compagnie de dignes repr\u00e9sentantes de la France, de l\u2019Allemagne, de la Su\u00e8de, de l\u2019European Women\u2019s Audiovisual Network, et de nombreux autres pays.<\/p>\t\t\t\t\t\t\t\t<\/div>\n\t\t\t\t<\/div>\n\t\t\t\t\t<\/div>\n\t\t<\/div>\n\t\t\t\t\t<\/div>\n\t\t<\/section>\n\t\t\t\t<section class=\"elementor-section elementor-top-section elementor-element elementor-element-67ba7135 elementor-section-boxed elementor-section-height-default elementor-section-height-default\" data-id=\"67ba7135\" data-element_type=\"section\" data-e-type=\"section\">\n\t\t\t\t\t\t<div class=\"elementor-container elementor-column-gap-default\">\n\t\t\t\t\t<div class=\"elementor-column elementor-col-100 elementor-top-column elementor-element elementor-element-18c906c2\" data-id=\"18c906c2\" data-element_type=\"column\" data-e-type=\"column\">\n\t\t\t<div class=\"elementor-widget-wrap\">\n\t\t\t\t\t\t\t<\/div>\n\t\t<\/div>\n\t\t\t\t\t<\/div>\n\t\t<\/section>\n\t\t\t\t<\/div>\n\t\t","protected":false},"excerpt":{"rendered":"<p>La C\u00f4te d\u2019Azur offre une magnifique toile de fond \u00e0&#8230;<\/p>\n","protected":false},"author":150,"featured_media":22997,"comment_status":"closed","ping_status":"open","sticky":false,"template":"","format":"standard","meta":{"_acf_changed":false,"_crdt_document":"","footnotes":""},"categories":[335],"tags":[],"class_list":["post-23005","post","type-post","status-publish","format-standard","has-post-thumbnail","hentry","category-incontournables","posts_festivals-cannes-2019-fr"],"acf":[],"yoast_head":"<!-- This site is optimized with the Yoast SEO plugin v27.5 - https:\/\/yoast.com\/product\/yoast-seo-wordpress\/ -->\n<title>Vos cinq \u00e9v\u00e9nements d\u2019affaires \u00e0 ne pas manquer \u00e0 Cannes - Industrie Audiovisuelle Canadienne<\/title>\n<meta name=\"description\" content=\"La C\u00f4te d\u2019Azur offre une magnifique toile de fond \u00e0 la 72e \u00e9dition du Festival de Cannes, o\u00f9 le Canada sera repr\u00e9sent\u00e9 en force pour la 60e\u00a0\u00e9dition du\" \/>\n<meta name=\"robots\" content=\"noindex, follow, max-snippet:-1, max-image-preview:large, max-video-preview:-1\" \/>\n<meta property=\"og:locale\" content=\"fr_CA\" \/>\n<meta property=\"og:type\" content=\"article\" \/>\n<meta property=\"og:title\" content=\"Vos cinq \u00e9v\u00e9nements d\u2019affaires \u00e0 ne pas manquer \u00e0 Cannes - Industrie Audiovisuelle Canadienne\" \/>\n<meta property=\"og:description\" content=\"La C\u00f4te d\u2019Azur offre une magnifique toile de fond \u00e0 la 72e \u00e9dition du Festival de Cannes, o\u00f9 le Canada sera repr\u00e9sent\u00e9 en force pour la 60e\u00a0\u00e9dition du\" \/>\n<meta property=\"og:url\" content=\"https:\/\/stage.rdvcanada.ca\/fr\/incontournables\/vos-cinq-evenements-daffaires-a-ne-pas-manquer-a-cannes\/\" \/>\n<meta property=\"og:site_name\" content=\"RDVCanada.ca\" \/>\n<meta property=\"article:publisher\" content=\"https:\/\/www.facebook.com\/telefilmcanada\" \/>\n<meta property=\"article:published_time\" content=\"2019-04-16T17:45:37+00:00\" \/>\n<meta property=\"article:modified_time\" content=\"2019-04-24T19:24:08+00:00\" \/>\n<meta property=\"og:image\" content=\"https:\/\/stage.rdvcanada.ca\/wp-content\/uploads\/2019\/04\/Cannes2019-bg.jpg\" \/>\n\t<meta property=\"og:image:width\" content=\"1920\" \/>\n\t<meta property=\"og:image:height\" content=\"800\" \/>\n\t<meta property=\"og:image:type\" content=\"image\/jpeg\" \/>\n<meta name=\"author\" content=\"Sandrine Couture\" \/>\n<meta name=\"twitter:card\" content=\"summary_large_image\" \/>\n<meta name=\"twitter:creator\" content=\"@Telefilm_Canada\" \/>\n<meta name=\"twitter:site\" content=\"@Telefilm_Canada\" \/>\n<meta name=\"twitter:label1\" content=\"\u00c9crit par\" \/>\n\t<meta name=\"twitter:data1\" content=\"Sandrine Couture\" \/>\n\t<meta name=\"twitter:label2\" content=\"Estimation du temps de lecture\" \/>\n\t<meta name=\"twitter:data2\" content=\"4 minutes\" \/>\n<script type=\"application\/ld+json\" class=\"yoast-schema-graph\">{\n\t    \"@context\": \"https:\\\/\\\/schema.org\",\n\t    \"@graph\": [\n\t        {\n\t            \"@type\": \"Article\",\n\t            \"@id\": \"https:\\\/\\\/stage.rdvcanada.ca\\\/fr\\\/incontournables\\\/vos-cinq-evenements-daffaires-a-ne-pas-manquer-a-cannes\\\/#article\",\n\t            \"isPartOf\": {\n\t                \"@id\": \"https:\\\/\\\/stage.rdvcanada.ca\\\/fr\\\/incontournables\\\/vos-cinq-evenements-daffaires-a-ne-pas-manquer-a-cannes\\\/\"\n\t            },\n\t            \"author\": {\n\t                \"name\": \"Sandrine Couture\",\n\t                \"@id\": \"https:\\\/\\\/stage.rdvcanada.ca\\\/en\\\/#\\\/schema\\\/person\\\/854b83df133706ec69e3612f46d84934\"\n\t            },\n\t            \"headline\": \"Vos cinq \u00e9v\u00e9nements d\u2019affaires \u00e0 ne pas manquer \u00e0 Cannes\",\n\t            \"datePublished\": \"2019-04-16T17:45:37+00:00\",\n\t            \"dateModified\": \"2019-04-24T19:24:08+00:00\",\n\t            \"mainEntityOfPage\": {\n\t                \"@id\": \"https:\\\/\\\/stage.rdvcanada.ca\\\/fr\\\/incontournables\\\/vos-cinq-evenements-daffaires-a-ne-pas-manquer-a-cannes\\\/\"\n\t            },\n\t            \"wordCount\": 832,\n\t            \"image\": {\n\t                \"@id\": \"https:\\\/\\\/stage.rdvcanada.ca\\\/fr\\\/incontournables\\\/vos-cinq-evenements-daffaires-a-ne-pas-manquer-a-cannes\\\/#primaryimage\"\n\t            },\n\t            \"thumbnailUrl\": \"https:\\\/\\\/stage.rdvcanada.ca\\\/wp-content\\\/uploads\\\/2019\\\/04\\\/Cannes2019-bg.jpg\",\n\t            \"articleSection\": [\n\t                \"Incontournables\"\n\t            ],\n\t            \"inLanguage\": \"fr-CA\"\n\t        },\n\t        {\n\t            \"@type\": \"WebPage\",\n\t            \"@id\": \"https:\\\/\\\/stage.rdvcanada.ca\\\/fr\\\/incontournables\\\/vos-cinq-evenements-daffaires-a-ne-pas-manquer-a-cannes\\\/\",\n\t            \"url\": \"https:\\\/\\\/stage.rdvcanada.ca\\\/fr\\\/incontournables\\\/vos-cinq-evenements-daffaires-a-ne-pas-manquer-a-cannes\\\/\",\n\t            \"name\": \"Vos cinq \u00e9v\u00e9nements d\u2019affaires \u00e0 ne pas manquer \u00e0 Cannes - Industrie Audiovisuelle Canadienne\",\n\t            \"isPartOf\": {\n\t                \"@id\": \"https:\\\/\\\/stage.rdvcanada.ca\\\/en\\\/#website\"\n\t            },\n\t            \"primaryImageOfPage\": {\n\t                \"@id\": \"https:\\\/\\\/stage.rdvcanada.ca\\\/fr\\\/incontournables\\\/vos-cinq-evenements-daffaires-a-ne-pas-manquer-a-cannes\\\/#primaryimage\"\n\t            },\n\t            \"image\": {\n\t                \"@id\": \"https:\\\/\\\/stage.rdvcanada.ca\\\/fr\\\/incontournables\\\/vos-cinq-evenements-daffaires-a-ne-pas-manquer-a-cannes\\\/#primaryimage\"\n\t            },\n\t            \"thumbnailUrl\": \"https:\\\/\\\/stage.rdvcanada.ca\\\/wp-content\\\/uploads\\\/2019\\\/04\\\/Cannes2019-bg.jpg\",\n\t            \"datePublished\": \"2019-04-16T17:45:37+00:00\",\n\t            \"dateModified\": \"2019-04-24T19:24:08+00:00\",\n\t            \"author\": {\n\t                \"@id\": \"https:\\\/\\\/stage.rdvcanada.ca\\\/en\\\/#\\\/schema\\\/person\\\/854b83df133706ec69e3612f46d84934\"\n\t            },\n\t            \"description\": \"La C\u00f4te d\u2019Azur offre une magnifique toile de fond \u00e0 la 72e \u00e9dition du Festival de Cannes, o\u00f9 le Canada sera repr\u00e9sent\u00e9 en force pour la 60e\u00a0\u00e9dition du\",\n\t            \"breadcrumb\": {\n\t                \"@id\": \"https:\\\/\\\/stage.rdvcanada.ca\\\/fr\\\/incontournables\\\/vos-cinq-evenements-daffaires-a-ne-pas-manquer-a-cannes\\\/#breadcrumb\"\n\t            },\n\t            \"inLanguage\": \"fr-CA\",\n\t            \"potentialAction\": [\n\t                {\n\t                    \"@type\": \"ReadAction\",\n\t                    \"target\": [\n\t                        \"https:\\\/\\\/stage.rdvcanada.ca\\\/fr\\\/incontournables\\\/vos-cinq-evenements-daffaires-a-ne-pas-manquer-a-cannes\\\/\"\n\t                    ]\n\t                }\n\t            ]\n\t        },\n\t        {\n\t            \"@type\": \"ImageObject\",\n\t            \"inLanguage\": \"fr-CA\",\n\t            \"@id\": \"https:\\\/\\\/stage.rdvcanada.ca\\\/fr\\\/incontournables\\\/vos-cinq-evenements-daffaires-a-ne-pas-manquer-a-cannes\\\/#primaryimage\",\n\t            \"url\": \"https:\\\/\\\/stage.rdvcanada.ca\\\/wp-content\\\/uploads\\\/2019\\\/04\\\/Cannes2019-bg.jpg\",\n\t            \"contentUrl\": \"https:\\\/\\\/stage.rdvcanada.ca\\\/wp-content\\\/uploads\\\/2019\\\/04\\\/Cannes2019-bg.jpg\",\n\t            \"width\": 1920,\n\t            \"height\": 800\n\t        },\n\t        {\n\t            \"@type\": \"BreadcrumbList\",\n\t            \"@id\": \"https:\\\/\\\/stage.rdvcanada.ca\\\/fr\\\/incontournables\\\/vos-cinq-evenements-daffaires-a-ne-pas-manquer-a-cannes\\\/#breadcrumb\",\n\t            \"itemListElement\": [\n\t                {\n\t                    \"@type\": \"ListItem\",\n\t                    \"position\": 1,\n\t                    \"name\": \"Home\",\n\t                    \"item\": \"https:\\\/\\\/stage.rdvcanada.ca\\\/en\\\/\"\n\t                },\n\t                {\n\t                    \"@type\": \"ListItem\",\n\t                    \"position\": 2,\n\t                    \"name\": \"Vos cinq \u00e9v\u00e9nements d\u2019affaires \u00e0 ne pas manquer \u00e0 Cannes\"\n\t                }\n\t            ]\n\t        },\n\t        {\n\t            \"@type\": \"WebSite\",\n\t            \"@id\": \"https:\\\/\\\/stage.rdvcanada.ca\\\/en\\\/#website\",\n\t            \"url\": \"https:\\\/\\\/stage.rdvcanada.ca\\\/en\\\/\",\n\t            \"name\": \"RDVCanada.ca\",\n\t            \"description\": \"VOIR GRAND. D\u00e9couvrez le meilleur du talent Canadien \u00e0 travers le monde.\",\n\t            \"potentialAction\": [\n\t                {\n\t                    \"@type\": \"SearchAction\",\n\t                    \"target\": {\n\t                        \"@type\": \"EntryPoint\",\n\t                        \"urlTemplate\": \"https:\\\/\\\/stage.rdvcanada.ca\\\/en\\\/?s={search_term_string}\"\n\t                    },\n\t                    \"query-input\": {\n\t                        \"@type\": \"PropertyValueSpecification\",\n\t                        \"valueRequired\": true,\n\t                        \"valueName\": \"search_term_string\"\n\t                    }\n\t                }\n\t            ],\n\t            \"inLanguage\": \"fr-CA\"\n\t        },\n\t        {\n\t            \"@type\": \"Person\",\n\t            \"@id\": \"https:\\\/\\\/stage.rdvcanada.ca\\\/en\\\/#\\\/schema\\\/person\\\/854b83df133706ec69e3612f46d84934\",\n\t            \"name\": \"Sandrine Couture\"\n\t        }\n\t    ]\n\t}<\/script>\n<!-- \/ Yoast SEO plugin. -->","yoast_head_json":{"title":"Vos cinq \u00e9v\u00e9nements d\u2019affaires \u00e0 ne pas manquer \u00e0 Cannes - Industrie Audiovisuelle Canadienne","description":"La C\u00f4te d\u2019Azur offre une magnifique toile de fond \u00e0 la 72e \u00e9dition du Festival de Cannes, o\u00f9 le Canada sera repr\u00e9sent\u00e9 en force pour la 60e\u00a0\u00e9dition du","robots":{"index":"noindex","follow":"follow","max-snippet":"max-snippet:-1","max-image-preview":"max-image-preview:large","max-video-preview":"max-video-preview:-1"},"og_locale":"fr_CA","og_type":"article","og_title":"Vos cinq \u00e9v\u00e9nements d\u2019affaires \u00e0 ne pas manquer \u00e0 Cannes - Industrie Audiovisuelle Canadienne","og_description":"La C\u00f4te d\u2019Azur offre une magnifique toile de fond \u00e0 la 72e \u00e9dition du Festival de Cannes, o\u00f9 le Canada sera repr\u00e9sent\u00e9 en force pour la 60e\u00a0\u00e9dition du","og_url":"https:\/\/stage.rdvcanada.ca\/fr\/incontournables\/vos-cinq-evenements-daffaires-a-ne-pas-manquer-a-cannes\/","og_site_name":"RDVCanada.ca","article_publisher":"https:\/\/www.facebook.com\/telefilmcanada","article_published_time":"2019-04-16T17:45:37+00:00","article_modified_time":"2019-04-24T19:24:08+00:00","og_image":[{"width":1920,"height":800,"url":"https:\/\/stage.rdvcanada.ca\/wp-content\/uploads\/2019\/04\/Cannes2019-bg.jpg","type":"image\/jpeg"}],"author":"Sandrine Couture","twitter_card":"summary_large_image","twitter_creator":"@Telefilm_Canada","twitter_site":"@Telefilm_Canada","twitter_misc":{"\u00c9crit par":"Sandrine Couture","Estimation du temps de lecture":"4 minutes"},"schema":{"@context":"https:\/\/schema.org","@graph":[{"@type":"Article","@id":"https:\/\/stage.rdvcanada.ca\/fr\/incontournables\/vos-cinq-evenements-daffaires-a-ne-pas-manquer-a-cannes\/#article","isPartOf":{"@id":"https:\/\/stage.rdvcanada.ca\/fr\/incontournables\/vos-cinq-evenements-daffaires-a-ne-pas-manquer-a-cannes\/"},"author":{"name":"Sandrine Couture","@id":"https:\/\/stage.rdvcanada.ca\/en\/#\/schema\/person\/854b83df133706ec69e3612f46d84934"},"headline":"Vos cinq \u00e9v\u00e9nements d\u2019affaires \u00e0 ne pas manquer \u00e0 Cannes","datePublished":"2019-04-16T17:45:37+00:00","dateModified":"2019-04-24T19:24:08+00:00","mainEntityOfPage":{"@id":"https:\/\/stage.rdvcanada.ca\/fr\/incontournables\/vos-cinq-evenements-daffaires-a-ne-pas-manquer-a-cannes\/"},"wordCount":832,"image":{"@id":"https:\/\/stage.rdvcanada.ca\/fr\/incontournables\/vos-cinq-evenements-daffaires-a-ne-pas-manquer-a-cannes\/#primaryimage"},"thumbnailUrl":"https:\/\/stage.rdvcanada.ca\/wp-content\/uploads\/2019\/04\/Cannes2019-bg.jpg","articleSection":["Incontournables"],"inLanguage":"fr-CA"},{"@type":"WebPage","@id":"https:\/\/stage.rdvcanada.ca\/fr\/incontournables\/vos-cinq-evenements-daffaires-a-ne-pas-manquer-a-cannes\/","url":"https:\/\/stage.rdvcanada.ca\/fr\/incontournables\/vos-cinq-evenements-daffaires-a-ne-pas-manquer-a-cannes\/","name":"Vos cinq \u00e9v\u00e9nements d\u2019affaires \u00e0 ne pas manquer \u00e0 Cannes - Industrie Audiovisuelle Canadienne","isPartOf":{"@id":"https:\/\/stage.rdvcanada.ca\/en\/#website"},"primaryImageOfPage":{"@id":"https:\/\/stage.rdvcanada.ca\/fr\/incontournables\/vos-cinq-evenements-daffaires-a-ne-pas-manquer-a-cannes\/#primaryimage"},"image":{"@id":"https:\/\/stage.rdvcanada.ca\/fr\/incontournables\/vos-cinq-evenements-daffaires-a-ne-pas-manquer-a-cannes\/#primaryimage"},"thumbnailUrl":"https:\/\/stage.rdvcanada.ca\/wp-content\/uploads\/2019\/04\/Cannes2019-bg.jpg","datePublished":"2019-04-16T17:45:37+00:00","dateModified":"2019-04-24T19:24:08+00:00","author":{"@id":"https:\/\/stage.rdvcanada.ca\/en\/#\/schema\/person\/854b83df133706ec69e3612f46d84934"},"description":"La C\u00f4te d\u2019Azur offre une magnifique toile de fond \u00e0 la 72e \u00e9dition du Festival de Cannes, o\u00f9 le Canada sera repr\u00e9sent\u00e9 en force pour la 60e\u00a0\u00e9dition du","breadcrumb":{"@id":"https:\/\/stage.rdvcanada.ca\/fr\/incontournables\/vos-cinq-evenements-daffaires-a-ne-pas-manquer-a-cannes\/#breadcrumb"},"inLanguage":"fr-CA","potentialAction":[{"@type":"ReadAction","target":["https:\/\/stage.rdvcanada.ca\/fr\/incontournables\/vos-cinq-evenements-daffaires-a-ne-pas-manquer-a-cannes\/"]}]},{"@type":"ImageObject","inLanguage":"fr-CA","@id":"https:\/\/stage.rdvcanada.ca\/fr\/incontournables\/vos-cinq-evenements-daffaires-a-ne-pas-manquer-a-cannes\/#primaryimage","url":"https:\/\/stage.rdvcanada.ca\/wp-content\/uploads\/2019\/04\/Cannes2019-bg.jpg","contentUrl":"https:\/\/stage.rdvcanada.ca\/wp-content\/uploads\/2019\/04\/Cannes2019-bg.jpg","width":1920,"height":800},{"@type":"BreadcrumbList","@id":"https:\/\/stage.rdvcanada.ca\/fr\/incontournables\/vos-cinq-evenements-daffaires-a-ne-pas-manquer-a-cannes\/#breadcrumb","itemListElement":[{"@type":"ListItem","position":1,"name":"Home","item":"https:\/\/stage.rdvcanada.ca\/en\/"},{"@type":"ListItem","position":2,"name":"Vos cinq \u00e9v\u00e9nements d\u2019affaires \u00e0 ne pas manquer \u00e0 Cannes"}]},{"@type":"WebSite","@id":"https:\/\/stage.rdvcanada.ca\/en\/#website","url":"https:\/\/stage.rdvcanada.ca\/en\/","name":"RDVCanada.ca","description":"VOIR GRAND. D\u00e9couvrez le meilleur du talent Canadien \u00e0 travers le monde.","potentialAction":[{"@type":"SearchAction","target":{"@type":"EntryPoint","urlTemplate":"https:\/\/stage.rdvcanada.ca\/en\/?s={search_term_string}"},"query-input":{"@type":"PropertyValueSpecification","valueRequired":true,"valueName":"search_term_string"}}],"inLanguage":"fr-CA"},{"@type":"Person","@id":"https:\/\/stage.rdvcanada.ca\/en\/#\/schema\/person\/854b83df133706ec69e3612f46d84934","name":"Sandrine Couture"}]}},"_links":{"self":[{"href":"https:\/\/stage.rdvcanada.ca\/fr\/wp-json\/wp\/v2\/posts\/23005","targetHints":{"allow":["GET"]}}],"collection":[{"href":"https:\/\/stage.rdvcanada.ca\/fr\/wp-json\/wp\/v2\/posts"}],"about":[{"href":"https:\/\/stage.rdvcanada.ca\/fr\/wp-json\/wp\/v2\/types\/post"}],"author":[{"embeddable":true,"href":"https:\/\/stage.rdvcanada.ca\/fr\/wp-json\/wp\/v2\/users\/150"}],"replies":[{"embeddable":true,"href":"https:\/\/stage.rdvcanada.ca\/fr\/wp-json\/wp\/v2\/comments?post=23005"}],"version-history":[{"count":0,"href":"https:\/\/stage.rdvcanada.ca\/fr\/wp-json\/wp\/v2\/posts\/23005\/revisions"}],"wp:featuredmedia":[{"embeddable":true,"href":"https:\/\/stage.rdvcanada.ca\/fr\/wp-json\/wp\/v2\/media\/22997"}],"wp:attachment":[{"href":"https:\/\/stage.rdvcanada.ca\/fr\/wp-json\/wp\/v2\/media?parent=23005"}],"wp:term":[{"taxonomy":"category","embeddable":true,"href":"https:\/\/stage.rdvcanada.ca\/fr\/wp-json\/wp\/v2\/categories?post=23005"},{"taxonomy":"post_tag","embeddable":true,"href":"https:\/\/stage.rdvcanada.ca\/fr\/wp-json\/wp\/v2\/tags?post=23005"}],"curies":[{"name":"wp","href":"https:\/\/api.w.org\/{rel}","templated":true}]}}