{"id":26469,"date":"2019-08-26T14:09:07","date_gmt":"2019-08-26T18:09:07","guid":{"rendered":"https:\/\/stage.rdvcanada.ca\/?p=26469"},"modified":"2019-08-29T16:34:18","modified_gmt":"2019-08-29T20:34:18","slug":"birks-et-telefilm-canada-devoilent-les-laureates-pour-lhommage-diamant-birks-aux-femmes-de-lannee-en-cinema","status":"publish","type":"post","link":"https:\/\/stage.rdvcanada.ca\/fr\/evenements\/birks-et-telefilm-canada-devoilent-les-laureates-pour-lhommage-diamant-birks-aux-femmes-de-lannee-en-cinema\/","title":{"rendered":"Birks et T\u00e9l\u00e9film Canada d\u00e9voilent les laur\u00e9ates pour l\u2019Hommage Diamant Birks aux femmes de l\u2019ann\u00e9e en cin\u00e9ma"},"content":{"rendered":"\t\t<div data-elementor-type=\"wp-post\" data-elementor-id=\"26469\" class=\"elementor elementor-26469 elementor-26467\" data-elementor-post-type=\"post\">\n\t\t\t\t\t\t<section class=\"elementor-section elementor-top-section elementor-element elementor-element-5832103 elementor-section-boxed elementor-section-height-default elementor-section-height-default\" data-id=\"5832103\" data-element_type=\"section\" data-e-type=\"section\">\n\t\t\t\t\t\t<div class=\"elementor-container elementor-column-gap-default\">\n\t\t\t\t\t<div class=\"elementor-column elementor-col-100 elementor-top-column elementor-element elementor-element-61b16ba\" data-id=\"61b16ba\" data-element_type=\"column\" data-e-type=\"column\">\n\t\t\t<div class=\"elementor-widget-wrap\">\n\t\t\t\t\t\t\t<\/div>\n\t\t<\/div>\n\t\t\t\t\t<\/div>\n\t\t<\/section>\n\t\t\t\t<section class=\"elementor-section elementor-top-section elementor-element elementor-element-636f482 elementor-section-boxed elementor-section-height-default elementor-section-height-default\" data-id=\"636f482\" data-element_type=\"section\" data-e-type=\"section\">\n\t\t\t\t\t\t<div class=\"elementor-container elementor-column-gap-default\">\n\t\t\t\t\t<div class=\"elementor-column elementor-col-100 elementor-top-column elementor-element elementor-element-5709a63\" data-id=\"5709a63\" data-element_type=\"column\" data-e-type=\"column\">\n\t\t\t<div class=\"elementor-widget-wrap elementor-element-populated\">\n\t\t\t\t\t\t<div class=\"elementor-element elementor-element-8da7e57 elementor-widget elementor-widget-text-editor\" data-id=\"8da7e57\" data-element_type=\"widget\" data-e-type=\"widget\" data-widget_type=\"text-editor.default\">\n\t\t\t\t<div class=\"elementor-widget-container\">\n\t\t\t\t\t\t\t\t\t<p><strong>Birks<\/strong>, la bijouterie commanditaire officielle du Festival international du film de Toronto, et\u00a0<strong>T\u00e9l\u00e9film Canada<\/strong>\u00a0ont annonc\u00e9 les noms des femmes qui seront honor\u00e9es au 7<sup>e<\/sup>\u00a0<strong>Hommage Diamant Birks aux femmes de l\u2019ann\u00e9e en cin\u00e9ma<\/strong>. Cet hommage, qui aura lieu le mercredi 4 septembre lors d\u2019un d\u00eener \u00e0 l\u2019h\u00f4tel Four Seasons, c\u00e9l\u00e8bre le paysage cin\u00e9matographique canadien des plus diversifi\u00e9s et ses cr\u00e9atrices d\u2019histoires qui \u0153uvrent des deux c\u00f4t\u00e9s de la cam\u00e9ra. Cette ann\u00e9e, les laur\u00e9ates \u00e0 l\u2019honneur comprennent la r\u00e9alisatrice\u00a0<strong>Micheline Lanct\u00f4t<\/strong>, les actrices\u00a0<strong>Wendy Crewson\u00a0<\/strong>et\u00a0<strong>Jean Yoon<\/strong>, la sc\u00e9nariste\u00a0<strong>Marie Clements<\/strong>\u00a0ainsi que les r\u00e9alisatrices \u00e9mergentes\u00a0<strong>Jasmin Mozaffari\u00a0<\/strong>et\u00a0<strong>Sophie Dupuis<\/strong>. Chaque laur\u00e9ate, des cat\u00e9gories r\u00e9alisatrices, actrices, sc\u00e9naristes et talents \u00e9mergents, recevra un prix en argent de Birks pour appuyer son prochain projet.<\/p><p>Un jury pancanadien, compos\u00e9 de 18 journalistes et personnalit\u00e9s des ondes provenant du domaine des arts, de la culture et du divertissement, a eu la t\u00e2che de s\u00e9lectionner les femmes honor\u00e9es cette ann\u00e9e.<\/p><p>\u00ab\u00a0C\u2019est inspirant d\u2019honorer plusieurs des meilleures artistes f\u00e9minines du Canada pour une 7<sup>e<\/sup>\u00a0ann\u00e9e pendant l\u2019\u00e9v\u00e9nement Hommage Diamant Birks\u00a0\u00bb, d\u00e9clare Christa Dickenson, directrice g\u00e9n\u00e9rale, T\u00e9l\u00e9film Canada.\u00a0\u00ab\u00a0Les artistes honor\u00e9es cette ann\u00e9e racontent les histoires puissantes, touchantes et parfois comiques de notre pays au monde entier, et nous avons h\u00e2te de les rassembler pour c\u00e9l\u00e9brer leurs \u0153uvres incroyables.\u00a0\u00bb<\/p><p>\u00ab\u00a0Nous sommes tr\u00e8s fiers d\u2019avoir lanc\u00e9 une tradition de soutien du talent canadien au f\u00e9minin dans l\u2019industrie cin\u00e9matographique\u00a0\u00bb, d\u00e9clare Jean-Christophe B\u00e9dos, pr\u00e9sident et chef de la direction de la Maison Birks. \u00ab\u00a0Notre partenariat avec T\u00e9l\u00e9film Canada c\u00e9l\u00e8bre ces femmes qui apportent un point de vue unique \u00e0 la cr\u00e9ativit\u00e9 dans l\u2019industrie canadienne du cin\u00e9ma.\u00a0\u00bb<\/p><p>Les laur\u00e9ates de cette ann\u00e9e rejoignent le groupe s\u00e9lect des artistes nomm\u00e9es \u00e0 l\u2019Hommage Birks, dont Alanis Obomsawin, Sarah Polley, Tatiana Maslany, Sarah Gadon, Jennifer Baichwal, Karine Vanasse, Deepa Mehta, Louise Archambault, Catherine O\u2019Hara, Sandra Oh, Patricia Rozema, Amanda Brugel, Kawenn\u00e1here Devery Jacobs, \u00c9velyne Brochu, Tantoo Cardinal, Stella Meghie et Susan Coyne, notamment.<\/p>\t\t\t\t\t\t\t\t<\/div>\n\t\t\t\t<\/div>\n\t\t\t\t\t<\/div>\n\t\t<\/div>\n\t\t\t\t\t<\/div>\n\t\t<\/section>\n\t\t\t\t<section class=\"elementor-section elementor-top-section elementor-element elementor-element-6ec6e66 elementor-section-boxed elementor-section-height-default elementor-section-height-default\" data-id=\"6ec6e66\" data-element_type=\"section\" data-e-type=\"section\">\n\t\t\t\t\t\t<div class=\"elementor-container elementor-column-gap-default\">\n\t\t\t\t\t<div class=\"elementor-column elementor-col-50 elementor-top-column elementor-element elementor-element-188c118\" data-id=\"188c118\" data-element_type=\"column\" data-e-type=\"column\">\n\t\t\t<div class=\"elementor-widget-wrap elementor-element-populated\">\n\t\t\t\t\t\t<div class=\"elementor-element elementor-element-b7b2313 elementor-widget elementor-widget-image\" data-id=\"b7b2313\" data-element_type=\"widget\" data-e-type=\"widget\" data-widget_type=\"image.default\">\n\t\t\t\t<div class=\"elementor-widget-container\">\n\t\t\t\t\t\t\t\t\t\t\t\t\t\t\t<img fetchpriority=\"high\" decoding=\"async\" width=\"576\" height=\"576\" src=\"https:\/\/stage.rdvcanada.ca\/wp-content\/uploads\/2019\/08\/MichelineLanctot-insta-576x576.jpg\" class=\"attachment-large size-large wp-image-26719\" alt=\"\" srcset=\"https:\/\/stage.rdvcanada.ca\/wp-content\/uploads\/2019\/08\/MichelineLanctot-insta-576x576.jpg 576w, https:\/\/stage.rdvcanada.ca\/wp-content\/uploads\/2019\/08\/MichelineLanctot-insta-432x432.jpg 432w, https:\/\/stage.rdvcanada.ca\/wp-content\/uploads\/2019\/08\/MichelineLanctot-insta-768x768.jpg 768w, https:\/\/stage.rdvcanada.ca\/wp-content\/uploads\/2019\/08\/MichelineLanctot-insta.jpg 1080w, https:\/\/stage.rdvcanada.ca\/wp-content\/uploads\/2019\/08\/MichelineLanctot-insta-220x220.jpg 220w, https:\/\/stage.rdvcanada.ca\/wp-content\/uploads\/2019\/08\/MichelineLanctot-insta-350x350.jpg 350w\" sizes=\"(max-width: 576px) 100vw, 576px\" \/>\t\t\t\t\t\t\t\t\t\t\t\t\t\t\t<\/div>\n\t\t\t\t<\/div>\n\t\t\t\t<div class=\"elementor-element elementor-element-dbc2940 elementor-widget elementor-widget-text-editor\" data-id=\"dbc2940\" data-element_type=\"widget\" data-e-type=\"widget\" data-widget_type=\"text-editor.default\">\n\t\t\t\t<div class=\"elementor-widget-container\">\n\t\t\t\t\t\t\t\t\t<p><strong>R\u00c9ALISATRICE<\/strong><\/p><p><strong>Micheline Lanct\u00f4t<\/strong>, r\u00e9alisatrice, a \u00e9tudi\u00e9 la musique et les arts visuels pendant son baccalaur\u00e9at. Elle a travaill\u00e9 dans le merveilleux monde de l\u2019animation d\u00e8s 1967, et apr\u00e8s une ann\u00e9e \u00e0 l\u2019Office national du film du Canada, elle a rejoint Potterton Productions pour y travailler comme assistante, puis comme animatrice pendant cinq ans. Sa carri\u00e8re d\u2019actrice a commenc\u00e9 dans le film de Gilles Carle,\u00a0<em>La vraie nature de Bernadette<\/em>, le premier long m\u00e9trage canadien \u00e0 \u00eatre s\u00e9lectionn\u00e9 pour la comp\u00e9tition officielle du Festival de Cannes en 1972. Elle a ensuite continu\u00e9 sa carri\u00e8re d\u2019actrice et d\u2019animatrice pendant cinq autres ann\u00e9es, aux c\u00f4t\u00e9s de Richard Dreyfuss dans\u00a0<em>The Apprenticeship of Duddy Kravitz<\/em>\u00a0du r\u00e9alisateur Ted Kotcheff. En 1979, elle a sc\u00e9naris\u00e9 et r\u00e9alis\u00e9 son premier long m\u00e9trage,\u00a0<em>L\u2019homme \u00e0 tout faire<\/em>, s\u00e9lectionn\u00e9 \u00e0 la prestigieuse Quinzaine des R\u00e9alisateurs de Cannes. Le film a \u00e9galement remport\u00e9 la m\u00e9daille d\u2019argent au Festival de film de San Sebastian. Son deuxi\u00e8me long m\u00e9trage,\u00a0<em>Sonatine<\/em>, a remport\u00e9 le Lion d\u2019argent \u00e0 la Mostra de Venise en 1984. Elle a r\u00e9dig\u00e9 une vingtaine de sc\u00e9narios et r\u00e9alis\u00e9 douze longs m\u00e9trages, dont un documentaire, en plus de signer deux romans et quatre mises en sc\u00e8ne de pi\u00e8ce de th\u00e9\u00e2tre. Elle a men\u00e9 simultan\u00e9ment une carri\u00e8re d\u2019actrice tant au cin\u00e9ma qu\u2019\u00e0 la t\u00e9l\u00e9vision et de sc\u00e9nariste-r\u00e9alisatrice au cours des trente derni\u00e8res ann\u00e9es. En 1993, son film\u00a0<em>Deux actrices<\/em>\u00a0a remport\u00e9 le prix du Meilleur film au Rendez-vous du Cin\u00e9ma qu\u00e9b\u00e9cois. Enfin, son dernier long m\u00e9trage,\u00a0<em>Une mani\u00e8re de vivre<\/em>, sortira \u00e0 l\u2019automne 2019. En 2000, elle a re\u00e7u la plus haute distinction du Qu\u00e9bec, le Prix Albert-Tessier, pour sa cin\u00e9matographie, et en 2003, elle a \u00e9t\u00e9 l\u2019une des laur\u00e9ates du Prix du Gouverneur G\u00e9n\u00e9ral du Canada. Son film\u00a0<em>Pour l\u2019amour de Dieu<\/em>\u00a0a re\u00e7u le Prix sp\u00e9cial du jury au Festival international du film de Shanghai en 2010, et elle a re\u00e7u le Prix Jutra Hommage en 2014. Elle enseigne le jeu et la r\u00e9alisation \u00e0 l\u2019\u00e9cole Mel Oppenheim School of Cinema de l\u2019Universit\u00e9 Concordia \u00e0 Montr\u00e9al depuis 1981. Elle se consacre pr\u00e9sentement \u00e0 son prochain long m\u00e9trage,\u00a0<em>Sylvaine ou l\u2019esprit de la for\u00eat<\/em>.<\/p>\t\t\t\t\t\t\t\t<\/div>\n\t\t\t\t<\/div>\n\t\t\t\t\t<\/div>\n\t\t<\/div>\n\t\t\t\t<div class=\"elementor-column elementor-col-50 elementor-top-column elementor-element elementor-element-14ebed3\" data-id=\"14ebed3\" data-element_type=\"column\" data-e-type=\"column\">\n\t\t\t<div class=\"elementor-widget-wrap elementor-element-populated\">\n\t\t\t\t\t\t<div class=\"elementor-element elementor-element-0e9df44 elementor-widget elementor-widget-image\" data-id=\"0e9df44\" data-element_type=\"widget\" data-e-type=\"widget\" data-widget_type=\"image.default\">\n\t\t\t\t<div class=\"elementor-widget-container\">\n\t\t\t\t\t\t\t\t\t\t\t\t\t\t\t<img decoding=\"async\" width=\"576\" height=\"576\" src=\"https:\/\/stage.rdvcanada.ca\/wp-content\/uploads\/2019\/08\/MarieClements-insta-576x576.jpg\" class=\"attachment-large size-large wp-image-26721\" alt=\"\" srcset=\"https:\/\/stage.rdvcanada.ca\/wp-content\/uploads\/2019\/08\/MarieClements-insta-576x576.jpg 576w, https:\/\/stage.rdvcanada.ca\/wp-content\/uploads\/2019\/08\/MarieClements-insta-432x432.jpg 432w, https:\/\/stage.rdvcanada.ca\/wp-content\/uploads\/2019\/08\/MarieClements-insta-768x768.jpg 768w, https:\/\/stage.rdvcanada.ca\/wp-content\/uploads\/2019\/08\/MarieClements-insta.jpg 1080w, https:\/\/stage.rdvcanada.ca\/wp-content\/uploads\/2019\/08\/MarieClements-insta-220x220.jpg 220w, https:\/\/stage.rdvcanada.ca\/wp-content\/uploads\/2019\/08\/MarieClements-insta-350x350.jpg 350w\" sizes=\"(max-width: 576px) 100vw, 576px\" loading=\"lazy\" \/>\t\t\t\t\t\t\t\t\t\t\t\t\t\t\t<\/div>\n\t\t\t\t<\/div>\n\t\t\t\t<div class=\"elementor-element elementor-element-0b2fb62 elementor-widget elementor-widget-text-editor\" data-id=\"0b2fb62\" data-element_type=\"widget\" data-e-type=\"widget\" data-widget_type=\"text-editor.default\">\n\t\t\t\t<div class=\"elementor-widget-container\">\n\t\t\t\t\t\t\t\t\t<p><strong>SC\u00c9NARISTE<\/strong><\/p><p>La sc\u00e9nariste<strong>\u00a0Marie Clements<\/strong>\u00a0a fait rayonner sa cr\u00e9ativit\u00e9 dans une vari\u00e9t\u00e9 de m\u00e9dias, dont le cin\u00e9ma, la t\u00e9l\u00e9vision et les arts de la sc\u00e8ne. Son film dramatique\u00a0<em>Red Snow<\/em>vient d\u2019\u00eatre nomm\u00e9 pour dix Prix Leo et sera lanc\u00e9 cet automne. Son documentaire musical\u00a0<em>The Road Forward<\/em>, produit par l\u2019ONF, a \u00e9t\u00e9 pr\u00e9sent\u00e9 en premi\u00e8re \u00e0 Hot Docs et a ouvert le Festival de films documentaires DOXA 2017, avant de recevoir cinq Prix Leo dont ceux de la Meilleure production, Meilleure r\u00e9alisation et Meilleure sc\u00e9narisation.\u00a0<em>The Road Forward<\/em>\u00a0a \u00e9t\u00e9 pr\u00e9sent\u00e9 dans plus de 300 salles en Am\u00e9rique du Nord, en plus de recevoir le prix de la Meilleure r\u00e9alisation au North American Indian Festival de San Francisco, ainsi qu\u2019une nomination aux Writer\u2019s Guild Nomination pour le Meilleur sc\u00e9nario de documentaire, le Prix WFF Women on Top ainsi que le Prix DGC BC Spotlight Impact Award en 2018. Son documentaire\u00a0<em>Looking at Edward Curtis<\/em>\u00a0a \u00e9t\u00e9 pr\u00e9sent\u00e9 en premi\u00e8re \u00e0 DOXA, puis au Yorkton Film Festival, avec quatre nominations comme Meilleur documentaire, avant sa diffusion sur le Knowledge Network l\u2019\u00e9t\u00e9 dernier. C\u2019est \u00e0 titre de sc\u00e9nariste, r\u00e9alisatrice et productrice qu\u2019elle a eu l\u2019honneur de voir ses films maintes fois prim\u00e9s pr\u00e9sent\u00e9s \u00e0 Cannes, au MOMA, au VIFF, au WIFF, au American Indian Film Festival ainsi qu\u2019au Festival du film ImagineNATIVE. Ses quinze pi\u00e8ces, maintes fois traduites et publi\u00e9es, ont \u00e9t\u00e9 pr\u00e9sent\u00e9es sur certaines des sc\u00e8nes canadiennes et internationales les plus prestigieuses, en plus de recevoir des distinctions notoires comme le Prix litt\u00e9raire Canada-Japon 2004 et deux nominations aux Prix litt\u00e9raires du Gouverneur G\u00e9n\u00e9ral. Sa pi\u00e8ce\u00a0<em>The Unnatural and Accidental Women<\/em>\u00a0ouvrira la saison inaugurale du Th\u00e9\u00e2tre autochtone du Centre national des Arts \u00e0 Ottawa en septembre, alors que son libretto\u00a0<em>Missing<\/em>sera en tourn\u00e9e nationale avec Pacific Opera Victoria cet automne. MCM est une entreprise de production m\u00e9diatique ind\u00e9pendante d\u00e9tenue et g\u00e9r\u00e9e par Clements, sp\u00e9cialis\u00e9e dans le d\u00e9veloppement, la cr\u00e9ation et la production d\u2019\u0153uvres novatrices qui explorent les r\u00e9alit\u00e9s autochtones et interculturelles.<\/p>\t\t\t\t\t\t\t\t<\/div>\n\t\t\t\t<\/div>\n\t\t\t\t\t<\/div>\n\t\t<\/div>\n\t\t\t\t\t<\/div>\n\t\t<\/section>\n\t\t\t\t<section class=\"elementor-section elementor-top-section elementor-element elementor-element-7cd395c elementor-section-boxed elementor-section-height-default elementor-section-height-default\" data-id=\"7cd395c\" data-element_type=\"section\" data-e-type=\"section\">\n\t\t\t\t\t\t<div class=\"elementor-container elementor-column-gap-default\">\n\t\t\t\t\t<div class=\"elementor-column elementor-col-50 elementor-top-column elementor-element elementor-element-4bf19d6\" data-id=\"4bf19d6\" data-element_type=\"column\" data-e-type=\"column\">\n\t\t\t<div class=\"elementor-widget-wrap elementor-element-populated\">\n\t\t\t\t\t\t<div class=\"elementor-element elementor-element-05ab2c6 elementor-widget elementor-widget-image\" data-id=\"05ab2c6\" data-element_type=\"widget\" data-e-type=\"widget\" data-widget_type=\"image.default\">\n\t\t\t\t<div class=\"elementor-widget-container\">\n\t\t\t\t\t\t\t\t\t\t\t\t\t\t\t<img decoding=\"async\" width=\"576\" height=\"576\" src=\"https:\/\/stage.rdvcanada.ca\/wp-content\/uploads\/2019\/08\/WendyCrewson-insta-576x576.jpg\" class=\"attachment-large size-large wp-image-26723\" alt=\"\" srcset=\"https:\/\/stage.rdvcanada.ca\/wp-content\/uploads\/2019\/08\/WendyCrewson-insta-576x576.jpg 576w, https:\/\/stage.rdvcanada.ca\/wp-content\/uploads\/2019\/08\/WendyCrewson-insta-432x432.jpg 432w, https:\/\/stage.rdvcanada.ca\/wp-content\/uploads\/2019\/08\/WendyCrewson-insta-768x768.jpg 768w, https:\/\/stage.rdvcanada.ca\/wp-content\/uploads\/2019\/08\/WendyCrewson-insta.jpg 1080w, https:\/\/stage.rdvcanada.ca\/wp-content\/uploads\/2019\/08\/WendyCrewson-insta-220x220.jpg 220w, https:\/\/stage.rdvcanada.ca\/wp-content\/uploads\/2019\/08\/WendyCrewson-insta-350x350.jpg 350w\" sizes=\"(max-width: 576px) 100vw, 576px\" loading=\"lazy\" \/>\t\t\t\t\t\t\t\t\t\t\t\t\t\t\t<\/div>\n\t\t\t\t<\/div>\n\t\t\t\t<div class=\"elementor-element elementor-element-bb9d87e elementor-widget elementor-widget-text-editor\" data-id=\"bb9d87e\" data-element_type=\"widget\" data-e-type=\"widget\" data-widget_type=\"text-editor.default\">\n\t\t\t\t<div class=\"elementor-widget-container\">\n\t\t\t\t\t\t\t\t\t<p><strong>ACTRICE<\/strong><\/p><p>L\u2019actrice<strong>\u00a0Wendy Crewson<\/strong>\u00a0a re\u00e7u son \u00e9toile sur l\u2019All\u00e9e des c\u00e9l\u00e9brit\u00e9s canadiennes en 2015 ainsi que le Prix ACTRA Earle Grey, donn\u00e9 \u00e0 moins de 30 laur\u00e9ats au total depuis 1986, en reconnaissance de sa contribution au domaine t\u00e9l\u00e9visuel, de la part de l\u2019ACTRA et de l\u2019industrie canadienne du divertissement. Wendy a connu un succ\u00e8s critique et populaire et a re\u00e7u de nombreux prix pour ses \u0153uvres au cin\u00e9ma et \u00e0 la t\u00e9l\u00e9vision. Elle a jou\u00e9 dans plus de 100 titres, dont le film ind\u00e9pendant\u00a0<em>Away From Her\u00a0<\/em>de Sarah Polley,\u00a0<em>The Vow<\/em>\u00a0avec Rachel McAdams et Channing Tatum, la biographie\u00a0<em>Winnie<\/em>\u00a0sur Winnie Mandela aux c\u00f4t\u00e9s de Jennifer Hudson et Terrance Howard, la trilogie\u00a0<em>The Santa Clause<\/em>\u00a0avec Tim Allen,\u00a0<em>The Clearing<\/em>\u00a0avec Robert Redford,\u00a0<em>Between Strangers<\/em>\u00a0d\u2019Eduardo Ponti avec Sophia Loren,\u00a0<em>The Last Brickmaker in America<\/em>\u00a0avec Sidney Poitier,\u00a0<em>Bi-Centennial Man\u00a0<\/em>avec Robin Williams,\u00a0<em>The Sixth Day<\/em>\u00a0avec Arnold Schwarzenegger et bien s\u00fbr dans\u00a0<em>Air Force One<\/em>, en tant que premi\u00e8re dame des \u00c9tats-Unis aux c\u00f4t\u00e9s d\u2019Harrison Ford. Wendy a tenu la vedette dans cinq saisons de la s\u00e9rie m\u00e9dicale \u00e0 succ\u00e8s\u00a0<em>Saving Hope<\/em>\u00a0de CTV, pour laquelle elle a remport\u00e9 le prix de la Meilleure Actrice de soutien aux CSA en 2013. Wendy est apparue dans le succ\u00e8s critique\u00a0<em>Room<\/em>, en lice pour un Oscar, avec Brie Larson, sans oublier\u00a0<em>Into the Forest<\/em>\u00a0de Patricia Rozema avec Ellen Page. Au petit \u00e9cran, Wendy a jou\u00e9 r\u00e9cemment dans la s\u00e9rie de CTV\/ION\u00a0<em>The Detail<\/em>, pour laquelle elle a \u00e9t\u00e9 nomm\u00e9e aux CSA 2019. Elle appara\u00eet \u00e9galement dans l\u2019amusante s\u00e9rie historique\u00a0<em>Frankie Drake<\/em>\u00a0et dans la com\u00e9die\u00a0<em>Workin\u2019 Moms<\/em>\u00a0de la CBC et dans la s\u00e9rie d\u2019AMC\u00a0<em>The Son<\/em>\u00a0avec Pierce Brosnan. Wendy est toujours aussi occup\u00e9e, alors qu\u2019elle tourne en ce moment la troisi\u00e8me saison de la populaire s\u00e9rie\u00a0<em>Frankie Drake<\/em>\u00a0de la CBC, ainsi que la premi\u00e8re saison de la nouvelle s\u00e9rie de Hallmark,\u00a0<em>When Hope Calls<\/em>. Elle jouera ensuite un r\u00f4le dans une nouvelle s\u00e9rie de Netflix,\u00a0<em>The October Faction<\/em>.<\/p>\t\t\t\t\t\t\t\t<\/div>\n\t\t\t\t<\/div>\n\t\t\t\t\t<\/div>\n\t\t<\/div>\n\t\t\t\t<div class=\"elementor-column elementor-col-50 elementor-top-column elementor-element elementor-element-bcab440\" data-id=\"bcab440\" data-element_type=\"column\" data-e-type=\"column\">\n\t\t\t<div class=\"elementor-widget-wrap elementor-element-populated\">\n\t\t\t\t\t\t<div class=\"elementor-element elementor-element-8a581f1 elementor-widget elementor-widget-image\" data-id=\"8a581f1\" data-element_type=\"widget\" data-e-type=\"widget\" data-widget_type=\"image.default\">\n\t\t\t\t<div class=\"elementor-widget-container\">\n\t\t\t\t\t\t\t\t\t\t\t\t\t\t\t<img loading=\"lazy\" decoding=\"async\" width=\"576\" height=\"576\" src=\"https:\/\/stage.rdvcanada.ca\/wp-content\/uploads\/2019\/08\/Jean-Yoon-insta-576x576.jpg\" class=\"attachment-large size-large wp-image-26725\" alt=\"\" srcset=\"https:\/\/stage.rdvcanada.ca\/wp-content\/uploads\/2019\/08\/Jean-Yoon-insta-576x576.jpg 576w, https:\/\/stage.rdvcanada.ca\/wp-content\/uploads\/2019\/08\/Jean-Yoon-insta-432x432.jpg 432w, https:\/\/stage.rdvcanada.ca\/wp-content\/uploads\/2019\/08\/Jean-Yoon-insta-768x768.jpg 768w, https:\/\/stage.rdvcanada.ca\/wp-content\/uploads\/2019\/08\/Jean-Yoon-insta.jpg 1080w, https:\/\/stage.rdvcanada.ca\/wp-content\/uploads\/2019\/08\/Jean-Yoon-insta-220x220.jpg 220w, https:\/\/stage.rdvcanada.ca\/wp-content\/uploads\/2019\/08\/Jean-Yoon-insta-350x350.jpg 350w\" sizes=\"(max-width: 576px) 100vw, 576px\" \/>\t\t\t\t\t\t\t\t\t\t\t\t\t\t\t<\/div>\n\t\t\t\t<\/div>\n\t\t\t\t<div class=\"elementor-element elementor-element-8025bd6 elementor-widget elementor-widget-text-editor\" data-id=\"8025bd6\" data-element_type=\"widget\" data-e-type=\"widget\" data-widget_type=\"text-editor.default\">\n\t\t\t\t<div class=\"elementor-widget-container\">\n\t\t\t\t\t\t\t\t\t<p><strong>ACTRICE<\/strong><\/p><p>L\u2019actrice<strong>\u00a0Jean Yoon<\/strong>\u00a0a commenc\u00e9 sa carri\u00e8re au th\u00e9\u00e2tre au d\u00e9but des ann\u00e9es 80 \u00e0 Toronto, avec Upstage Theatre, Toronto Free Theatre ainsi que Canasian Artists Group. Durant les ann\u00e9es 90, Jean militait pour l\u2019\u00e9galit\u00e9 culturelle, en plus de produire de nouvelles pi\u00e8ces. Elle a \u00e9t\u00e9 coordonnatrice interculturelle pour le Theatre Ontario en 1991\/92, puis codirectrice artistique pour Cahoots Theatre Projects de 1992 au d\u00e9but de 1994. Fondatrice de Lift Off!, elle a confirm\u00e9 le statut de chef de file de Cahoots en tant que producteur de nouvelles pi\u00e8ces pour des dramaturges issus de diff\u00e9rentes cultures.\u00a0Jean a notamment jou\u00e9 dans\u00a0<em>Necessary Angel<\/em>, au Young Peoples Theatre, Factory, Tarragon, Crows et Civilized Theatre, dans\u00a0<em>Die in Debt<\/em>\u00a0et dans les projets th\u00e9\u00e2traux de Cahoots. Jean a jou\u00e9 le r\u00f4le d\u2019Umma dans la production de Toronto Fringe de\u00a0<em>Kim\u2019s Convenience<\/em>\u00a0en 2011 pour la toute premi\u00e8re fois, en plus de donner des repr\u00e9sentations de cette pi\u00e8ce au Soulpepper Theatre, au Grand Theatre London, au Centre national des Arts, au Theatre Calgary, au Theatre Aquarius, au Capitol Theatre de Port Hope, ainsi qu\u2019au Pershing Square Signature Centre de New York. Jean est bien connue pour son travail dans l\u2019adaptation t\u00e9l\u00e9visuelle de\u00a0<em>Kim\u2019s Convenience<\/em>\u00a0diffus\u00e9e \u00e0 CBC, pour laquelle elle a re\u00e7u le Prix ACTRA de la Meilleure actrice en 2017, et deux nominations aux CSA. Ses autres apparitions \u00e0 l\u2019\u00e9cran comprennent\u00a0<em>Orphan Black<\/em>,\u00a0<em>Dragon Boys<\/em>,\u00a0<em>The Expanse<\/em>,\u00a0<em>Save Me<\/em>, en plus de faire la voix de Connie dans l\u2019\u00e9mission de PBS gagnante d\u2019un Prix Emmy\u00a0<em>Peg + Cat<\/em>.<\/p>\t\t\t\t\t\t\t\t<\/div>\n\t\t\t\t<\/div>\n\t\t\t\t\t<\/div>\n\t\t<\/div>\n\t\t\t\t\t<\/div>\n\t\t<\/section>\n\t\t\t\t<section class=\"elementor-section elementor-top-section elementor-element elementor-element-7b34730 elementor-section-boxed elementor-section-height-default elementor-section-height-default\" data-id=\"7b34730\" data-element_type=\"section\" data-e-type=\"section\">\n\t\t\t\t\t\t<div class=\"elementor-container elementor-column-gap-default\">\n\t\t\t\t\t<div class=\"elementor-column elementor-col-50 elementor-top-column elementor-element elementor-element-6bf6fce\" data-id=\"6bf6fce\" data-element_type=\"column\" data-e-type=\"column\">\n\t\t\t<div class=\"elementor-widget-wrap elementor-element-populated\">\n\t\t\t\t\t\t<div class=\"elementor-element elementor-element-e38c9fe elementor-widget elementor-widget-image\" data-id=\"e38c9fe\" data-element_type=\"widget\" data-e-type=\"widget\" data-widget_type=\"image.default\">\n\t\t\t\t<div class=\"elementor-widget-container\">\n\t\t\t\t\t\t\t\t\t\t\t\t\t\t\t<img loading=\"lazy\" decoding=\"async\" width=\"576\" height=\"576\" src=\"https:\/\/stage.rdvcanada.ca\/wp-content\/uploads\/2019\/08\/SophieDupuis-insta-576x576.jpg\" class=\"attachment-large size-large wp-image-26729\" alt=\"\" srcset=\"https:\/\/stage.rdvcanada.ca\/wp-content\/uploads\/2019\/08\/SophieDupuis-insta-576x576.jpg 576w, https:\/\/stage.rdvcanada.ca\/wp-content\/uploads\/2019\/08\/SophieDupuis-insta-432x432.jpg 432w, https:\/\/stage.rdvcanada.ca\/wp-content\/uploads\/2019\/08\/SophieDupuis-insta-768x768.jpg 768w, https:\/\/stage.rdvcanada.ca\/wp-content\/uploads\/2019\/08\/SophieDupuis-insta.jpg 1080w, https:\/\/stage.rdvcanada.ca\/wp-content\/uploads\/2019\/08\/SophieDupuis-insta-220x220.jpg 220w, https:\/\/stage.rdvcanada.ca\/wp-content\/uploads\/2019\/08\/SophieDupuis-insta-350x350.jpg 350w\" sizes=\"(max-width: 576px) 100vw, 576px\" \/>\t\t\t\t\t\t\t\t\t\t\t\t\t\t\t<\/div>\n\t\t\t\t<\/div>\n\t\t\t\t<div class=\"elementor-element elementor-element-e9dc62c elementor-widget elementor-widget-text-editor\" data-id=\"e9dc62c\" data-element_type=\"widget\" data-e-type=\"widget\" data-widget_type=\"text-editor.default\">\n\t\t\t\t<div class=\"elementor-widget-container\">\n\t\t\t\t\t\t\t\t\t<p><strong>TALENT \u00c9MERGENT<\/strong><\/p><p>La r\u00e9alisatrice \u00e9mergente<strong>\u00a0Sophie Dupuis<\/strong>\u00a0est bien connue pour d\u00e9stabiliser les publics avec ses films frappants. Elle raconte des histoires aussi troublantes que touchantes, parfois sombres, mais toujours emplies de lumi\u00e8re. Tr\u00e8s habile pour entrecroiser les moments de tendresse et de bellig\u00e9rance, elle dresse des portraits de familles bris\u00e9es et de personnages indomptables. Ses nombreux courts m\u00e9trages ont remport\u00e9 un succ\u00e8s international et t\u00e9moignent de l\u2019amour que porte Sophie aux acteurs, dont les performances sont toujours acclam\u00e9es.\u00a0<em>Chien de garde<\/em>, son premier long m\u00e9trage, est un portrait \u00e9poustouflant de caract\u00e8res imp\u00e9tueux coinc\u00e9s dans une spirale de violence. Apr\u00e8s avoir remport\u00e9 le Prix de la mise en sc\u00e8ne au festival de Saint-Jean-de-Luz, o\u00f9 ses acteurs ont \u00e9galement \u00e9t\u00e9 r\u00e9compens\u00e9s, ce film a re\u00e7u huit nominations au Gala Qu\u00e9bec Cin\u00e9ma, notamment dans les cat\u00e9gories du Meilleur film, Meilleure r\u00e9alisation et Meilleur sc\u00e9nario. Sophie a \u00e9galement repr\u00e9sent\u00e9 le Qu\u00e9bec dans la course aux Oscars en 2018. Sophie Dupuis travaille pr\u00e9sentement sur son deuxi\u00e8me long m\u00e9trage,\u00a0<em>Souterrain<\/em>, qui portera sur le monde des mines.<\/p>\t\t\t\t\t\t\t\t<\/div>\n\t\t\t\t<\/div>\n\t\t\t\t\t<\/div>\n\t\t<\/div>\n\t\t\t\t<div class=\"elementor-column elementor-col-50 elementor-top-column elementor-element elementor-element-1b4e242\" data-id=\"1b4e242\" data-element_type=\"column\" data-e-type=\"column\">\n\t\t\t<div class=\"elementor-widget-wrap elementor-element-populated\">\n\t\t\t\t\t\t<div class=\"elementor-element elementor-element-5d9d095 elementor-widget elementor-widget-image\" data-id=\"5d9d095\" data-element_type=\"widget\" data-e-type=\"widget\" data-widget_type=\"image.default\">\n\t\t\t\t<div class=\"elementor-widget-container\">\n\t\t\t\t\t\t\t\t\t\t\t\t\t\t\t<img loading=\"lazy\" decoding=\"async\" width=\"576\" height=\"576\" src=\"https:\/\/stage.rdvcanada.ca\/wp-content\/uploads\/2019\/08\/JasminMozzafari-insta-576x576.jpg\" class=\"attachment-large size-large wp-image-26727\" alt=\"\" srcset=\"https:\/\/stage.rdvcanada.ca\/wp-content\/uploads\/2019\/08\/JasminMozzafari-insta-576x576.jpg 576w, https:\/\/stage.rdvcanada.ca\/wp-content\/uploads\/2019\/08\/JasminMozzafari-insta-432x432.jpg 432w, https:\/\/stage.rdvcanada.ca\/wp-content\/uploads\/2019\/08\/JasminMozzafari-insta-768x768.jpg 768w, https:\/\/stage.rdvcanada.ca\/wp-content\/uploads\/2019\/08\/JasminMozzafari-insta.jpg 1080w, https:\/\/stage.rdvcanada.ca\/wp-content\/uploads\/2019\/08\/JasminMozzafari-insta-220x220.jpg 220w, https:\/\/stage.rdvcanada.ca\/wp-content\/uploads\/2019\/08\/JasminMozzafari-insta-350x350.jpg 350w\" sizes=\"(max-width: 576px) 100vw, 576px\" \/>\t\t\t\t\t\t\t\t\t\t\t\t\t\t\t<\/div>\n\t\t\t\t<\/div>\n\t\t\t\t<div class=\"elementor-element elementor-element-f883457 elementor-widget elementor-widget-text-editor\" data-id=\"f883457\" data-element_type=\"widget\" data-e-type=\"widget\" data-widget_type=\"text-editor.default\">\n\t\t\t\t<div class=\"elementor-widget-container\">\n\t\t\t\t\t\t\t\t\t<p><strong>TALENT \u00c9MERGENT<\/strong><\/p><p>La nouvelle r\u00e9alisatrice torontoise et maintes fois prim\u00e9e\u00a0<strong>Jasmin Mozaffari<\/strong>\u00a0a \u00e9tudi\u00e9 le cin\u00e9ma au School of Image Arts de l\u2019Universit\u00e9 Ryerson. Parmi ses courts m\u00e9trages se trouvent<em>\u00a0Firecrackers\u00a0<\/em>(2013),<em>\u00a0Wave\u00a0<\/em>(2015) et\u00a0<em>sleep on the tracks<\/em>\u00a0(2017), pr\u00e9sent\u00e9s au Festival international du film de Toronto, au Festival international du film de Vancouver et dans bien d\u2019autres festivals en Europe et aux \u00c9tats-Unis. Son premier long m\u00e9trage\u00a0<em>Firecrackers<\/em>, inspir\u00e9 par son court m\u00e9trage du m\u00eame titre, a \u00e9t\u00e9 pr\u00e9sent\u00e9 en premi\u00e8re au Festival international du film de Toronto en 2018, avant de remporter le titre de Meilleur film en comp\u00e9tition au Festival international du film de Stockholm. Le film a ensuite gagn\u00e9 deux prix \u00c9crans canadiens en 2019, dont celui de la r\u00e9alisation.\u00a0<em>Variety<\/em>\u00a0a affirm\u00e9 que Jasmin \u00e9tait un \u00ab\u00a0talent majeur\u00a0\u00bb et\u00a0<em>Firecrackers<\/em>est apparu dans la liste du Choix des critiques du\u00a0<em>New York Times<\/em>\u00a0en 2019.<\/p>\t\t\t\t\t\t\t\t<\/div>\n\t\t\t\t<\/div>\n\t\t\t\t\t<\/div>\n\t\t<\/div>\n\t\t\t\t\t<\/div>\n\t\t<\/section>\n\t\t\t\t<section class=\"elementor-section elementor-top-section elementor-element elementor-element-fc20d52 elementor-section-boxed elementor-section-height-default elementor-section-height-default\" data-id=\"fc20d52\" data-element_type=\"section\" data-e-type=\"section\">\n\t\t\t\t\t\t<div class=\"elementor-container elementor-column-gap-default\">\n\t\t\t\t\t<div class=\"elementor-column elementor-col-100 elementor-top-column elementor-element elementor-element-878c612\" data-id=\"878c612\" data-element_type=\"column\" data-e-type=\"column\">\n\t\t\t<div class=\"elementor-widget-wrap elementor-element-populated\">\n\t\t\t\t\t\t<div class=\"elementor-element elementor-element-6bb8a02 elementor-widget elementor-widget-text-editor\" data-id=\"6bb8a02\" data-element_type=\"widget\" data-e-type=\"widget\" data-widget_type=\"text-editor.default\">\n\t\t\t\t<div class=\"elementor-widget-container\">\n\t\t\t\t\t\t\t\t\t<p><strong>Processus de mise en nomination et jury<\/strong><\/p><p>Outre un comit\u00e9 de s\u00e9lection interne, T\u00e9l\u00e9film et Birks ont fait appel aux organismes suivants pour participer au processus de mise en nomination de l\u2019Hommage Diamant Birks aux femmes de l\u2019ann\u00e9e en cin\u00e9ma (par ordre alphab\u00e9tique) : ACTRA (Alliance of Canadian Cinema, Television and Radio Artists), l\u2019Association des r\u00e9alisateurs et r\u00e9alisatrices du Qu\u00e9bec (ARRQ), la Guilde canadienne des r\u00e9alisateurs (GCR), la Soci\u00e9t\u00e9 des auteurs de radio, t\u00e9l\u00e9vision et cin\u00e9ma (SARTEC), l\u2019Union des Artistes (UDA) et la Writers Guild of Canada (WGC).<\/p><p>Un jury compos\u00e9 de 18 membres a eu la t\u00e2che de s\u00e9lectionner les femmes honor\u00e9es cette ann\u00e9e. Le jury pancanadien est form\u00e9 de journalistes, de blogueurs et de personnalit\u00e9s des ondes provenant du domaine des arts, de la culture et du divertissement : Victoria Ahearn (<em>The Canadian Press<\/em>), Catherine Beauchamp (<em>Le Tapis Rose<\/em>), Erica Commanda (<em>Muskrat Magazine<\/em>), Richard Crouse (<em>CTV Pop Life<\/em>), Manon Dumais (<em>Le Devoir<\/em>), T\u2019Cha Dunlevy (<em>Montreal Gazette<\/em>), Sholeh Fabbri (<em>ET Canada<\/em>), Willow Fiddler (<em>APTN News<\/em>), Noreen Flanagan (<em>FASHION Magazine<\/em>), Dana Gee (<em>Global TV\/Postmedia<\/em>), Teri Hart (<em>Citytv<\/em>), Peter Knegt (<em>CBC<\/em>), Marc-Andr\u00e9 Lussier (<em>La Presse<\/em>), Jen McNeely (<em>Shedoesthecity<\/em>), Katherine Monk (<em>Ex-Press\/CBC<\/em>), Kathleen Newman-Bremang (<em>Refinery29<\/em>), Jordan Pinto (<em>Playback<\/em>) et Radheyan Simonpillai (<em>CTV\u2019s Your Morning\/NOW Magazine).\u00a0<\/em><\/p><p><strong>Source : T\u00e9l\u00e9film Canada et Birks<\/strong><\/p>\t\t\t\t\t\t\t\t<\/div>\n\t\t\t\t<\/div>\n\t\t\t\t\t<\/div>\n\t\t<\/div>\n\t\t\t\t\t<\/div>\n\t\t<\/section>\n\t\t\t\t<\/div>\n\t\t","protected":false},"excerpt":{"rendered":"<p>Birks, la bijouterie commanditaire officielle du Festival international du film&#8230;<\/p>\n","protected":false},"author":17,"featured_media":26714,"comment_status":"closed","ping_status":"open","sticky":false,"template":"","format":"standard","meta":{"_acf_changed":false,"_crdt_document":"","footnotes":""},"categories":[331],"tags":[],"class_list":["post-26469","post","type-post","status-publish","format-standard","has-post-thumbnail","hentry","category-evenements","posts_festivals-tiff-2019-fr"],"acf":[],"yoast_head":"<!-- This site is optimized with the Yoast SEO plugin v27.5 - https:\/\/yoast.com\/product\/yoast-seo-wordpress\/ -->\n<title>Birks et T\u00e9l\u00e9film Canada d\u00e9voilent les laur\u00e9ates pour l\u2019Hommage Diamant Birks aux femmes de l\u2019ann\u00e9e en cin\u00e9ma - Industrie Audiovisuelle Canadienne<\/title>\n<meta name=\"description\" content=\"Birks, la bijouterie commanditaire officielle du Festival international du film de Toronto, et\u00a0T\u00e9l\u00e9film Canada\u00a0ont annonc\u00e9 les noms des femmes qui seront\" \/>\n<meta name=\"robots\" content=\"noindex, follow, max-snippet:-1, max-image-preview:large, max-video-preview:-1\" \/>\n<meta property=\"og:locale\" content=\"fr_CA\" \/>\n<meta property=\"og:type\" content=\"article\" \/>\n<meta property=\"og:title\" content=\"Birks et T\u00e9l\u00e9film Canada d\u00e9voilent les laur\u00e9ates pour l\u2019Hommage Diamant Birks aux femmes de l\u2019ann\u00e9e en cin\u00e9ma - Industrie Audiovisuelle Canadienne\" \/>\n<meta property=\"og:description\" content=\"Birks, la bijouterie commanditaire officielle du Festival international du film de Toronto, et\u00a0T\u00e9l\u00e9film Canada\u00a0ont annonc\u00e9 les noms des femmes qui seront\" \/>\n<meta property=\"og:url\" content=\"https:\/\/stage.rdvcanada.ca\/fr\/evenements\/birks-et-telefilm-canada-devoilent-les-laureates-pour-lhommage-diamant-birks-aux-femmes-de-lannee-en-cinema\/\" \/>\n<meta property=\"og:site_name\" content=\"RDVCanada.ca\" \/>\n<meta property=\"article:publisher\" content=\"https:\/\/www.facebook.com\/telefilmcanada\" \/>\n<meta property=\"article:published_time\" content=\"2019-08-26T18:09:07+00:00\" \/>\n<meta property=\"article:modified_time\" content=\"2019-08-29T20:34:18+00:00\" \/>\n<meta property=\"og:image\" content=\"https:\/\/stage.rdvcanada.ca\/wp-content\/uploads\/2019\/08\/Birks-banner.jpg\" \/>\n\t<meta property=\"og:image:width\" content=\"1920\" \/>\n\t<meta property=\"og:image:height\" content=\"800\" \/>\n\t<meta property=\"og:image:type\" content=\"image\/jpeg\" \/>\n<meta name=\"author\" content=\"MF\" \/>\n<meta name=\"twitter:card\" content=\"summary_large_image\" \/>\n<meta name=\"twitter:creator\" content=\"@Telefilm_Canada\" \/>\n<meta name=\"twitter:site\" content=\"@Telefilm_Canada\" \/>\n<meta name=\"twitter:label1\" content=\"\u00c9crit par\" \/>\n\t<meta name=\"twitter:data1\" content=\"MF\" \/>\n\t<meta name=\"twitter:label2\" content=\"Estimation du temps de lecture\" \/>\n\t<meta name=\"twitter:data2\" content=\"12 minutes\" \/>\n<script type=\"application\/ld+json\" class=\"yoast-schema-graph\">{\n\t    \"@context\": \"https:\\\/\\\/schema.org\",\n\t    \"@graph\": [\n\t        {\n\t            \"@type\": \"Article\",\n\t            \"@id\": \"https:\\\/\\\/stage.rdvcanada.ca\\\/fr\\\/evenements\\\/birks-et-telefilm-canada-devoilent-les-laureates-pour-lhommage-diamant-birks-aux-femmes-de-lannee-en-cinema\\\/#article\",\n\t            \"isPartOf\": {\n\t                \"@id\": \"https:\\\/\\\/stage.rdvcanada.ca\\\/fr\\\/evenements\\\/birks-et-telefilm-canada-devoilent-les-laureates-pour-lhommage-diamant-birks-aux-femmes-de-lannee-en-cinema\\\/\"\n\t            },\n\t            \"author\": {\n\t                \"name\": \"MF\",\n\t                \"@id\": \"https:\\\/\\\/stage.rdvcanada.ca\\\/en\\\/#\\\/schema\\\/person\\\/974d174eafb0c9e906d2979ca4ed5280\"\n\t            },\n\t            \"headline\": \"Birks et T\u00e9l\u00e9film Canada d\u00e9voilent les laur\u00e9ates pour l\u2019Hommage Diamant Birks aux femmes de l\u2019ann\u00e9e en cin\u00e9ma\",\n\t            \"datePublished\": \"2019-08-26T18:09:07+00:00\",\n\t            \"dateModified\": \"2019-08-29T20:34:18+00:00\",\n\t            \"mainEntityOfPage\": {\n\t                \"@id\": \"https:\\\/\\\/stage.rdvcanada.ca\\\/fr\\\/evenements\\\/birks-et-telefilm-canada-devoilent-les-laureates-pour-lhommage-diamant-birks-aux-femmes-de-lannee-en-cinema\\\/\"\n\t            },\n\t            \"wordCount\": 2446,\n\t            \"image\": {\n\t                \"@id\": \"https:\\\/\\\/stage.rdvcanada.ca\\\/fr\\\/evenements\\\/birks-et-telefilm-canada-devoilent-les-laureates-pour-lhommage-diamant-birks-aux-femmes-de-lannee-en-cinema\\\/#primaryimage\"\n\t            },\n\t            \"thumbnailUrl\": \"https:\\\/\\\/stage.rdvcanada.ca\\\/wp-content\\\/uploads\\\/2019\\\/08\\\/Birks-banner.jpg\",\n\t            \"articleSection\": [\n\t                \"\u00c9v\u00e9nements\"\n\t            ],\n\t            \"inLanguage\": \"fr-CA\"\n\t        },\n\t        {\n\t            \"@type\": \"WebPage\",\n\t            \"@id\": \"https:\\\/\\\/stage.rdvcanada.ca\\\/fr\\\/evenements\\\/birks-et-telefilm-canada-devoilent-les-laureates-pour-lhommage-diamant-birks-aux-femmes-de-lannee-en-cinema\\\/\",\n\t            \"url\": \"https:\\\/\\\/stage.rdvcanada.ca\\\/fr\\\/evenements\\\/birks-et-telefilm-canada-devoilent-les-laureates-pour-lhommage-diamant-birks-aux-femmes-de-lannee-en-cinema\\\/\",\n\t            \"name\": \"Birks et T\u00e9l\u00e9film Canada d\u00e9voilent les laur\u00e9ates pour l\u2019Hommage Diamant Birks aux femmes de l\u2019ann\u00e9e en cin\u00e9ma - Industrie Audiovisuelle Canadienne\",\n\t            \"isPartOf\": {\n\t                \"@id\": \"https:\\\/\\\/stage.rdvcanada.ca\\\/en\\\/#website\"\n\t            },\n\t            \"primaryImageOfPage\": {\n\t                \"@id\": \"https:\\\/\\\/stage.rdvcanada.ca\\\/fr\\\/evenements\\\/birks-et-telefilm-canada-devoilent-les-laureates-pour-lhommage-diamant-birks-aux-femmes-de-lannee-en-cinema\\\/#primaryimage\"\n\t            },\n\t            \"image\": {\n\t                \"@id\": \"https:\\\/\\\/stage.rdvcanada.ca\\\/fr\\\/evenements\\\/birks-et-telefilm-canada-devoilent-les-laureates-pour-lhommage-diamant-birks-aux-femmes-de-lannee-en-cinema\\\/#primaryimage\"\n\t            },\n\t            \"thumbnailUrl\": \"https:\\\/\\\/stage.rdvcanada.ca\\\/wp-content\\\/uploads\\\/2019\\\/08\\\/Birks-banner.jpg\",\n\t            \"datePublished\": \"2019-08-26T18:09:07+00:00\",\n\t            \"dateModified\": \"2019-08-29T20:34:18+00:00\",\n\t            \"author\": {\n\t                \"@id\": \"https:\\\/\\\/stage.rdvcanada.ca\\\/en\\\/#\\\/schema\\\/person\\\/974d174eafb0c9e906d2979ca4ed5280\"\n\t            },\n\t            \"description\": \"Birks, la bijouterie commanditaire officielle du Festival international du film de Toronto, et\u00a0T\u00e9l\u00e9film Canada\u00a0ont annonc\u00e9 les noms des femmes qui seront\",\n\t            \"breadcrumb\": {\n\t                \"@id\": \"https:\\\/\\\/stage.rdvcanada.ca\\\/fr\\\/evenements\\\/birks-et-telefilm-canada-devoilent-les-laureates-pour-lhommage-diamant-birks-aux-femmes-de-lannee-en-cinema\\\/#breadcrumb\"\n\t            },\n\t            \"inLanguage\": \"fr-CA\",\n\t            \"potentialAction\": [\n\t                {\n\t                    \"@type\": \"ReadAction\",\n\t                    \"target\": [\n\t                        \"https:\\\/\\\/stage.rdvcanada.ca\\\/fr\\\/evenements\\\/birks-et-telefilm-canada-devoilent-les-laureates-pour-lhommage-diamant-birks-aux-femmes-de-lannee-en-cinema\\\/\"\n\t                    ]\n\t                }\n\t            ]\n\t        },\n\t        {\n\t            \"@type\": \"ImageObject\",\n\t            \"inLanguage\": \"fr-CA\",\n\t            \"@id\": \"https:\\\/\\\/stage.rdvcanada.ca\\\/fr\\\/evenements\\\/birks-et-telefilm-canada-devoilent-les-laureates-pour-lhommage-diamant-birks-aux-femmes-de-lannee-en-cinema\\\/#primaryimage\",\n\t            \"url\": \"https:\\\/\\\/stage.rdvcanada.ca\\\/wp-content\\\/uploads\\\/2019\\\/08\\\/Birks-banner.jpg\",\n\t            \"contentUrl\": \"https:\\\/\\\/stage.rdvcanada.ca\\\/wp-content\\\/uploads\\\/2019\\\/08\\\/Birks-banner.jpg\",\n\t            \"width\": 1920,\n\t            \"height\": 800\n\t        },\n\t        {\n\t            \"@type\": \"BreadcrumbList\",\n\t            \"@id\": \"https:\\\/\\\/stage.rdvcanada.ca\\\/fr\\\/evenements\\\/birks-et-telefilm-canada-devoilent-les-laureates-pour-lhommage-diamant-birks-aux-femmes-de-lannee-en-cinema\\\/#breadcrumb\",\n\t            \"itemListElement\": [\n\t                {\n\t                    \"@type\": \"ListItem\",\n\t                    \"position\": 1,\n\t                    \"name\": \"Home\",\n\t                    \"item\": \"https:\\\/\\\/stage.rdvcanada.ca\\\/en\\\/\"\n\t                },\n\t                {\n\t                    \"@type\": \"ListItem\",\n\t                    \"position\": 2,\n\t                    \"name\": \"Birks et T\u00e9l\u00e9film Canada d\u00e9voilent les laur\u00e9ates pour l\u2019Hommage Diamant Birks aux femmes de l\u2019ann\u00e9e en cin\u00e9ma\"\n\t                }\n\t            ]\n\t        },\n\t        {\n\t            \"@type\": \"WebSite\",\n\t            \"@id\": \"https:\\\/\\\/stage.rdvcanada.ca\\\/en\\\/#website\",\n\t            \"url\": \"https:\\\/\\\/stage.rdvcanada.ca\\\/en\\\/\",\n\t            \"name\": \"RDVCanada.ca\",\n\t            \"description\": \"VOIR GRAND. D\u00e9couvrez le meilleur du talent Canadien \u00e0 travers le monde.\",\n\t            \"potentialAction\": [\n\t                {\n\t                    \"@type\": \"SearchAction\",\n\t                    \"target\": {\n\t                        \"@type\": \"EntryPoint\",\n\t                        \"urlTemplate\": \"https:\\\/\\\/stage.rdvcanada.ca\\\/en\\\/?s={search_term_string}\"\n\t                    },\n\t                    \"query-input\": {\n\t                        \"@type\": \"PropertyValueSpecification\",\n\t                        \"valueRequired\": true,\n\t                        \"valueName\": \"search_term_string\"\n\t                    }\n\t                }\n\t            ],\n\t            \"inLanguage\": \"fr-CA\"\n\t        },\n\t        {\n\t            \"@type\": \"Person\",\n\t            \"@id\": \"https:\\\/\\\/stage.rdvcanada.ca\\\/en\\\/#\\\/schema\\\/person\\\/974d174eafb0c9e906d2979ca4ed5280\",\n\t            \"name\": \"MF\"\n\t        }\n\t    ]\n\t}<\/script>\n<!-- \/ Yoast SEO plugin. -->","yoast_head_json":{"title":"Birks et T\u00e9l\u00e9film Canada d\u00e9voilent les laur\u00e9ates pour l\u2019Hommage Diamant Birks aux femmes de l\u2019ann\u00e9e en cin\u00e9ma - Industrie Audiovisuelle Canadienne","description":"Birks, la bijouterie commanditaire officielle du Festival international du film de Toronto, et\u00a0T\u00e9l\u00e9film Canada\u00a0ont annonc\u00e9 les noms des femmes qui seront","robots":{"index":"noindex","follow":"follow","max-snippet":"max-snippet:-1","max-image-preview":"max-image-preview:large","max-video-preview":"max-video-preview:-1"},"og_locale":"fr_CA","og_type":"article","og_title":"Birks et T\u00e9l\u00e9film Canada d\u00e9voilent les laur\u00e9ates pour l\u2019Hommage Diamant Birks aux femmes de l\u2019ann\u00e9e en cin\u00e9ma - Industrie Audiovisuelle Canadienne","og_description":"Birks, la bijouterie commanditaire officielle du Festival international du film de Toronto, et\u00a0T\u00e9l\u00e9film Canada\u00a0ont annonc\u00e9 les noms des femmes qui seront","og_url":"https:\/\/stage.rdvcanada.ca\/fr\/evenements\/birks-et-telefilm-canada-devoilent-les-laureates-pour-lhommage-diamant-birks-aux-femmes-de-lannee-en-cinema\/","og_site_name":"RDVCanada.ca","article_publisher":"https:\/\/www.facebook.com\/telefilmcanada","article_published_time":"2019-08-26T18:09:07+00:00","article_modified_time":"2019-08-29T20:34:18+00:00","og_image":[{"width":1920,"height":800,"url":"https:\/\/stage.rdvcanada.ca\/wp-content\/uploads\/2019\/08\/Birks-banner.jpg","type":"image\/jpeg"}],"author":"MF","twitter_card":"summary_large_image","twitter_creator":"@Telefilm_Canada","twitter_site":"@Telefilm_Canada","twitter_misc":{"\u00c9crit par":"MF","Estimation du temps de lecture":"12 minutes"},"schema":{"@context":"https:\/\/schema.org","@graph":[{"@type":"Article","@id":"https:\/\/stage.rdvcanada.ca\/fr\/evenements\/birks-et-telefilm-canada-devoilent-les-laureates-pour-lhommage-diamant-birks-aux-femmes-de-lannee-en-cinema\/#article","isPartOf":{"@id":"https:\/\/stage.rdvcanada.ca\/fr\/evenements\/birks-et-telefilm-canada-devoilent-les-laureates-pour-lhommage-diamant-birks-aux-femmes-de-lannee-en-cinema\/"},"author":{"name":"MF","@id":"https:\/\/stage.rdvcanada.ca\/en\/#\/schema\/person\/974d174eafb0c9e906d2979ca4ed5280"},"headline":"Birks et T\u00e9l\u00e9film Canada d\u00e9voilent les laur\u00e9ates pour l\u2019Hommage Diamant Birks aux femmes de l\u2019ann\u00e9e en cin\u00e9ma","datePublished":"2019-08-26T18:09:07+00:00","dateModified":"2019-08-29T20:34:18+00:00","mainEntityOfPage":{"@id":"https:\/\/stage.rdvcanada.ca\/fr\/evenements\/birks-et-telefilm-canada-devoilent-les-laureates-pour-lhommage-diamant-birks-aux-femmes-de-lannee-en-cinema\/"},"wordCount":2446,"image":{"@id":"https:\/\/stage.rdvcanada.ca\/fr\/evenements\/birks-et-telefilm-canada-devoilent-les-laureates-pour-lhommage-diamant-birks-aux-femmes-de-lannee-en-cinema\/#primaryimage"},"thumbnailUrl":"https:\/\/stage.rdvcanada.ca\/wp-content\/uploads\/2019\/08\/Birks-banner.jpg","articleSection":["\u00c9v\u00e9nements"],"inLanguage":"fr-CA"},{"@type":"WebPage","@id":"https:\/\/stage.rdvcanada.ca\/fr\/evenements\/birks-et-telefilm-canada-devoilent-les-laureates-pour-lhommage-diamant-birks-aux-femmes-de-lannee-en-cinema\/","url":"https:\/\/stage.rdvcanada.ca\/fr\/evenements\/birks-et-telefilm-canada-devoilent-les-laureates-pour-lhommage-diamant-birks-aux-femmes-de-lannee-en-cinema\/","name":"Birks et T\u00e9l\u00e9film Canada d\u00e9voilent les laur\u00e9ates pour l\u2019Hommage Diamant Birks aux femmes de l\u2019ann\u00e9e en cin\u00e9ma - Industrie Audiovisuelle Canadienne","isPartOf":{"@id":"https:\/\/stage.rdvcanada.ca\/en\/#website"},"primaryImageOfPage":{"@id":"https:\/\/stage.rdvcanada.ca\/fr\/evenements\/birks-et-telefilm-canada-devoilent-les-laureates-pour-lhommage-diamant-birks-aux-femmes-de-lannee-en-cinema\/#primaryimage"},"image":{"@id":"https:\/\/stage.rdvcanada.ca\/fr\/evenements\/birks-et-telefilm-canada-devoilent-les-laureates-pour-lhommage-diamant-birks-aux-femmes-de-lannee-en-cinema\/#primaryimage"},"thumbnailUrl":"https:\/\/stage.rdvcanada.ca\/wp-content\/uploads\/2019\/08\/Birks-banner.jpg","datePublished":"2019-08-26T18:09:07+00:00","dateModified":"2019-08-29T20:34:18+00:00","author":{"@id":"https:\/\/stage.rdvcanada.ca\/en\/#\/schema\/person\/974d174eafb0c9e906d2979ca4ed5280"},"description":"Birks, la bijouterie commanditaire officielle du Festival international du film de Toronto, et\u00a0T\u00e9l\u00e9film Canada\u00a0ont annonc\u00e9 les noms des femmes qui seront","breadcrumb":{"@id":"https:\/\/stage.rdvcanada.ca\/fr\/evenements\/birks-et-telefilm-canada-devoilent-les-laureates-pour-lhommage-diamant-birks-aux-femmes-de-lannee-en-cinema\/#breadcrumb"},"inLanguage":"fr-CA","potentialAction":[{"@type":"ReadAction","target":["https:\/\/stage.rdvcanada.ca\/fr\/evenements\/birks-et-telefilm-canada-devoilent-les-laureates-pour-lhommage-diamant-birks-aux-femmes-de-lannee-en-cinema\/"]}]},{"@type":"ImageObject","inLanguage":"fr-CA","@id":"https:\/\/stage.rdvcanada.ca\/fr\/evenements\/birks-et-telefilm-canada-devoilent-les-laureates-pour-lhommage-diamant-birks-aux-femmes-de-lannee-en-cinema\/#primaryimage","url":"https:\/\/stage.rdvcanada.ca\/wp-content\/uploads\/2019\/08\/Birks-banner.jpg","contentUrl":"https:\/\/stage.rdvcanada.ca\/wp-content\/uploads\/2019\/08\/Birks-banner.jpg","width":1920,"height":800},{"@type":"BreadcrumbList","@id":"https:\/\/stage.rdvcanada.ca\/fr\/evenements\/birks-et-telefilm-canada-devoilent-les-laureates-pour-lhommage-diamant-birks-aux-femmes-de-lannee-en-cinema\/#breadcrumb","itemListElement":[{"@type":"ListItem","position":1,"name":"Home","item":"https:\/\/stage.rdvcanada.ca\/en\/"},{"@type":"ListItem","position":2,"name":"Birks et T\u00e9l\u00e9film Canada d\u00e9voilent les laur\u00e9ates pour l\u2019Hommage Diamant Birks aux femmes de l\u2019ann\u00e9e en cin\u00e9ma"}]},{"@type":"WebSite","@id":"https:\/\/stage.rdvcanada.ca\/en\/#website","url":"https:\/\/stage.rdvcanada.ca\/en\/","name":"RDVCanada.ca","description":"VOIR GRAND. D\u00e9couvrez le meilleur du talent Canadien \u00e0 travers le monde.","potentialAction":[{"@type":"SearchAction","target":{"@type":"EntryPoint","urlTemplate":"https:\/\/stage.rdvcanada.ca\/en\/?s={search_term_string}"},"query-input":{"@type":"PropertyValueSpecification","valueRequired":true,"valueName":"search_term_string"}}],"inLanguage":"fr-CA"},{"@type":"Person","@id":"https:\/\/stage.rdvcanada.ca\/en\/#\/schema\/person\/974d174eafb0c9e906d2979ca4ed5280","name":"MF"}]}},"_links":{"self":[{"href":"https:\/\/stage.rdvcanada.ca\/fr\/wp-json\/wp\/v2\/posts\/26469","targetHints":{"allow":["GET"]}}],"collection":[{"href":"https:\/\/stage.rdvcanada.ca\/fr\/wp-json\/wp\/v2\/posts"}],"about":[{"href":"https:\/\/stage.rdvcanada.ca\/fr\/wp-json\/wp\/v2\/types\/post"}],"author":[{"embeddable":true,"href":"https:\/\/stage.rdvcanada.ca\/fr\/wp-json\/wp\/v2\/users\/17"}],"replies":[{"embeddable":true,"href":"https:\/\/stage.rdvcanada.ca\/fr\/wp-json\/wp\/v2\/comments?post=26469"}],"version-history":[{"count":0,"href":"https:\/\/stage.rdvcanada.ca\/fr\/wp-json\/wp\/v2\/posts\/26469\/revisions"}],"wp:featuredmedia":[{"embeddable":true,"href":"https:\/\/stage.rdvcanada.ca\/fr\/wp-json\/wp\/v2\/media\/26714"}],"wp:attachment":[{"href":"https:\/\/stage.rdvcanada.ca\/fr\/wp-json\/wp\/v2\/media?parent=26469"}],"wp:term":[{"taxonomy":"category","embeddable":true,"href":"https:\/\/stage.rdvcanada.ca\/fr\/wp-json\/wp\/v2\/categories?post=26469"},{"taxonomy":"post_tag","embeddable":true,"href":"https:\/\/stage.rdvcanada.ca\/fr\/wp-json\/wp\/v2\/tags?post=26469"}],"curies":[{"name":"wp","href":"https:\/\/api.w.org\/{rel}","templated":true}]}}