{"id":26602,"date":"2019-08-28T17:00:34","date_gmt":"2019-08-28T21:00:34","guid":{"rendered":"https:\/\/stage.rdvcanada.ca\/?p=26602"},"modified":"2019-09-03T11:05:22","modified_gmt":"2019-09-03T15:05:22","slug":"trois-evenements-incontournables-au-tiff","status":"publish","type":"post","link":"https:\/\/stage.rdvcanada.ca\/fr\/incontournables\/trois-evenements-incontournables-au-tiff\/","title":{"rendered":"Trois \u00e9v\u00e9nements incontournables au TIFF"},"content":{"rendered":"\t\t<div data-elementor-type=\"wp-post\" data-elementor-id=\"26602\" class=\"elementor elementor-26602 elementor-26551\" data-elementor-post-type=\"post\">\n\t\t\t\t\t\t<section class=\"elementor-section elementor-top-section elementor-element elementor-element-551a7619 elementor-section-boxed elementor-section-height-default elementor-section-height-default\" data-id=\"551a7619\" data-element_type=\"section\" data-e-type=\"section\">\n\t\t\t\t\t\t<div class=\"elementor-container elementor-column-gap-default\">\n\t\t\t\t\t<div class=\"elementor-column elementor-col-100 elementor-top-column elementor-element elementor-element-6a2e75b3\" data-id=\"6a2e75b3\" data-element_type=\"column\" data-e-type=\"column\">\n\t\t\t<div class=\"elementor-widget-wrap elementor-element-populated\">\n\t\t\t\t\t\t\t<\/div>\n\t\t<\/div>\n\t\t\t\t\t<\/div>\n\t\t<\/section>\n\t\t\t\t<section class=\"elementor-section elementor-top-section elementor-element elementor-element-72512f7 elementor-section-boxed elementor-section-height-default elementor-section-height-default\" data-id=\"72512f7\" data-element_type=\"section\" data-e-type=\"section\">\n\t\t\t\t\t\t<div class=\"elementor-container elementor-column-gap-default\">\n\t\t\t\t\t<div class=\"elementor-column elementor-col-100 elementor-top-column elementor-element elementor-element-df18c99\" data-id=\"df18c99\" data-element_type=\"column\" data-e-type=\"column\">\n\t\t\t<div class=\"elementor-widget-wrap elementor-element-populated\">\n\t\t\t\t\t\t<div class=\"elementor-element elementor-element-88301e4 elementor-widget elementor-widget-text-editor\" data-id=\"88301e4\" data-element_type=\"widget\" data-e-type=\"widget\" data-widget_type=\"text-editor.default\">\n\t\t\t\t<div class=\"elementor-widget-container\">\n\t\t\t\t\t\t\t\t\t<h4 id=\"lindustrie-audiovisuelle-du-canada-se-prepare-pour-le-festival-international-du-film-de-toronto-qui-prendra-dassaut-la-ville-reine-du-5-au-15-septembre-2019-projections-cinematogra\">L\u2019industrie audiovisuelle du Canada se pr\u00e9pare pour le Festival international du film de Toronto, qui prendra d\u2019assaut la Ville reine du 5 au 15 septembre 2019! Projections cin\u00e9matographiques, panels et d\u00e9jeuner RDV Canada\u2026 nous vous proposons un \u00e9ventail d\u2019activit\u00e9s incontournables, qui ont comme objectif de placer notre industrie et nos talents au c\u0153ur des derni\u00e8res tendances de l\u2019industrie et des nombreuses possibilit\u00e9s qui y sont offertes.<\/h4><p>Alors, \u00e0 vos agendas, et profitez au maximum de la 44<sup>e<\/sup> \u00e9dition du TIFF! Et voici quelques \u00e9v\u00e9nements \u00e0 ne pas manquer\u00a0:<\/p><h3>1) <u><a href=\"https:\/\/tiff.net\/events\/rdv-canada-panel-the-big-screen-have-rumours-of-my-demise-been-greatly-exaggerated\">Panel 1 &#8211; The Big Screen: Have rumours of my demise been greatly exaggerated?<\/a><\/u><\/h3><p>Nos panels RDV Canada sont pr\u00e9sent\u00e9s cette ann\u00e9e dans le cadre des conf\u00e9rences tenues au <a href=\"https:\/\/www.tiff.net\/industry\">T<\/a><a href=\"https:\/\/www.tiff.net\/industry\">IFF Industry<\/a>. Si vous d\u00e9sirez en apprendre plus sur certains des sujets de l\u2019heure qui touchent l\u2019industrie, et en discuter avec des pairs ou avoir l\u2019avis d\u2019experts, les panels RDV Canada sont pour vous!<\/p><p>Le coup d\u2019envoi de la s\u00e9rie sera donn\u00e9 par une discussion dynamique anim\u00e9e par le chroniqueur culturel de la CBC <a href=\"https:\/\/www.cbc.ca\/programguide\/personality\/eli_glasner\">Eli Glasner<\/a>. Les d\u00e9tenteurs d\u2019un badge sont invit\u00e9s \u00e0 se joindre \u00e0 nous au <strong>Glenn Gould Studio le 6 septembre 2019, de 13 h 30 \u00e0 14 h 30,<\/strong> pour d\u00e9couvrir des r\u00e9flexions inspirantes sur l\u2019exp\u00e9rience cin\u00e9matographique et en apprendre plus sur les tendances touchant l\u2019industrie et les auditoires, et les nouvelles occasions d\u2019affaires au sein du march\u00e9.<\/p><p><strong>Voici notre mod\u00e9rateur et les trois pan\u00e9listes :<\/strong><\/p>\t\t\t\t\t\t\t\t<\/div>\n\t\t\t\t<\/div>\n\t\t\t\t\t<\/div>\n\t\t<\/div>\n\t\t\t\t\t<\/div>\n\t\t<\/section>\n\t\t\t\t<section class=\"elementor-section elementor-top-section elementor-element elementor-element-1f09e4a elementor-section-boxed elementor-section-height-default elementor-section-height-default\" data-id=\"1f09e4a\" data-element_type=\"section\" data-e-type=\"section\">\n\t\t\t\t\t\t<div class=\"elementor-container elementor-column-gap-default\">\n\t\t\t\t\t<div class=\"elementor-column elementor-col-25 elementor-top-column elementor-element elementor-element-cc5814f\" data-id=\"cc5814f\" data-element_type=\"column\" data-e-type=\"column\">\n\t\t\t<div class=\"elementor-widget-wrap elementor-element-populated\">\n\t\t\t\t\t\t<div class=\"elementor-element elementor-element-1c688f5 elementor-widget elementor-widget-image\" data-id=\"1c688f5\" data-element_type=\"widget\" data-e-type=\"widget\" data-widget_type=\"image.default\">\n\t\t\t\t<div class=\"elementor-widget-container\">\n\t\t\t\t\t\t\t\t\t\t\t\t\t\t\t<img fetchpriority=\"high\" decoding=\"async\" width=\"400\" height=\"270\" src=\"https:\/\/stage.rdvcanada.ca\/wp-content\/uploads\/2019\/08\/Eli-Glasner.jpg\" class=\"attachment-large size-large wp-image-26614\" alt=\"\" \/>\t\t\t\t\t\t\t\t\t\t\t\t\t\t\t<\/div>\n\t\t\t\t<\/div>\n\t\t\t\t<div class=\"elementor-element elementor-element-a44d8ad elementor-widget elementor-widget-text-editor\" data-id=\"a44d8ad\" data-element_type=\"widget\" data-e-type=\"widget\" data-widget_type=\"text-editor.default\">\n\t\t\t\t<div class=\"elementor-widget-container\">\n\t\t\t\t\t\t\t\t\t<p><strong>(Mod\u00e9rateur) Eli Glasner<\/strong><br \/><strong>Chroniqueur culturel<\/strong><br \/><a href=\"https:\/\/www.cbc.ca\/news\"><strong>CBC News<\/strong><\/a><\/p><p><em>Eli Glasner assure une couverture journalistique de la culture canadienne depuis plus d&#8217;une d\u00e9cennie chez la CBC et a interview\u00e9 une brochette diversifi\u00e9e de personnalit\u00e9s \u00e0 travers les ann\u00e9es.<\/em><\/p>\t\t\t\t\t\t\t\t<\/div>\n\t\t\t\t<\/div>\n\t\t\t\t\t<\/div>\n\t\t<\/div>\n\t\t\t\t<div class=\"elementor-column elementor-col-25 elementor-top-column elementor-element elementor-element-1d37673\" data-id=\"1d37673\" data-element_type=\"column\" data-e-type=\"column\">\n\t\t\t<div class=\"elementor-widget-wrap elementor-element-populated\">\n\t\t\t\t\t\t<div class=\"elementor-element elementor-element-721eb27 elementor-widget elementor-widget-image\" data-id=\"721eb27\" data-element_type=\"widget\" data-e-type=\"widget\" data-widget_type=\"image.default\">\n\t\t\t\t<div class=\"elementor-widget-container\">\n\t\t\t\t\t\t\t\t\t\t\t\t\t\t\t<img decoding=\"async\" width=\"400\" height=\"270\" src=\"https:\/\/stage.rdvcanada.ca\/wp-content\/uploads\/2019\/08\/Sans-titre-27-1.png\" class=\"attachment-large size-large wp-image-26616\" alt=\"\" loading=\"lazy\" \/>\t\t\t\t\t\t\t\t\t\t\t\t\t\t\t<\/div>\n\t\t\t\t<\/div>\n\t\t\t\t<div class=\"elementor-element elementor-element-c893af4 elementor-widget elementor-widget-text-editor\" data-id=\"c893af4\" data-element_type=\"widget\" data-e-type=\"widget\" data-widget_type=\"text-editor.default\">\n\t\t\t\t<div class=\"elementor-widget-container\">\n\t\t\t\t\t\t\t\t\t<p><strong>Matthew Ball<\/strong><br \/><strong>Associ\u00e9 directeur<\/strong><br \/><strong><a href=\"https:\/\/redef.com\/author\/56d1e0f14f16158e36008235\">Matthew Ball Ventures &amp; Advisors<\/a><\/strong><\/p><p><em>S\u2019int\u00e9ressant principalement aux m\u00e9dias interactifs, cet investisseur en capital de risque \u00e9tait auparavant directeur des m\u00e9dias num\u00e9riques aux Amazon Studios et \u00e0 The Chernin Group. <\/em><\/p>\t\t\t\t\t\t\t\t<\/div>\n\t\t\t\t<\/div>\n\t\t\t\t\t<\/div>\n\t\t<\/div>\n\t\t\t\t<div class=\"elementor-column elementor-col-25 elementor-top-column elementor-element elementor-element-93d94e3\" data-id=\"93d94e3\" data-element_type=\"column\" data-e-type=\"column\">\n\t\t\t<div class=\"elementor-widget-wrap elementor-element-populated\">\n\t\t\t\t\t\t<div class=\"elementor-element elementor-element-5444a0a elementor-widget elementor-widget-image\" data-id=\"5444a0a\" data-element_type=\"widget\" data-e-type=\"widget\" data-widget_type=\"image.default\">\n\t\t\t\t<div class=\"elementor-widget-container\">\n\t\t\t\t\t\t\t\t\t\t\t\t\t\t\t<img decoding=\"async\" width=\"400\" height=\"270\" src=\"https:\/\/stage.rdvcanada.ca\/wp-content\/uploads\/2019\/08\/Sans-titre-25-1.png\" class=\"attachment-large size-large wp-image-26618\" alt=\"\" loading=\"lazy\" \/>\t\t\t\t\t\t\t\t\t\t\t\t\t\t\t<\/div>\n\t\t\t\t<\/div>\n\t\t\t\t<div class=\"elementor-element elementor-element-d124bc2 elementor-widget elementor-widget-text-editor\" data-id=\"d124bc2\" data-element_type=\"widget\" data-e-type=\"widget\" data-widget_type=\"text-editor.default\">\n\t\t\t\t<div class=\"elementor-widget-container\">\n\t\t\t\t\t\t\t\t\t<p><strong>Alison Kozberga<\/strong><br \/><strong>Directrice g\u00e9n\u00e9rale<\/strong><br \/><strong><a href=\"https:\/\/www.arthouseconvergence.org\/\">Art House Convergence<\/a><\/strong><\/p><p><em>Avant de diriger cette association de cin\u00e9mas de r\u00e9pertoire nord-am\u00e9ricaine, Alison Kozberg \u00e9tait directrice du Nickelodeon Theatre.<\/em><\/p>\t\t\t\t\t\t\t\t<\/div>\n\t\t\t\t<\/div>\n\t\t\t\t\t<\/div>\n\t\t<\/div>\n\t\t\t\t<div class=\"elementor-column elementor-col-25 elementor-top-column elementor-element elementor-element-2f2f702\" data-id=\"2f2f702\" data-element_type=\"column\" data-e-type=\"column\">\n\t\t\t<div class=\"elementor-widget-wrap elementor-element-populated\">\n\t\t\t\t\t\t<div class=\"elementor-element elementor-element-46de83e elementor-widget elementor-widget-image\" data-id=\"46de83e\" data-element_type=\"widget\" data-e-type=\"widget\" data-widget_type=\"image.default\">\n\t\t\t\t<div class=\"elementor-widget-container\">\n\t\t\t\t\t\t\t\t\t\t\t\t\t\t\t<img loading=\"lazy\" decoding=\"async\" width=\"400\" height=\"270\" src=\"https:\/\/stage.rdvcanada.ca\/wp-content\/uploads\/2019\/08\/Sans-titre-26.png\" class=\"attachment-large size-large wp-image-26608\" alt=\"\" \/>\t\t\t\t\t\t\t\t\t\t\t\t\t\t\t<\/div>\n\t\t\t\t<\/div>\n\t\t\t\t<div class=\"elementor-element elementor-element-1b3290e elementor-widget elementor-widget-text-editor\" data-id=\"1b3290e\" data-element_type=\"widget\" data-e-type=\"widget\" data-widget_type=\"text-editor.default\">\n\t\t\t\t<div class=\"elementor-widget-container\">\n\t\t\t\t\t\t\t\t\t<p><strong>Anick Poirier<\/strong><br \/><strong>Copr\u00e9sidente<\/strong><br \/><strong><a href=\"https:\/\/stage.rdvcanada.ca\/en\/creating-with-canada\/find-creative-partners\/companies\/wazabi-films-3\/\">WaZabi Films<\/a><\/strong><\/p><p><em>Avant de cofonder cette nouvelle agence de ventes internationales multiservices (une division ind\u00e9pendante de Datsit Sph\u00e8re Inc.), Anick Poirier \u00e9tait la vice-pr\u00e9sidente principale de Seville International. <\/em><\/p>\t\t\t\t\t\t\t\t<\/div>\n\t\t\t\t<\/div>\n\t\t\t\t\t<\/div>\n\t\t<\/div>\n\t\t\t\t\t<\/div>\n\t\t<\/section>\n\t\t\t\t<section class=\"elementor-section elementor-top-section elementor-element elementor-element-14ccf37 elementor-section-boxed elementor-section-height-default elementor-section-height-default\" data-id=\"14ccf37\" data-element_type=\"section\" data-e-type=\"section\">\n\t\t\t\t\t\t<div class=\"elementor-container elementor-column-gap-default\">\n\t\t\t\t\t<div class=\"elementor-column elementor-col-100 elementor-top-column elementor-element elementor-element-4bfecb7\" data-id=\"4bfecb7\" data-element_type=\"column\" data-e-type=\"column\">\n\t\t\t<div class=\"elementor-widget-wrap elementor-element-populated\">\n\t\t\t\t\t\t<div class=\"elementor-element elementor-element-3ab9a2c elementor-widget elementor-widget-text-editor\" data-id=\"3ab9a2c\" data-element_type=\"widget\" data-e-type=\"widget\" data-widget_type=\"text-editor.default\">\n\t\t\t\t<div class=\"elementor-widget-container\">\n\t\t\t\t\t\t\t\t\t<h3 class=\"MsoNormal\" style=\"background: white;\"><a href=\"https:\/\/tiff.net\/events\/rdv-canada-panel-de-mystifying-platforms-getting-shelf-space\"><strong><span lang=\"EN-CA\" style=\"mso-ansi-language: EN-CA;\">2) <\/span><u><span style=\"mso-ansi-language: FR-CA;\"><span lang=\"EN-CA\" style=\"color: #11111; mso-ansi-language: EN-CA;\">Panel 2 &#8211; Demystifying Platforms: Getting Shelf Space<\/span><\/span><\/u><\/strong><\/a><\/h3><p class=\"MsoNormal\" style=\"background: white;\"><span style=\"mso-ansi-language: FR-CA;\">Dans ce panel il sera question de la difficult\u00e9 de se tailler une place et de rejoindre les auditoires sur les plateformes de diffusion en continu, surtout pour les cin\u00e9astes ind\u00e9pendants. Ce panel abordera des sujets chauds comme la fa\u00e7on dont les cin\u00e9astes peuvent profiter le plus possible de ces plateformes, attirer leur attention, rejoindre le plus vaste public possible, et plus encore! <\/span><span style=\"font-size: 9.0pt; line-height: 115%; font-family: Roboto; mso-fareast-font-family: Roboto; mso-bidi-font-family: Roboto; color: #292b2c; mso-ansi-language: FR-CA;\"><br style=\"mso-special-character: line-break;\" \/><!-- [if !supportLineBreakNewLine]--><!--[endif]--><\/span><\/p><p class=\"MsoNormal\" style=\"background: white;\"><span style=\"mso-fareast-font-family: 'Arial Unicode MS'; mso-ansi-language: FR-CA;\"><strong>Le 8 septembre 2019,<\/strong> les d\u00e9tenteurs d\u2019un badge pourront se joindre \u00e0 nous \u00e0 la <strong>Salle de conf\u00e9rence B de la CBC, de 10 h \u00e0 11 h,<\/strong> pour ce qui promet d\u2019\u00eatre une rencontre dynamique et inspirante. La mod\u00e9ratrice <\/span><span lang=\"EN\"><a href=\"https:\/\/www.storypreneursunite.com\/about-annelise\"><span lang=\"FR\" style=\"color: blue; mso-ansi-language: FR-CA;\"><span lang=\"FR\">Annelise Larson<\/span><\/span><\/a><\/span><span lang=\"EN-US\" style=\"mso-ansi-language: EN-US;\">\u00a0sera accompagn\u00e9e des trois pan\u00e9listes suivants\u00a0: <\/span><\/p>\t\t\t\t\t\t\t\t<\/div>\n\t\t\t\t<\/div>\n\t\t\t\t\t<\/div>\n\t\t<\/div>\n\t\t\t\t\t<\/div>\n\t\t<\/section>\n\t\t\t\t<section class=\"elementor-section elementor-top-section elementor-element elementor-element-4a5fbc6 elementor-section-boxed elementor-section-height-default elementor-section-height-default\" data-id=\"4a5fbc6\" data-element_type=\"section\" data-e-type=\"section\">\n\t\t\t\t\t\t<div class=\"elementor-container elementor-column-gap-default\">\n\t\t\t\t\t<div class=\"elementor-column elementor-col-25 elementor-top-column elementor-element elementor-element-4e46730\" data-id=\"4e46730\" data-element_type=\"column\" data-e-type=\"column\">\n\t\t\t<div class=\"elementor-widget-wrap elementor-element-populated\">\n\t\t\t\t\t\t<div class=\"elementor-element elementor-element-94108f2 elementor-widget elementor-widget-image\" data-id=\"94108f2\" data-element_type=\"widget\" data-e-type=\"widget\" data-widget_type=\"image.default\">\n\t\t\t\t<div class=\"elementor-widget-container\">\n\t\t\t\t\t\t\t\t\t\t\t\t\t\t\t<img loading=\"lazy\" decoding=\"async\" width=\"400\" height=\"270\" src=\"https:\/\/stage.rdvcanada.ca\/wp-content\/uploads\/2019\/08\/Annelise-bw.png\" class=\"attachment-large size-large wp-image-26623\" alt=\"\" \/>\t\t\t\t\t\t\t\t\t\t\t\t\t\t\t<\/div>\n\t\t\t\t<\/div>\n\t\t\t\t<div class=\"elementor-element elementor-element-c5dca23 elementor-widget elementor-widget-text-editor\" data-id=\"c5dca23\" data-element_type=\"widget\" data-e-type=\"widget\" data-widget_type=\"text-editor.default\">\n\t\t\t\t<div class=\"elementor-widget-container\">\n\t\t\t\t\t\t\t\t\t<p><strong>(Mod\u00e9ratrice)<br \/>Annelise Larson<\/strong><br \/><strong>Experte en cybermarketing et mentor<\/strong><\/p><p><em>Annelise Larson aide les cr\u00e9atifs et les conteurs \u00e0 tirer profit des \u00ab possibilit\u00e9s du num\u00e9rique \u00bb pour augmenter leurs auditoires et \u00e9tablir des mod\u00e8les d\u2019affaires. <\/em><\/p>\t\t\t\t\t\t\t\t<\/div>\n\t\t\t\t<\/div>\n\t\t\t\t\t<\/div>\n\t\t<\/div>\n\t\t\t\t<div class=\"elementor-column elementor-col-25 elementor-top-column elementor-element elementor-element-399ed2d\" data-id=\"399ed2d\" data-element_type=\"column\" data-e-type=\"column\">\n\t\t\t<div class=\"elementor-widget-wrap elementor-element-populated\">\n\t\t\t\t\t\t<div class=\"elementor-element elementor-element-a854c0a elementor-widget elementor-widget-image\" data-id=\"a854c0a\" data-element_type=\"widget\" data-e-type=\"widget\" data-widget_type=\"image.default\">\n\t\t\t\t<div class=\"elementor-widget-container\">\n\t\t\t\t\t\t\t\t\t\t\t\t\t\t\t<img loading=\"lazy\" decoding=\"async\" width=\"400\" height=\"270\" src=\"https:\/\/stage.rdvcanada.ca\/wp-content\/uploads\/2019\/08\/Melissa-bw.png\" class=\"attachment-large size-large wp-image-26625\" alt=\"\" \/>\t\t\t\t\t\t\t\t\t\t\t\t\t\t\t<\/div>\n\t\t\t\t<\/div>\n\t\t\t\t<div class=\"elementor-element elementor-element-8e8eb63 elementor-widget elementor-widget-text-editor\" data-id=\"8e8eb63\" data-element_type=\"widget\" data-e-type=\"widget\" data-widget_type=\"text-editor.default\">\n\t\t\t\t<div class=\"elementor-widget-container\">\n\t\t\t\t\t\t\t\t\t<p><strong>Melissa D\u2019Agostino<\/strong><br \/><strong>Cofondatrice et directrice du d\u00e9veloppement<\/strong><br \/><strong><a href=\"https:\/\/www.highballtv.com\/\">HighballTV<\/a><\/strong><\/p><p><em>Cette cofondatrice d\u2019un site de diffusion en continu international pour les festivals de films est \u00e9galement une actrice prim\u00e9e aux prix \u00c9crans canadiens, en plus d\u2019\u00eatre sc\u00e9nariste, productrice et formatrice.<\/em><\/p>\t\t\t\t\t\t\t\t<\/div>\n\t\t\t\t<\/div>\n\t\t\t\t\t<\/div>\n\t\t<\/div>\n\t\t\t\t<div class=\"elementor-column elementor-col-25 elementor-top-column elementor-element elementor-element-df6a67f\" data-id=\"df6a67f\" data-element_type=\"column\" data-e-type=\"column\">\n\t\t\t<div class=\"elementor-widget-wrap elementor-element-populated\">\n\t\t\t\t\t\t<div class=\"elementor-element elementor-element-f23b594 elementor-widget elementor-widget-image\" data-id=\"f23b594\" data-element_type=\"widget\" data-e-type=\"widget\" data-widget_type=\"image.default\">\n\t\t\t\t<div class=\"elementor-widget-container\">\n\t\t\t\t\t\t\t\t\t\t\t\t\t\t\t<img loading=\"lazy\" decoding=\"async\" width=\"400\" height=\"270\" src=\"https:\/\/stage.rdvcanada.ca\/wp-content\/uploads\/2019\/08\/James-bw.jpg\" class=\"attachment-large size-large wp-image-26627\" alt=\"\" \/>\t\t\t\t\t\t\t\t\t\t\t\t\t\t\t<\/div>\n\t\t\t\t<\/div>\n\t\t\t\t<div class=\"elementor-element elementor-element-83aaa95 elementor-widget elementor-widget-text-editor\" data-id=\"83aaa95\" data-element_type=\"widget\" data-e-type=\"widget\" data-widget_type=\"text-editor.default\">\n\t\t\t\t<div class=\"elementor-widget-container\">\n\t\t\t\t\t\t\t\t\t<p><strong>James Finlay<\/strong><br \/><strong>Directeur, distribution et services aux clients<\/strong><br \/><strong> <a href=\"https:\/\/www.juiceworldwide.com\/\">Juice Worldwide<\/a><\/strong><\/p><p><em>James Finlay est directeur, distribution et services aux clients \u00e0 Juice Worldwide, une entreprise qui offre des services d\u2019encodage et d\u2019octroi de licences \u00e0 des plateformes, dont iTunes, Netflix et Amazon. <\/em><\/p>\t\t\t\t\t\t\t\t<\/div>\n\t\t\t\t<\/div>\n\t\t\t\t\t<\/div>\n\t\t<\/div>\n\t\t\t\t<div class=\"elementor-column elementor-col-25 elementor-top-column elementor-element elementor-element-4cdec07\" data-id=\"4cdec07\" data-element_type=\"column\" data-e-type=\"column\">\n\t\t\t<div class=\"elementor-widget-wrap elementor-element-populated\">\n\t\t\t\t\t\t<div class=\"elementor-element elementor-element-be38bce elementor-widget elementor-widget-image\" data-id=\"be38bce\" data-element_type=\"widget\" data-e-type=\"widget\" data-widget_type=\"image.default\">\n\t\t\t\t<div class=\"elementor-widget-container\">\n\t\t\t\t\t\t\t\t\t\t\t\t\t\t\t<img loading=\"lazy\" decoding=\"async\" width=\"400\" height=\"270\" src=\"https:\/\/stage.rdvcanada.ca\/wp-content\/uploads\/2019\/08\/JeanChristophe-bw.png\" class=\"attachment-large size-large wp-image-26629\" alt=\"\" \/>\t\t\t\t\t\t\t\t\t\t\t\t\t\t\t<\/div>\n\t\t\t\t<\/div>\n\t\t\t\t<div class=\"elementor-element elementor-element-3df1599 elementor-widget elementor-widget-text-editor\" data-id=\"3df1599\" data-element_type=\"widget\" data-e-type=\"widget\" data-widget_type=\"text-editor.default\">\n\t\t\t\t<div class=\"elementor-widget-container\">\n\t\t\t\t\t\t\t\t\t<p><strong>Jean-Christophe J. Lamontagne<\/strong><br \/><strong>Pr\u00e9sident<\/strong><br \/><strong><a href=\"http:\/\/www.h264distribution.com\/\">H264<\/a><\/strong><\/p><p><em>Passionn\u00e9 par la promotion des films ind\u00e9pendants et leur distribution sur les plateformes num\u00e9riques, Jean-Christophe J. Lamontagne a fond\u00e9 la soci\u00e9t\u00e9 de distribution H264 et a distribu\u00e9, entre autres, deux courts m\u00e9trages en nomination aux Oscar 2019.<\/em><\/p>\t\t\t\t\t\t\t\t<\/div>\n\t\t\t\t<\/div>\n\t\t\t\t\t<\/div>\n\t\t<\/div>\n\t\t\t\t\t<\/div>\n\t\t<\/section>\n\t\t\t\t<section class=\"elementor-section elementor-top-section elementor-element elementor-element-8380436 elementor-section-boxed elementor-section-height-default elementor-section-height-default\" data-id=\"8380436\" data-element_type=\"section\" data-e-type=\"section\">\n\t\t\t\t\t\t<div class=\"elementor-container elementor-column-gap-default\">\n\t\t\t\t\t<div class=\"elementor-column elementor-col-100 elementor-top-column elementor-element elementor-element-ff37fad\" data-id=\"ff37fad\" data-element_type=\"column\" data-e-type=\"column\">\n\t\t\t<div class=\"elementor-widget-wrap elementor-element-populated\">\n\t\t\t\t\t\t<div class=\"elementor-element elementor-element-0a41918 elementor-widget elementor-widget-text-editor\" data-id=\"0a41918\" data-element_type=\"widget\" data-e-type=\"widget\" data-widget_type=\"text-editor.default\">\n\t\t\t\t<div class=\"elementor-widget-container\">\n\t\t\t\t\t\t\t\t\t<h3>3) <a href=\"https:\/\/2019.tiffr.com\/shows\/breakfast-at-tiff-rdv-canada-meet-canadian-directors-on-the-rise\">D\u00e9jeuner RDV Canada au TIFF\u00a0: venez rencontrer les r\u00e9alisateurs canadiens de la rel\u00e8ve<\/a><\/h3><p>Commencez la journ\u00e9e du bon pied et profitez de l\u2019occasion pour faire connaissance (et prendre un caf\u00e9) avec certains des r\u00e9alisateurs \u00e9mergents les plus prometteurs du Canada dont les films sont pr\u00e9sent\u00e9s au TIFF 2019! Organis\u00e9 par T\u00e9l\u00e9film Canada, l\u2019\u00e9v\u00e9nement <a href=\"https:\/\/2019.tiffr.com\/shows\/breakfast-at-tiff-rdv-canada-meet-canadian-directors-on-the-rise\">D\u00e9jeuner RDV Canada au TIFF<\/a> se tiendra sur invitation seulement le 7 septembre 2019, et sera anim\u00e9 par la cin\u00e9aste <a href=\"https:\/\/stage.rdvcanada.ca\/en\/creating-with-canada\/find-creative-partners\/producers\/april-mullen\/\">April Mullen<\/a>.<\/p><p>Les invit\u00e9s sont\u00a0: Elle-Maija Tailfeathers et Kathleen Hepburn (<em><a href=\"https:\/\/stage.rdvcanada.ca\/fr\/produit\/the-body-remembers-when-the-world-broke-open\/\">The Body Remembers When the World Broke Open<\/a><\/em>), Joey Klein (<em><a href=\"https:\/\/stage.rdvcanada.ca\/fr\/produit\/castle-in-the-ground\/\">Castle in the Ground<\/a><\/em>), Albert Shin (<em><a href=\"https:\/\/stage.rdvcanada.ca\/fr\/produit\/clifton-hill\/\">Clifton Hill<\/a><\/em>), Sanja Zivkovic (<em><a href=\"https:\/\/stage.rdvcanada.ca\/fr\/produit\/easy-land\/\">Easy Land<\/a><\/em>), Heather Young (<em><a href=\"https:\/\/stage.rdvcanada.ca\/fr\/produit\/murmur\/\">Murmur<\/a><\/em>), Miryam Charles (<a href=\"https:\/\/tiff.net\/events\/wavelengths-3-look-around\"><em>Second Generation<\/em><\/a>) et Amy Jo Johnson (<em><a href=\"https:\/\/stage.rdvcanada.ca\/fr\/produit\/tammys-always-dying\/\">Tammy\u2019s Always Dying<\/a><\/em>).<\/p><p><strong>Pour tout savoir sur la pr\u00e9sence canadienne au TIFF et \u00eatre au courant des derni\u00e8res nouvelles, consultez notre <a href=\"https:\/\/stage.rdvcanada.ca\/en\/festivals\/tiff-2019\/\">section d\u00e9di\u00e9e ici<\/a>. C\u2019est un rendez-vous!<\/strong><\/p>\t\t\t\t\t\t\t\t<\/div>\n\t\t\t\t<\/div>\n\t\t\t\t\t<\/div>\n\t\t<\/div>\n\t\t\t\t\t<\/div>\n\t\t<\/section>\n\t\t\t\t<\/div>\n\t\t","protected":false},"excerpt":{"rendered":"<p>L\u2019industrie audiovisuelle du Canada se pr\u00e9pare pour le Festival international&#8230;<\/p>\n","protected":false},"author":150,"featured_media":26575,"comment_status":"closed","ping_status":"open","sticky":false,"template":"","format":"standard","meta":{"_acf_changed":false,"_crdt_document":"","footnotes":""},"categories":[335],"tags":[],"class_list":["post-26602","post","type-post","status-publish","format-standard","has-post-thumbnail","hentry","category-incontournables","posts_festivals-tiff-2019-fr"],"acf":[],"yoast_head":"<!-- This site is optimized with the Yoast SEO plugin v27.5 - https:\/\/yoast.com\/product\/yoast-seo-wordpress\/ -->\n<title>Trois \u00e9v\u00e9nements incontournables au TIFF - Industrie Audiovisuelle Canadienne<\/title>\n<meta name=\"description\" content=\"L\u2019industrie audiovisuelle du Canada se pr\u00e9pare pour le Festival international du film de Toronto, qui prendra d\u2019assaut la Ville reine du 5 au 15 septembre\" \/>\n<meta name=\"robots\" content=\"noindex, follow, max-snippet:-1, max-image-preview:large, max-video-preview:-1\" \/>\n<meta property=\"og:locale\" content=\"fr_CA\" \/>\n<meta property=\"og:type\" content=\"article\" \/>\n<meta property=\"og:title\" content=\"Trois \u00e9v\u00e9nements incontournables au TIFF - Industrie Audiovisuelle Canadienne\" \/>\n<meta property=\"og:description\" content=\"L\u2019industrie audiovisuelle du Canada se pr\u00e9pare pour le Festival international du film de Toronto, qui prendra d\u2019assaut la Ville reine du 5 au 15 septembre\" \/>\n<meta property=\"og:url\" content=\"https:\/\/stage.rdvcanada.ca\/fr\/incontournables\/trois-evenements-incontournables-au-tiff\/\" \/>\n<meta property=\"og:site_name\" content=\"RDVCanada.ca\" \/>\n<meta property=\"article:publisher\" content=\"https:\/\/www.facebook.com\/telefilmcanada\" \/>\n<meta property=\"article:published_time\" content=\"2019-08-28T21:00:34+00:00\" \/>\n<meta property=\"article:modified_time\" content=\"2019-09-03T15:05:22+00:00\" \/>\n<meta property=\"og:image\" content=\"https:\/\/stage.rdvcanada.ca\/wp-content\/uploads\/2019\/08\/TIFF-program-banner.jpg\" \/>\n\t<meta property=\"og:image:width\" content=\"1920\" \/>\n\t<meta property=\"og:image:height\" content=\"800\" \/>\n\t<meta property=\"og:image:type\" content=\"image\/jpeg\" \/>\n<meta name=\"author\" content=\"Sandrine Couture\" \/>\n<meta name=\"twitter:card\" content=\"summary_large_image\" \/>\n<meta name=\"twitter:creator\" content=\"@Telefilm_Canada\" \/>\n<meta name=\"twitter:site\" content=\"@Telefilm_Canada\" \/>\n<meta name=\"twitter:label1\" content=\"\u00c9crit par\" \/>\n\t<meta name=\"twitter:data1\" content=\"Sandrine Couture\" \/>\n\t<meta name=\"twitter:label2\" content=\"Estimation du temps de lecture\" \/>\n\t<meta name=\"twitter:data2\" content=\"4 minutes\" \/>\n<script type=\"application\/ld+json\" class=\"yoast-schema-graph\">{\n\t    \"@context\": \"https:\\\/\\\/schema.org\",\n\t    \"@graph\": [\n\t        {\n\t            \"@type\": \"Article\",\n\t            \"@id\": \"https:\\\/\\\/stage.rdvcanada.ca\\\/fr\\\/incontournables\\\/trois-evenements-incontournables-au-tiff\\\/#article\",\n\t            \"isPartOf\": {\n\t                \"@id\": \"https:\\\/\\\/stage.rdvcanada.ca\\\/fr\\\/incontournables\\\/trois-evenements-incontournables-au-tiff\\\/\"\n\t            },\n\t            \"author\": {\n\t                \"name\": \"Sandrine Couture\",\n\t                \"@id\": \"https:\\\/\\\/stage.rdvcanada.ca\\\/en\\\/#\\\/schema\\\/person\\\/854b83df133706ec69e3612f46d84934\"\n\t            },\n\t            \"headline\": \"Trois \u00e9v\u00e9nements incontournables au TIFF\",\n\t            \"datePublished\": \"2019-08-28T21:00:34+00:00\",\n\t            \"dateModified\": \"2019-09-03T15:05:22+00:00\",\n\t            \"mainEntityOfPage\": {\n\t                \"@id\": \"https:\\\/\\\/stage.rdvcanada.ca\\\/fr\\\/incontournables\\\/trois-evenements-incontournables-au-tiff\\\/\"\n\t            },\n\t            \"wordCount\": 858,\n\t            \"image\": {\n\t                \"@id\": \"https:\\\/\\\/stage.rdvcanada.ca\\\/fr\\\/incontournables\\\/trois-evenements-incontournables-au-tiff\\\/#primaryimage\"\n\t            },\n\t            \"thumbnailUrl\": \"https:\\\/\\\/stage.rdvcanada.ca\\\/wp-content\\\/uploads\\\/2019\\\/08\\\/TIFF-program-banner.jpg\",\n\t            \"articleSection\": [\n\t                \"Incontournables\"\n\t            ],\n\t            \"inLanguage\": \"fr-CA\"\n\t        },\n\t        {\n\t            \"@type\": \"WebPage\",\n\t            \"@id\": \"https:\\\/\\\/stage.rdvcanada.ca\\\/fr\\\/incontournables\\\/trois-evenements-incontournables-au-tiff\\\/\",\n\t            \"url\": \"https:\\\/\\\/stage.rdvcanada.ca\\\/fr\\\/incontournables\\\/trois-evenements-incontournables-au-tiff\\\/\",\n\t            \"name\": \"Trois \u00e9v\u00e9nements incontournables au TIFF - Industrie Audiovisuelle Canadienne\",\n\t            \"isPartOf\": {\n\t                \"@id\": \"https:\\\/\\\/stage.rdvcanada.ca\\\/en\\\/#website\"\n\t            },\n\t            \"primaryImageOfPage\": {\n\t                \"@id\": \"https:\\\/\\\/stage.rdvcanada.ca\\\/fr\\\/incontournables\\\/trois-evenements-incontournables-au-tiff\\\/#primaryimage\"\n\t            },\n\t            \"image\": {\n\t                \"@id\": \"https:\\\/\\\/stage.rdvcanada.ca\\\/fr\\\/incontournables\\\/trois-evenements-incontournables-au-tiff\\\/#primaryimage\"\n\t            },\n\t            \"thumbnailUrl\": \"https:\\\/\\\/stage.rdvcanada.ca\\\/wp-content\\\/uploads\\\/2019\\\/08\\\/TIFF-program-banner.jpg\",\n\t            \"datePublished\": \"2019-08-28T21:00:34+00:00\",\n\t            \"dateModified\": \"2019-09-03T15:05:22+00:00\",\n\t            \"author\": {\n\t                \"@id\": \"https:\\\/\\\/stage.rdvcanada.ca\\\/en\\\/#\\\/schema\\\/person\\\/854b83df133706ec69e3612f46d84934\"\n\t            },\n\t            \"description\": \"L\u2019industrie audiovisuelle du Canada se pr\u00e9pare pour le Festival international du film de Toronto, qui prendra d\u2019assaut la Ville reine du 5 au 15 septembre\",\n\t            \"breadcrumb\": {\n\t                \"@id\": \"https:\\\/\\\/stage.rdvcanada.ca\\\/fr\\\/incontournables\\\/trois-evenements-incontournables-au-tiff\\\/#breadcrumb\"\n\t            },\n\t            \"inLanguage\": \"fr-CA\",\n\t            \"potentialAction\": [\n\t                {\n\t                    \"@type\": \"ReadAction\",\n\t                    \"target\": [\n\t                        \"https:\\\/\\\/stage.rdvcanada.ca\\\/fr\\\/incontournables\\\/trois-evenements-incontournables-au-tiff\\\/\"\n\t                    ]\n\t                }\n\t            ]\n\t        },\n\t        {\n\t            \"@type\": \"ImageObject\",\n\t            \"inLanguage\": \"fr-CA\",\n\t            \"@id\": \"https:\\\/\\\/stage.rdvcanada.ca\\\/fr\\\/incontournables\\\/trois-evenements-incontournables-au-tiff\\\/#primaryimage\",\n\t            \"url\": \"https:\\\/\\\/stage.rdvcanada.ca\\\/wp-content\\\/uploads\\\/2019\\\/08\\\/TIFF-program-banner.jpg\",\n\t            \"contentUrl\": \"https:\\\/\\\/stage.rdvcanada.ca\\\/wp-content\\\/uploads\\\/2019\\\/08\\\/TIFF-program-banner.jpg\",\n\t            \"width\": 1920,\n\t            \"height\": 800\n\t        },\n\t        {\n\t            \"@type\": \"BreadcrumbList\",\n\t            \"@id\": \"https:\\\/\\\/stage.rdvcanada.ca\\\/fr\\\/incontournables\\\/trois-evenements-incontournables-au-tiff\\\/#breadcrumb\",\n\t            \"itemListElement\": [\n\t                {\n\t                    \"@type\": \"ListItem\",\n\t                    \"position\": 1,\n\t                    \"name\": \"Home\",\n\t                    \"item\": \"https:\\\/\\\/stage.rdvcanada.ca\\\/en\\\/\"\n\t                },\n\t                {\n\t                    \"@type\": \"ListItem\",\n\t                    \"position\": 2,\n\t                    \"name\": \"Trois \u00e9v\u00e9nements incontournables au TIFF\"\n\t                }\n\t            ]\n\t        },\n\t        {\n\t            \"@type\": \"WebSite\",\n\t            \"@id\": \"https:\\\/\\\/stage.rdvcanada.ca\\\/en\\\/#website\",\n\t            \"url\": \"https:\\\/\\\/stage.rdvcanada.ca\\\/en\\\/\",\n\t            \"name\": \"RDVCanada.ca\",\n\t            \"description\": \"VOIR GRAND. D\u00e9couvrez le meilleur du talent Canadien \u00e0 travers le monde.\",\n\t            \"potentialAction\": [\n\t                {\n\t                    \"@type\": \"SearchAction\",\n\t                    \"target\": {\n\t                        \"@type\": \"EntryPoint\",\n\t                        \"urlTemplate\": \"https:\\\/\\\/stage.rdvcanada.ca\\\/en\\\/?s={search_term_string}\"\n\t                    },\n\t                    \"query-input\": {\n\t                        \"@type\": \"PropertyValueSpecification\",\n\t                        \"valueRequired\": true,\n\t                        \"valueName\": \"search_term_string\"\n\t                    }\n\t                }\n\t            ],\n\t            \"inLanguage\": \"fr-CA\"\n\t        },\n\t        {\n\t            \"@type\": \"Person\",\n\t            \"@id\": \"https:\\\/\\\/stage.rdvcanada.ca\\\/en\\\/#\\\/schema\\\/person\\\/854b83df133706ec69e3612f46d84934\",\n\t            \"name\": \"Sandrine Couture\"\n\t        }\n\t    ]\n\t}<\/script>\n<!-- \/ Yoast SEO plugin. -->","yoast_head_json":{"title":"Trois \u00e9v\u00e9nements incontournables au TIFF - Industrie Audiovisuelle Canadienne","description":"L\u2019industrie audiovisuelle du Canada se pr\u00e9pare pour le Festival international du film de Toronto, qui prendra d\u2019assaut la Ville reine du 5 au 15 septembre","robots":{"index":"noindex","follow":"follow","max-snippet":"max-snippet:-1","max-image-preview":"max-image-preview:large","max-video-preview":"max-video-preview:-1"},"og_locale":"fr_CA","og_type":"article","og_title":"Trois \u00e9v\u00e9nements incontournables au TIFF - Industrie Audiovisuelle Canadienne","og_description":"L\u2019industrie audiovisuelle du Canada se pr\u00e9pare pour le Festival international du film de Toronto, qui prendra d\u2019assaut la Ville reine du 5 au 15 septembre","og_url":"https:\/\/stage.rdvcanada.ca\/fr\/incontournables\/trois-evenements-incontournables-au-tiff\/","og_site_name":"RDVCanada.ca","article_publisher":"https:\/\/www.facebook.com\/telefilmcanada","article_published_time":"2019-08-28T21:00:34+00:00","article_modified_time":"2019-09-03T15:05:22+00:00","og_image":[{"width":1920,"height":800,"url":"https:\/\/stage.rdvcanada.ca\/wp-content\/uploads\/2019\/08\/TIFF-program-banner.jpg","type":"image\/jpeg"}],"author":"Sandrine Couture","twitter_card":"summary_large_image","twitter_creator":"@Telefilm_Canada","twitter_site":"@Telefilm_Canada","twitter_misc":{"\u00c9crit par":"Sandrine Couture","Estimation du temps de lecture":"4 minutes"},"schema":{"@context":"https:\/\/schema.org","@graph":[{"@type":"Article","@id":"https:\/\/stage.rdvcanada.ca\/fr\/incontournables\/trois-evenements-incontournables-au-tiff\/#article","isPartOf":{"@id":"https:\/\/stage.rdvcanada.ca\/fr\/incontournables\/trois-evenements-incontournables-au-tiff\/"},"author":{"name":"Sandrine Couture","@id":"https:\/\/stage.rdvcanada.ca\/en\/#\/schema\/person\/854b83df133706ec69e3612f46d84934"},"headline":"Trois \u00e9v\u00e9nements incontournables au TIFF","datePublished":"2019-08-28T21:00:34+00:00","dateModified":"2019-09-03T15:05:22+00:00","mainEntityOfPage":{"@id":"https:\/\/stage.rdvcanada.ca\/fr\/incontournables\/trois-evenements-incontournables-au-tiff\/"},"wordCount":858,"image":{"@id":"https:\/\/stage.rdvcanada.ca\/fr\/incontournables\/trois-evenements-incontournables-au-tiff\/#primaryimage"},"thumbnailUrl":"https:\/\/stage.rdvcanada.ca\/wp-content\/uploads\/2019\/08\/TIFF-program-banner.jpg","articleSection":["Incontournables"],"inLanguage":"fr-CA"},{"@type":"WebPage","@id":"https:\/\/stage.rdvcanada.ca\/fr\/incontournables\/trois-evenements-incontournables-au-tiff\/","url":"https:\/\/stage.rdvcanada.ca\/fr\/incontournables\/trois-evenements-incontournables-au-tiff\/","name":"Trois \u00e9v\u00e9nements incontournables au TIFF - Industrie Audiovisuelle Canadienne","isPartOf":{"@id":"https:\/\/stage.rdvcanada.ca\/en\/#website"},"primaryImageOfPage":{"@id":"https:\/\/stage.rdvcanada.ca\/fr\/incontournables\/trois-evenements-incontournables-au-tiff\/#primaryimage"},"image":{"@id":"https:\/\/stage.rdvcanada.ca\/fr\/incontournables\/trois-evenements-incontournables-au-tiff\/#primaryimage"},"thumbnailUrl":"https:\/\/stage.rdvcanada.ca\/wp-content\/uploads\/2019\/08\/TIFF-program-banner.jpg","datePublished":"2019-08-28T21:00:34+00:00","dateModified":"2019-09-03T15:05:22+00:00","author":{"@id":"https:\/\/stage.rdvcanada.ca\/en\/#\/schema\/person\/854b83df133706ec69e3612f46d84934"},"description":"L\u2019industrie audiovisuelle du Canada se pr\u00e9pare pour le Festival international du film de Toronto, qui prendra d\u2019assaut la Ville reine du 5 au 15 septembre","breadcrumb":{"@id":"https:\/\/stage.rdvcanada.ca\/fr\/incontournables\/trois-evenements-incontournables-au-tiff\/#breadcrumb"},"inLanguage":"fr-CA","potentialAction":[{"@type":"ReadAction","target":["https:\/\/stage.rdvcanada.ca\/fr\/incontournables\/trois-evenements-incontournables-au-tiff\/"]}]},{"@type":"ImageObject","inLanguage":"fr-CA","@id":"https:\/\/stage.rdvcanada.ca\/fr\/incontournables\/trois-evenements-incontournables-au-tiff\/#primaryimage","url":"https:\/\/stage.rdvcanada.ca\/wp-content\/uploads\/2019\/08\/TIFF-program-banner.jpg","contentUrl":"https:\/\/stage.rdvcanada.ca\/wp-content\/uploads\/2019\/08\/TIFF-program-banner.jpg","width":1920,"height":800},{"@type":"BreadcrumbList","@id":"https:\/\/stage.rdvcanada.ca\/fr\/incontournables\/trois-evenements-incontournables-au-tiff\/#breadcrumb","itemListElement":[{"@type":"ListItem","position":1,"name":"Home","item":"https:\/\/stage.rdvcanada.ca\/en\/"},{"@type":"ListItem","position":2,"name":"Trois \u00e9v\u00e9nements incontournables au TIFF"}]},{"@type":"WebSite","@id":"https:\/\/stage.rdvcanada.ca\/en\/#website","url":"https:\/\/stage.rdvcanada.ca\/en\/","name":"RDVCanada.ca","description":"VOIR GRAND. D\u00e9couvrez le meilleur du talent Canadien \u00e0 travers le monde.","potentialAction":[{"@type":"SearchAction","target":{"@type":"EntryPoint","urlTemplate":"https:\/\/stage.rdvcanada.ca\/en\/?s={search_term_string}"},"query-input":{"@type":"PropertyValueSpecification","valueRequired":true,"valueName":"search_term_string"}}],"inLanguage":"fr-CA"},{"@type":"Person","@id":"https:\/\/stage.rdvcanada.ca\/en\/#\/schema\/person\/854b83df133706ec69e3612f46d84934","name":"Sandrine Couture"}]}},"_links":{"self":[{"href":"https:\/\/stage.rdvcanada.ca\/fr\/wp-json\/wp\/v2\/posts\/26602","targetHints":{"allow":["GET"]}}],"collection":[{"href":"https:\/\/stage.rdvcanada.ca\/fr\/wp-json\/wp\/v2\/posts"}],"about":[{"href":"https:\/\/stage.rdvcanada.ca\/fr\/wp-json\/wp\/v2\/types\/post"}],"author":[{"embeddable":true,"href":"https:\/\/stage.rdvcanada.ca\/fr\/wp-json\/wp\/v2\/users\/150"}],"replies":[{"embeddable":true,"href":"https:\/\/stage.rdvcanada.ca\/fr\/wp-json\/wp\/v2\/comments?post=26602"}],"version-history":[{"count":0,"href":"https:\/\/stage.rdvcanada.ca\/fr\/wp-json\/wp\/v2\/posts\/26602\/revisions"}],"wp:featuredmedia":[{"embeddable":true,"href":"https:\/\/stage.rdvcanada.ca\/fr\/wp-json\/wp\/v2\/media\/26575"}],"wp:attachment":[{"href":"https:\/\/stage.rdvcanada.ca\/fr\/wp-json\/wp\/v2\/media?parent=26602"}],"wp:term":[{"taxonomy":"category","embeddable":true,"href":"https:\/\/stage.rdvcanada.ca\/fr\/wp-json\/wp\/v2\/categories?post=26602"},{"taxonomy":"post_tag","embeddable":true,"href":"https:\/\/stage.rdvcanada.ca\/fr\/wp-json\/wp\/v2\/tags?post=26602"}],"curies":[{"name":"wp","href":"https:\/\/api.w.org\/{rel}","templated":true}]}}