{"id":27602,"date":"2019-09-28T14:35:16","date_gmt":"2019-09-28T18:35:16","guid":{"rendered":"https:\/\/stage.rdvcanada.ca\/evenements\/imaginenatives-20th-edition-kicks-off-with-zacharias-kunuk-film\/"},"modified":"2019-09-30T14:26:00","modified_gmt":"2019-09-30T18:26:00","slug":"la-20e-edition-dimaginenative-est-lancee-avec-un-film-de-zacharias-kunuk","status":"publish","type":"post","link":"https:\/\/stage.rdvcanada.ca\/fr\/evenements\/la-20e-edition-dimaginenative-est-lancee-avec-un-film-de-zacharias-kunuk\/","title":{"rendered":"La 20e \u00e9dition d\u2019imagineNATIVE est lanc\u00e9e avec un film de Zacharias Kunuk"},"content":{"rendered":"\t\t<div data-elementor-type=\"wp-post\" data-elementor-id=\"27602\" class=\"elementor elementor-27602 elementor-27593\" data-elementor-post-type=\"post\">\n\t\t\t\t\t\t<section class=\"elementor-section elementor-top-section elementor-element elementor-element-6de4ca5a elementor-section-boxed elementor-section-height-default elementor-section-height-default\" data-id=\"6de4ca5a\" data-element_type=\"section\" data-e-type=\"section\">\n\t\t\t\t\t\t<div class=\"elementor-container elementor-column-gap-default\">\n\t\t\t\t\t<div class=\"elementor-column elementor-col-100 elementor-top-column elementor-element elementor-element-1e6199e2\" data-id=\"1e6199e2\" data-element_type=\"column\" data-e-type=\"column\">\n\t\t\t<div class=\"elementor-widget-wrap elementor-element-populated\">\n\t\t\t\t\t\t<div class=\"elementor-element elementor-element-298084d1 elementor-widget elementor-widget-text-editor\" data-id=\"298084d1\" data-element_type=\"widget\" data-e-type=\"widget\" data-widget_type=\"text-editor.default\">\n\t\t\t\t<div class=\"elementor-widget-container\">\n\t\t\t\t\t\t\t\t\t<p>La 20<sup>e<\/sup> \u00e9dition du <a href=\"http:\/\/www.imaginenative.org\/in20-festival-menu\">Festival de film et d\u2019art m\u00e9diatique imagineNATIVE<\/a> arrive \u00e0 grands pas, et aura lieu \u00e0 Toronto du 22 au 27 octobre 2019. C\u2019est le film <a href=\"https:\/\/stage.rdvcanada.ca\/en\/product\/one-day-in-the-life-of-noah-piugattuk\/\">One Day in the Life of Noah Piugattuk<\/a> de Zacharias Kunuk qui aura l\u2019honneur de lancer ce festival de film et d\u2019art m\u00e9diatique autochtone majeur lors d\u2019une grande soir\u00e9e de gala.<\/p><h3><strong>La programmation<\/strong><\/h3><p>Les films canadiens occupent une place importante dans l\u2019incroyable programmation de cette ann\u00e9e, dont <a href=\"http:\/\/www.imaginenative.org\/ruthless-souls\">Ruthless Souls<\/a> de Madison Thomas (en premi\u00e8re mondiale), <a href=\"https:\/\/stage.rdvcanada.ca\/en\/product\/the-body-remembers-when-the-world-broke-open\/\">The Body Remembers When the World Broke Open<\/a> d\u2019Elle-Maija Tailfeathers et Kathleen Hepburn, <a href=\"http:\/\/www.imaginenative.org\/rustic-oracle\">Rustic Oracle<\/a> de Sonia Bonspille Boileau, <a href=\"http:\/\/www.imaginenative.org\/the-incredible-25th-year-of-mitzi-bearclaw\">The Incredible 25th Year of Mitzi Bearclaw<\/a> de Shelley Niro ainsi que <a href=\"https:\/\/stage.rdvcanada.ca\/en\/product\/blood-quantum\/\">Blood Quantum<\/a> de Jeff Barnaby (en pr\u00e9sentation sp\u00e9ciale). Des documentaires canadiens seront aussi du programme, soit\u00a0: <a href=\"https:\/\/stage.rdvcanada.ca\/en\/product\/jordan-river-anderson-the-messenger\/\">Jordan River Anderson,The Messenger<\/a> d\u2019Alanis Obomsawin et une pr\u00e9sentation sp\u00e9ciale de <a href=\"http:\/\/www.imaginenative.org\/npawistamsowin-we-will-stand-up\">n\u00eepawistam\u00e2sowin: We Will Stand Up<\/a> de Tasha Hubbard.<strong>\u00a0<\/strong><\/p><h3>Panel : <em>On-screen protocols and Pathways: Funders in Action<\/em><\/h3><p>Parmi les nombreux \u00e9v\u00e9nements du festival, ne manquez pas ce panel gratuit et ouvert au public, r\u00e9unissant des leaders des organismes ayant financ\u00e9 <em>Protocoles et chemins cin\u00e9matographiques\u00a0: un guide de production m\u00e9diatique<\/em>, un rapport r\u00e9cemment publi\u00e9 \u00e9tablissant un cadre de travail adaptable pour la production de contenu en collaboration avec les communaut\u00e9s autochtones du Canada. Suivi d\u2019une s\u00e9ance de questions, le panel r\u00e9unira \u00a0: le Fonds des m\u00e9dias du Canada, T\u00e9l\u00e9film Canada, Creative BC, Ontario Creates, l\u2019Office national du film du Canada, L\u2019Inspirit Foundation, ainsi que Telus StoryHive \u2013 et imagineNATIVE, qui a command\u00e9 le guide.<\/p><p><strong>Quand :<\/strong> Mardi 22 octobre 2019 de 11h30 \u00e0 12h45.<\/p><p><strong>O\u00f9 :<\/strong> TIFF Bell Lightbox, Cinema 3 (Toronto, Canada)<\/p><p>Pour plus d&#8217;informations sur le guide, consultez notre <a href=\"https:\/\/stage.rdvcanada.ca\/fr\/incontournables\/entretien-avec-jason-ryle-protocoles-et-lignes-directrices-a-lecran\/\">entrevue avec le directeur g\u00e9n\u00e9ral d&#8217;imagineNATIVE, Jason Ryle.<\/a><\/p><h3><strong><em>One Day in the Life of Noah Piugattuk<\/em><\/strong><\/h3><p>Avant sa premi\u00e8re nord-am\u00e9ricaine au TIFF de cette ann\u00e9e, ce film a \u00e9t\u00e9 pr\u00e9sent\u00e9 au Pavillon du Canada de la Biennale de Venise, dans le cadre d\u2019une installation artistique vid\u00e9o cr\u00e9\u00e9e par Isuma, un collectif artistique et soci\u00e9t\u00e9 de production inuite. Le film avait d\u2019ailleurs \u00e9t\u00e9 s\u00e9lectionn\u00e9 pour <a href=\"https:\/\/stage.rdvcanada.ca\/en\/spotlight\/interview-indigenous-video-art-represents-canada-at-the-venice-biennale\/\">repr\u00e9senter le Canada lors de cet \u00e9v\u00e9nement prestigieux<\/a>.<\/p><p>Kunuk (qui vient de recevoir l\u2019Ordre du Nunavut) est un cin\u00e9aste de renom ainsi qu\u2019un des cofondateurs d\u2019Isuma. Vous pourrez en d\u00e9couvrir davantage sur lui, son processus cr\u00e9atif et ses inspirations dans cette vid\u00e9o, o\u00f9 il parle de son enfance \u00e0 Igloolik, Nunavut. Des histoires de sa grand-m\u00e8re qu\u2019il visualisait aux projections de films en 16 mm qu\u2019il organisait quelques fois par semaine dans une salle communautaire, il explique comment, m\u00eame aujourd\u2019hui, la communaut\u00e9 au grand complet demeure essentielle au processus cr\u00e9atif en t\u00e9l\u00e9vision et au cin\u00e9ma. \u00ab<b>\u00a0Le collectif Isuma implique toute la communaut\u00e9\u00a0\u00bb, dit-il en entrevue sur rdvcanada.ca. \u00ab\u00a0Nous en faisons travailler tous les membres\u00a0\u00bb.<\/b><\/p>\t\t\t\t\t\t\t\t<\/div>\n\t\t\t\t<\/div>\n\t\t\t\t<div class=\"elementor-element elementor-element-3cc8231 elementor-widget elementor-widget-video\" data-id=\"3cc8231\" data-element_type=\"widget\" data-e-type=\"widget\" data-settings=\"{&quot;youtube_url&quot;:&quot;https:\\\/\\\/www.youtube.com\\\/watch?v=cruntCFinFc&quot;,&quot;video_type&quot;:&quot;youtube&quot;,&quot;controls&quot;:&quot;yes&quot;}\" data-widget_type=\"video.default\">\n\t\t\t\t<div class=\"elementor-widget-container\">\n\t\t\t\t\t\t\t<div class=\"elementor-wrapper elementor-open-inline\">\n\t\t\t<div class=\"elementor-video\"><\/div>\t\t<\/div>\n\t\t\t\t\t\t<\/div>\n\t\t\t\t<\/div>\n\t\t\t\t<div class=\"elementor-element elementor-element-522fdc3 elementor-widget elementor-widget-text-editor\" data-id=\"522fdc3\" data-element_type=\"widget\" data-e-type=\"widget\" data-widget_type=\"text-editor.default\">\n\t\t\t\t<div class=\"elementor-widget-container\">\n\t\t\t\t\t\t\t\t\t<p>Pour en savoir plus sur les films de la programmation d\u2019imagineNATIVE, ainsi que pour conna\u00eetre l\u2019horaire du festival, son historique et ses \u00e9v\u00e9nements, visitez le site Web <a href=\"http:\/\/www.imaginenative.org\/in20-festival-menu\">ici<\/a>!<\/p>\t\t\t\t\t\t\t\t<\/div>\n\t\t\t\t<\/div>\n\t\t\t\t\t<\/div>\n\t\t<\/div>\n\t\t\t\t\t<\/div>\n\t\t<\/section>\n\t\t\t\t<\/div>\n\t\t","protected":false},"excerpt":{"rendered":"<p>La 20e \u00e9dition du Festival de film et d\u2019art m\u00e9diatique&#8230;<\/p>\n","protected":false},"author":150,"featured_media":27596,"comment_status":"closed","ping_status":"open","sticky":false,"template":"","format":"standard","meta":{"_acf_changed":false,"_crdt_document":"","footnotes":""},"categories":[331,333],"tags":[],"class_list":["post-27602","post","type-post","status-publish","format-standard","has-post-thumbnail","hentry","category-evenements","category-pleins-feux"],"acf":[],"yoast_head":"<!-- This site is optimized with the Yoast SEO plugin v27.5 - https:\/\/yoast.com\/product\/yoast-seo-wordpress\/ -->\n<title>La 20e \u00e9dition d\u2019imagineNATIVE est lanc\u00e9e avec un film de Zacharias Kunuk - Industrie Audiovisuelle Canadienne<\/title>\n<meta name=\"description\" content=\"La 20e \u00e9dition du Festival de film et d\u2019art m\u00e9diatique imagineNATIVE arrive \u00e0 grands pas, et aura lieu \u00e0 Toronto du 22 au 27 octobre 2019. C\u2019est le film\" \/>\n<meta name=\"robots\" content=\"noindex, follow, max-snippet:-1, max-image-preview:large, max-video-preview:-1\" \/>\n<meta property=\"og:locale\" content=\"fr_CA\" \/>\n<meta property=\"og:type\" content=\"article\" \/>\n<meta property=\"og:title\" content=\"La 20e \u00e9dition d\u2019imagineNATIVE est lanc\u00e9e avec un film de Zacharias Kunuk - Industrie Audiovisuelle Canadienne\" \/>\n<meta property=\"og:description\" content=\"La 20e \u00e9dition du Festival de film et d\u2019art m\u00e9diatique imagineNATIVE arrive \u00e0 grands pas, et aura lieu \u00e0 Toronto du 22 au 27 octobre 2019. C\u2019est le film\" \/>\n<meta property=\"og:url\" content=\"https:\/\/stage.rdvcanada.ca\/fr\/evenements\/la-20e-edition-dimaginenative-est-lancee-avec-un-film-de-zacharias-kunuk\/\" \/>\n<meta property=\"og:site_name\" content=\"RDVCanada.ca\" \/>\n<meta property=\"article:publisher\" content=\"https:\/\/www.facebook.com\/telefilmcanada\" \/>\n<meta property=\"article:published_time\" content=\"2019-09-28T18:35:16+00:00\" \/>\n<meta property=\"article:modified_time\" content=\"2019-09-30T18:26:00+00:00\" \/>\n<meta property=\"og:image\" content=\"https:\/\/stage.rdvcanada.ca\/wp-content\/uploads\/2019\/09\/imaginative-1920-800.jpg\" \/>\n\t<meta property=\"og:image:width\" content=\"1920\" \/>\n\t<meta property=\"og:image:height\" content=\"800\" \/>\n\t<meta property=\"og:image:type\" content=\"image\/jpeg\" \/>\n<meta name=\"author\" content=\"Sandrine Couture\" \/>\n<meta name=\"twitter:card\" content=\"summary_large_image\" \/>\n<meta name=\"twitter:creator\" content=\"@Telefilm_Canada\" \/>\n<meta name=\"twitter:site\" content=\"@Telefilm_Canada\" \/>\n<meta name=\"twitter:label1\" content=\"\u00c9crit par\" \/>\n\t<meta name=\"twitter:data1\" content=\"Sandrine Couture\" \/>\n\t<meta name=\"twitter:label2\" content=\"Estimation du temps de lecture\" \/>\n\t<meta name=\"twitter:data2\" content=\"3 minutes\" \/>\n<script type=\"application\/ld+json\" class=\"yoast-schema-graph\">{\n\t    \"@context\": \"https:\\\/\\\/schema.org\",\n\t    \"@graph\": [\n\t        {\n\t            \"@type\": \"Article\",\n\t            \"@id\": \"https:\\\/\\\/stage.rdvcanada.ca\\\/fr\\\/evenements\\\/la-20e-edition-dimaginenative-est-lancee-avec-un-film-de-zacharias-kunuk\\\/#article\",\n\t            \"isPartOf\": {\n\t                \"@id\": \"https:\\\/\\\/stage.rdvcanada.ca\\\/fr\\\/evenements\\\/la-20e-edition-dimaginenative-est-lancee-avec-un-film-de-zacharias-kunuk\\\/\"\n\t            },\n\t            \"author\": {\n\t                \"name\": \"Sandrine Couture\",\n\t                \"@id\": \"https:\\\/\\\/stage.rdvcanada.ca\\\/en\\\/#\\\/schema\\\/person\\\/854b83df133706ec69e3612f46d84934\"\n\t            },\n\t            \"headline\": \"La 20e \u00e9dition d\u2019imagineNATIVE est lanc\u00e9e avec un film de Zacharias Kunuk\",\n\t            \"datePublished\": \"2019-09-28T18:35:16+00:00\",\n\t            \"dateModified\": \"2019-09-30T18:26:00+00:00\",\n\t            \"mainEntityOfPage\": {\n\t                \"@id\": \"https:\\\/\\\/stage.rdvcanada.ca\\\/fr\\\/evenements\\\/la-20e-edition-dimaginenative-est-lancee-avec-un-film-de-zacharias-kunuk\\\/\"\n\t            },\n\t            \"wordCount\": 563,\n\t            \"image\": {\n\t                \"@id\": \"https:\\\/\\\/stage.rdvcanada.ca\\\/fr\\\/evenements\\\/la-20e-edition-dimaginenative-est-lancee-avec-un-film-de-zacharias-kunuk\\\/#primaryimage\"\n\t            },\n\t            \"thumbnailUrl\": \"https:\\\/\\\/stage.rdvcanada.ca\\\/wp-content\\\/uploads\\\/2019\\\/09\\\/imaginative-1920-800.jpg\",\n\t            \"articleSection\": [\n\t                \"\u00c9v\u00e9nements\",\n\t                \"Pleins feux\"\n\t            ],\n\t            \"inLanguage\": \"fr-CA\"\n\t        },\n\t        {\n\t            \"@type\": \"WebPage\",\n\t            \"@id\": \"https:\\\/\\\/stage.rdvcanada.ca\\\/fr\\\/evenements\\\/la-20e-edition-dimaginenative-est-lancee-avec-un-film-de-zacharias-kunuk\\\/\",\n\t            \"url\": \"https:\\\/\\\/stage.rdvcanada.ca\\\/fr\\\/evenements\\\/la-20e-edition-dimaginenative-est-lancee-avec-un-film-de-zacharias-kunuk\\\/\",\n\t            \"name\": \"La 20e \u00e9dition d\u2019imagineNATIVE est lanc\u00e9e avec un film de Zacharias Kunuk - Industrie Audiovisuelle Canadienne\",\n\t            \"isPartOf\": {\n\t                \"@id\": \"https:\\\/\\\/stage.rdvcanada.ca\\\/en\\\/#website\"\n\t            },\n\t            \"primaryImageOfPage\": {\n\t                \"@id\": \"https:\\\/\\\/stage.rdvcanada.ca\\\/fr\\\/evenements\\\/la-20e-edition-dimaginenative-est-lancee-avec-un-film-de-zacharias-kunuk\\\/#primaryimage\"\n\t            },\n\t            \"image\": {\n\t                \"@id\": \"https:\\\/\\\/stage.rdvcanada.ca\\\/fr\\\/evenements\\\/la-20e-edition-dimaginenative-est-lancee-avec-un-film-de-zacharias-kunuk\\\/#primaryimage\"\n\t            },\n\t            \"thumbnailUrl\": \"https:\\\/\\\/stage.rdvcanada.ca\\\/wp-content\\\/uploads\\\/2019\\\/09\\\/imaginative-1920-800.jpg\",\n\t            \"datePublished\": \"2019-09-28T18:35:16+00:00\",\n\t            \"dateModified\": \"2019-09-30T18:26:00+00:00\",\n\t            \"author\": {\n\t                \"@id\": \"https:\\\/\\\/stage.rdvcanada.ca\\\/en\\\/#\\\/schema\\\/person\\\/854b83df133706ec69e3612f46d84934\"\n\t            },\n\t            \"description\": \"La 20e \u00e9dition du Festival de film et d\u2019art m\u00e9diatique imagineNATIVE arrive \u00e0 grands pas, et aura lieu \u00e0 Toronto du 22 au 27 octobre 2019. C\u2019est le film\",\n\t            \"breadcrumb\": {\n\t                \"@id\": \"https:\\\/\\\/stage.rdvcanada.ca\\\/fr\\\/evenements\\\/la-20e-edition-dimaginenative-est-lancee-avec-un-film-de-zacharias-kunuk\\\/#breadcrumb\"\n\t            },\n\t            \"inLanguage\": \"fr-CA\",\n\t            \"potentialAction\": [\n\t                {\n\t                    \"@type\": \"ReadAction\",\n\t                    \"target\": [\n\t                        \"https:\\\/\\\/stage.rdvcanada.ca\\\/fr\\\/evenements\\\/la-20e-edition-dimaginenative-est-lancee-avec-un-film-de-zacharias-kunuk\\\/\"\n\t                    ]\n\t                }\n\t            ]\n\t        },\n\t        {\n\t            \"@type\": \"ImageObject\",\n\t            \"inLanguage\": \"fr-CA\",\n\t            \"@id\": \"https:\\\/\\\/stage.rdvcanada.ca\\\/fr\\\/evenements\\\/la-20e-edition-dimaginenative-est-lancee-avec-un-film-de-zacharias-kunuk\\\/#primaryimage\",\n\t            \"url\": \"https:\\\/\\\/stage.rdvcanada.ca\\\/wp-content\\\/uploads\\\/2019\\\/09\\\/imaginative-1920-800.jpg\",\n\t            \"contentUrl\": \"https:\\\/\\\/stage.rdvcanada.ca\\\/wp-content\\\/uploads\\\/2019\\\/09\\\/imaginative-1920-800.jpg\",\n\t            \"width\": 1920,\n\t            \"height\": 800\n\t        },\n\t        {\n\t            \"@type\": \"BreadcrumbList\",\n\t            \"@id\": \"https:\\\/\\\/stage.rdvcanada.ca\\\/fr\\\/evenements\\\/la-20e-edition-dimaginenative-est-lancee-avec-un-film-de-zacharias-kunuk\\\/#breadcrumb\",\n\t            \"itemListElement\": [\n\t                {\n\t                    \"@type\": \"ListItem\",\n\t                    \"position\": 1,\n\t                    \"name\": \"Home\",\n\t                    \"item\": \"https:\\\/\\\/stage.rdvcanada.ca\\\/en\\\/\"\n\t                },\n\t                {\n\t                    \"@type\": \"ListItem\",\n\t                    \"position\": 2,\n\t                    \"name\": \"La 20e \u00e9dition d\u2019imagineNATIVE est lanc\u00e9e avec un film de Zacharias Kunuk\"\n\t                }\n\t            ]\n\t        },\n\t        {\n\t            \"@type\": \"WebSite\",\n\t            \"@id\": \"https:\\\/\\\/stage.rdvcanada.ca\\\/en\\\/#website\",\n\t            \"url\": \"https:\\\/\\\/stage.rdvcanada.ca\\\/en\\\/\",\n\t            \"name\": \"RDVCanada.ca\",\n\t            \"description\": \"VOIR GRAND. D\u00e9couvrez le meilleur du talent Canadien \u00e0 travers le monde.\",\n\t            \"potentialAction\": [\n\t                {\n\t                    \"@type\": \"SearchAction\",\n\t                    \"target\": {\n\t                        \"@type\": \"EntryPoint\",\n\t                        \"urlTemplate\": \"https:\\\/\\\/stage.rdvcanada.ca\\\/en\\\/?s={search_term_string}\"\n\t                    },\n\t                    \"query-input\": {\n\t                        \"@type\": \"PropertyValueSpecification\",\n\t                        \"valueRequired\": true,\n\t                        \"valueName\": \"search_term_string\"\n\t                    }\n\t                }\n\t            ],\n\t            \"inLanguage\": \"fr-CA\"\n\t        },\n\t        {\n\t            \"@type\": \"Person\",\n\t            \"@id\": \"https:\\\/\\\/stage.rdvcanada.ca\\\/en\\\/#\\\/schema\\\/person\\\/854b83df133706ec69e3612f46d84934\",\n\t            \"name\": \"Sandrine Couture\"\n\t        }\n\t    ]\n\t}<\/script>\n<!-- \/ Yoast SEO plugin. -->","yoast_head_json":{"title":"La 20e \u00e9dition d\u2019imagineNATIVE est lanc\u00e9e avec un film de Zacharias Kunuk - Industrie Audiovisuelle Canadienne","description":"La 20e \u00e9dition du Festival de film et d\u2019art m\u00e9diatique imagineNATIVE arrive \u00e0 grands pas, et aura lieu \u00e0 Toronto du 22 au 27 octobre 2019. C\u2019est le film","robots":{"index":"noindex","follow":"follow","max-snippet":"max-snippet:-1","max-image-preview":"max-image-preview:large","max-video-preview":"max-video-preview:-1"},"og_locale":"fr_CA","og_type":"article","og_title":"La 20e \u00e9dition d\u2019imagineNATIVE est lanc\u00e9e avec un film de Zacharias Kunuk - Industrie Audiovisuelle Canadienne","og_description":"La 20e \u00e9dition du Festival de film et d\u2019art m\u00e9diatique imagineNATIVE arrive \u00e0 grands pas, et aura lieu \u00e0 Toronto du 22 au 27 octobre 2019. C\u2019est le film","og_url":"https:\/\/stage.rdvcanada.ca\/fr\/evenements\/la-20e-edition-dimaginenative-est-lancee-avec-un-film-de-zacharias-kunuk\/","og_site_name":"RDVCanada.ca","article_publisher":"https:\/\/www.facebook.com\/telefilmcanada","article_published_time":"2019-09-28T18:35:16+00:00","article_modified_time":"2019-09-30T18:26:00+00:00","og_image":[{"width":1920,"height":800,"url":"https:\/\/stage.rdvcanada.ca\/wp-content\/uploads\/2019\/09\/imaginative-1920-800.jpg","type":"image\/jpeg"}],"author":"Sandrine Couture","twitter_card":"summary_large_image","twitter_creator":"@Telefilm_Canada","twitter_site":"@Telefilm_Canada","twitter_misc":{"\u00c9crit par":"Sandrine Couture","Estimation du temps de lecture":"3 minutes"},"schema":{"@context":"https:\/\/schema.org","@graph":[{"@type":"Article","@id":"https:\/\/stage.rdvcanada.ca\/fr\/evenements\/la-20e-edition-dimaginenative-est-lancee-avec-un-film-de-zacharias-kunuk\/#article","isPartOf":{"@id":"https:\/\/stage.rdvcanada.ca\/fr\/evenements\/la-20e-edition-dimaginenative-est-lancee-avec-un-film-de-zacharias-kunuk\/"},"author":{"name":"Sandrine Couture","@id":"https:\/\/stage.rdvcanada.ca\/en\/#\/schema\/person\/854b83df133706ec69e3612f46d84934"},"headline":"La 20e \u00e9dition d\u2019imagineNATIVE est lanc\u00e9e avec un film de Zacharias Kunuk","datePublished":"2019-09-28T18:35:16+00:00","dateModified":"2019-09-30T18:26:00+00:00","mainEntityOfPage":{"@id":"https:\/\/stage.rdvcanada.ca\/fr\/evenements\/la-20e-edition-dimaginenative-est-lancee-avec-un-film-de-zacharias-kunuk\/"},"wordCount":563,"image":{"@id":"https:\/\/stage.rdvcanada.ca\/fr\/evenements\/la-20e-edition-dimaginenative-est-lancee-avec-un-film-de-zacharias-kunuk\/#primaryimage"},"thumbnailUrl":"https:\/\/stage.rdvcanada.ca\/wp-content\/uploads\/2019\/09\/imaginative-1920-800.jpg","articleSection":["\u00c9v\u00e9nements","Pleins feux"],"inLanguage":"fr-CA"},{"@type":"WebPage","@id":"https:\/\/stage.rdvcanada.ca\/fr\/evenements\/la-20e-edition-dimaginenative-est-lancee-avec-un-film-de-zacharias-kunuk\/","url":"https:\/\/stage.rdvcanada.ca\/fr\/evenements\/la-20e-edition-dimaginenative-est-lancee-avec-un-film-de-zacharias-kunuk\/","name":"La 20e \u00e9dition d\u2019imagineNATIVE est lanc\u00e9e avec un film de Zacharias Kunuk - Industrie Audiovisuelle Canadienne","isPartOf":{"@id":"https:\/\/stage.rdvcanada.ca\/en\/#website"},"primaryImageOfPage":{"@id":"https:\/\/stage.rdvcanada.ca\/fr\/evenements\/la-20e-edition-dimaginenative-est-lancee-avec-un-film-de-zacharias-kunuk\/#primaryimage"},"image":{"@id":"https:\/\/stage.rdvcanada.ca\/fr\/evenements\/la-20e-edition-dimaginenative-est-lancee-avec-un-film-de-zacharias-kunuk\/#primaryimage"},"thumbnailUrl":"https:\/\/stage.rdvcanada.ca\/wp-content\/uploads\/2019\/09\/imaginative-1920-800.jpg","datePublished":"2019-09-28T18:35:16+00:00","dateModified":"2019-09-30T18:26:00+00:00","author":{"@id":"https:\/\/stage.rdvcanada.ca\/en\/#\/schema\/person\/854b83df133706ec69e3612f46d84934"},"description":"La 20e \u00e9dition du Festival de film et d\u2019art m\u00e9diatique imagineNATIVE arrive \u00e0 grands pas, et aura lieu \u00e0 Toronto du 22 au 27 octobre 2019. C\u2019est le film","breadcrumb":{"@id":"https:\/\/stage.rdvcanada.ca\/fr\/evenements\/la-20e-edition-dimaginenative-est-lancee-avec-un-film-de-zacharias-kunuk\/#breadcrumb"},"inLanguage":"fr-CA","potentialAction":[{"@type":"ReadAction","target":["https:\/\/stage.rdvcanada.ca\/fr\/evenements\/la-20e-edition-dimaginenative-est-lancee-avec-un-film-de-zacharias-kunuk\/"]}]},{"@type":"ImageObject","inLanguage":"fr-CA","@id":"https:\/\/stage.rdvcanada.ca\/fr\/evenements\/la-20e-edition-dimaginenative-est-lancee-avec-un-film-de-zacharias-kunuk\/#primaryimage","url":"https:\/\/stage.rdvcanada.ca\/wp-content\/uploads\/2019\/09\/imaginative-1920-800.jpg","contentUrl":"https:\/\/stage.rdvcanada.ca\/wp-content\/uploads\/2019\/09\/imaginative-1920-800.jpg","width":1920,"height":800},{"@type":"BreadcrumbList","@id":"https:\/\/stage.rdvcanada.ca\/fr\/evenements\/la-20e-edition-dimaginenative-est-lancee-avec-un-film-de-zacharias-kunuk\/#breadcrumb","itemListElement":[{"@type":"ListItem","position":1,"name":"Home","item":"https:\/\/stage.rdvcanada.ca\/en\/"},{"@type":"ListItem","position":2,"name":"La 20e \u00e9dition d\u2019imagineNATIVE est lanc\u00e9e avec un film de Zacharias Kunuk"}]},{"@type":"WebSite","@id":"https:\/\/stage.rdvcanada.ca\/en\/#website","url":"https:\/\/stage.rdvcanada.ca\/en\/","name":"RDVCanada.ca","description":"VOIR GRAND. D\u00e9couvrez le meilleur du talent Canadien \u00e0 travers le monde.","potentialAction":[{"@type":"SearchAction","target":{"@type":"EntryPoint","urlTemplate":"https:\/\/stage.rdvcanada.ca\/en\/?s={search_term_string}"},"query-input":{"@type":"PropertyValueSpecification","valueRequired":true,"valueName":"search_term_string"}}],"inLanguage":"fr-CA"},{"@type":"Person","@id":"https:\/\/stage.rdvcanada.ca\/en\/#\/schema\/person\/854b83df133706ec69e3612f46d84934","name":"Sandrine Couture"}]}},"_links":{"self":[{"href":"https:\/\/stage.rdvcanada.ca\/fr\/wp-json\/wp\/v2\/posts\/27602","targetHints":{"allow":["GET"]}}],"collection":[{"href":"https:\/\/stage.rdvcanada.ca\/fr\/wp-json\/wp\/v2\/posts"}],"about":[{"href":"https:\/\/stage.rdvcanada.ca\/fr\/wp-json\/wp\/v2\/types\/post"}],"author":[{"embeddable":true,"href":"https:\/\/stage.rdvcanada.ca\/fr\/wp-json\/wp\/v2\/users\/150"}],"replies":[{"embeddable":true,"href":"https:\/\/stage.rdvcanada.ca\/fr\/wp-json\/wp\/v2\/comments?post=27602"}],"version-history":[{"count":0,"href":"https:\/\/stage.rdvcanada.ca\/fr\/wp-json\/wp\/v2\/posts\/27602\/revisions"}],"wp:featuredmedia":[{"embeddable":true,"href":"https:\/\/stage.rdvcanada.ca\/fr\/wp-json\/wp\/v2\/media\/27596"}],"wp:attachment":[{"href":"https:\/\/stage.rdvcanada.ca\/fr\/wp-json\/wp\/v2\/media?parent=27602"}],"wp:term":[{"taxonomy":"category","embeddable":true,"href":"https:\/\/stage.rdvcanada.ca\/fr\/wp-json\/wp\/v2\/categories?post=27602"},{"taxonomy":"post_tag","embeddable":true,"href":"https:\/\/stage.rdvcanada.ca\/fr\/wp-json\/wp\/v2\/tags?post=27602"}],"curies":[{"name":"wp","href":"https:\/\/api.w.org\/{rel}","templated":true}]}}