{"id":27617,"date":"2019-09-28T15:30:28","date_gmt":"2019-09-28T19:30:28","guid":{"rendered":"https:\/\/stage.rdvcanada.ca\/evenements\/cant-miss-events-at-mipjunior-and-mipcom-2019\/"},"modified":"2019-10-03T12:13:49","modified_gmt":"2019-10-03T16:13:49","slug":"evenements-a-ne-pas-manquer-aux-mipjunior-et-mipcom-2019","status":"publish","type":"post","link":"https:\/\/stage.rdvcanada.ca\/fr\/evenements\/evenements-a-ne-pas-manquer-aux-mipjunior-et-mipcom-2019\/","title":{"rendered":"\u00c9v\u00e9nements \u00e0 ne pas manquer aux MIPJunior et MIPCOM 2019!"},"content":{"rendered":"\t\t<div data-elementor-type=\"wp-post\" data-elementor-id=\"27617\" class=\"elementor elementor-27617 elementor-27610\" data-elementor-post-type=\"post\">\n\t\t\t\t\t\t<section class=\"elementor-section elementor-top-section elementor-element elementor-element-1e2ea476 elementor-section-boxed elementor-section-height-default elementor-section-height-default\" data-id=\"1e2ea476\" data-element_type=\"section\" data-e-type=\"section\">\n\t\t\t\t\t\t<div class=\"elementor-container elementor-column-gap-default\">\n\t\t\t\t\t<div class=\"elementor-column elementor-col-100 elementor-top-column elementor-element elementor-element-3eafc6db\" data-id=\"3eafc6db\" data-element_type=\"column\" data-e-type=\"column\">\n\t\t\t<div class=\"elementor-widget-wrap elementor-element-populated\">\n\t\t\t\t\t\t<div class=\"elementor-element elementor-element-39938574 elementor-widget elementor-widget-text-editor\" data-id=\"39938574\" data-element_type=\"widget\" data-e-type=\"widget\" data-widget_type=\"text-editor.default\">\n\t\t\t\t<div class=\"elementor-widget-container\">\n\t\t\t\t\t\t\t\t\t<p>Vous assistez aux <a href=\"https:\/\/stage.rdvcanada.ca\/fr\/festivals\/mipcom-2019\/\">MIPJunior et MIPCOM<\/a>? Le compte \u00e0 rebours est commenc\u00e9 pour ces march\u00e9s du contenu du divertissement qui se succ\u00e8dent \u00e0 Cannes, en France, du 12 au 13 et du 14 au 17 octobre respectivement! Et le Canada sera bien pr\u00e9sent avec des productions remarquables et des \u00e9v\u00e9nements de r\u00e9seautage qui vous aideront \u00e0 rentabiliser au maximum votre voyage. Avec plus de 80 entreprises canadiennes participantes, d\u2019excellentes occasions de r\u00e9seautage et de coproduction propos\u00e9es et des productions qui c\u00e9l\u00e8brent la diversit\u00e9, l\u2019action ne manquera pas au Pavillon du Canada cette ann\u00e9e!<\/p><p>Voici ce que nous avons pr\u00e9par\u00e9 pour le <a href=\"https:\/\/www.mipjunior.com\">MIPJunior<\/a>, le march\u00e9 des productions pour enfants, et pour le <a href=\"https:\/\/www.mipcom.com\">MIPCOM<\/a>, consid\u00e9r\u00e9 comme le plus gros march\u00e9 du contenu du divertissement au monde\u00a0:<\/p><h3>1) <strong>C\u00e9l\u00e9brer la richesse et la beaut\u00e9 de la diversit\u00e9 (au MIPJunior) <\/strong><\/h3><p>Pr\u00e9sent\u00e9 au MIPJunior par T\u00e9l\u00e9film Canada et le Fonds des m\u00e9dias du Canada, cet \u00e9v\u00e9nement r\u00e9unit quatre conf\u00e9renciers provenant de quatre soci\u00e9t\u00e9s de production qui discuteront de leurs projets, qui racontent des histoires qui font le pont entre les diff\u00e9rences et qui transcendent les barri\u00e8res. Voici les conf\u00e9renciers et leurs s\u00e9ries : trois productions d\u2019animation et une d\u2019action r\u00e9elle, qui en sont \u00e0 diff\u00e9rentes \u00e9tapes de production\u00a0:<\/p><ul><li><strong>Shabnam Rezaei, pr\u00e9sidente et cofondatrice, <\/strong><strong><u><a href=\"https:\/\/www.bigbadboo.ca\/\">Big Bad Boo Studios<\/a><\/u><\/strong><\/li><\/ul><p>Rezaei parlera de <em>Bravest Knight<\/em>, une s\u00e9rie d\u2019animation en 13 \u00e9pisodes mettant en vedette un personnage de la communaut\u00e9 LGBTQ, un cultivateur de citrouilles mari\u00e9 \u00e0 un prince, qui veut faire comprendre \u00e0 sa fille ce qu\u2019est la bravoure. (Avec Ru Paul, Christine Baranski, Wanda Sykes, et autres.)<\/p><ul><li><strong>Judith Beauregard, productrice ex\u00e9cutive et co-chef de la direction, <a href=\"https:\/\/tobostudio.com\/\">Tobo <\/a><\/strong><\/li><\/ul><p>Beauregard pr\u00e9sentera <em>Dounia<\/em>, une s\u00e9rie d\u2019animation en six \u00e9pisodes qui explore la crise migratoire et le drame des enfants d\u00e9plac\u00e9s \u00e0 travers le regard d\u2019une jeune fille appel\u00e9e Dounia, qui quitte la Syrie avec ses grands-parents \u00e0 la recherche d\u2019une terre d\u2019accueil.<strong>\u00a0<\/strong><\/p><ul><li><strong>Jerry Thevenet, sc\u00e9nariste, r\u00e9alisateur et producteur autochtone, <a href=\"http:\/\/www.isuma.tv\/jerryco-animation\">JerryCo Animation<\/a><\/strong><\/li><\/ul><p>Thevenet parlera de <em>Dreamcatchers<\/em>, une s\u00e9rie d\u2019\u00ab\u00a0\u00e9co-aventure\u00a0\u00bb en 26 \u00e9pisodes qui raconte les histoires d\u2019un groupe d\u2019enfants autochtones qui utilisent leurs super-pouvoirs ancestraux pour combattre le mal qui a pris la forme d\u2019une grosse compagnie mena\u00e7ant leur mode de vie traditionnel. La s\u00e9rie met en vedette des enfants autochtones et les artistes Shawn Youngchief, Paula Davis et Anne Marchand font les voix hors champ. La s\u00e9rie est offerte en anglais, en fran\u00e7ais et en mi\u2019kmaw.<\/p><ul><li><strong>Colin Van Loon, r\u00e9alisateur, <\/strong><strong><u><a href=\"http:\/\/coyotescience.com\/en\/home\/\">Coyote Science Inc.<\/a><\/u><\/strong><\/li><\/ul><p>Van Loon pr\u00e9sentera la s\u00e9rie d\u2019action r\u00e9elle en 13 \u00e9pisodes <em>Coyote\u2019s Crazy Smart Science Show III<\/em> (Loretta Todd est la cr\u00e9atrice, productrice, sc\u00e9nariste et r\u00e9alisatrice de la s\u00e9rie). Bient\u00f4t de retour pour une troisi\u00e8me saison, et offrant une exp\u00e9rience num\u00e9rique interactive, cette \u00ab\u00a0s\u00e9rie scientifique encourage les jeunes autochtones \u00e0 d\u00e9couvrir le monde de la science d\u2019un point de vue autochtone\u00a0\u00bb et met en vedette des jeunes, des A\u00een\u00e9s et des scientifiques de la communaut\u00e9 autochtone. La s\u00e9rie est offerte en anglais et en hul\u2019qumi\u2019num.<\/p><h3>2) <strong>S\u00e9ance d\u2019accueil pour le MIPCOM au Pavillon du Canada<\/strong><\/h3><p>Si vous ne pouvez assister \u00e0 notre \u00e9v\u00e9nement du MIPJunior, pas de souci! Nos quatre conf\u00e9renciers seront de retour pour discuter de leurs projets devant un public international. Comme toujours, le Pavillon du Canada est l\u2019endroit id\u00e9al pour des rencontres entre les d\u00e9l\u00e9gu\u00e9s internationaux et nos producteurs canadiens.<\/p><h3>3) <strong>Vous avez dit \u00ab\u00a0r\u00e9seautage?\u00a0\u00bb<\/strong><\/h3><p>C\u2019est exact! Pour cr\u00e9er de nouvelles relations d\u2019affaires et maintenir la solidit\u00e9 des r\u00e9seaux entre les producteurs et les dirigeants d\u2019entreprises et nos partenaires internationaux, nous avons pr\u00e9par\u00e9 plusieurs \u00e9v\u00e9nements et activit\u00e9s! En voici un aper\u00e7u\u00a0:<\/p><ul><li>R\u00e9seautage express entre des <b>productrices de la France et du Canada<\/b>, organis\u00e9 en collaboration avec M\u00e9diaclub\u2019Elles. (Cet \u00e9v\u00e9nement est financ\u00e9 par le programme Femmes d\u2019affaires en commerce international d\u2019Affaires mondiales Canada.)<\/li><li>Bonjour, <b>Argentine<\/b>! Comme nous avons un trait\u00e9 de coproduction avec l\u2019Argentine, nous organisons une activit\u00e9 de r\u00e9seautage sp\u00e9ciale au MIPCOM avec l&#8217;Instituto Nacional de Cine y Artes Audiovisuales (INCAA). Apr\u00e8s tout, le Canada adore la coproduction, et nous avons sign\u00e9 des trait\u00e9s avec une soixantaine de pays. Vous aimeriez en savoir plus? Voici <a href=\"https:\/\/stage.rdvcanada.ca\/fr\/succes\/huit-raisons-de-coproduire-avec-le-canada\/\">Huit raisons de coproduire avec le Canada<\/a>.<\/li><li>Nous avons \u00e9galement pr\u00e9vu une activit\u00e9 de <b>r\u00e9seautage avec Creative Europe<\/b>, ax\u00e9e sur le <b>Luxembourg et la Belgique<\/b> (dont le trait\u00e9 comprend maintenant les productions t\u00e9l\u00e9vis\u00e9es).T\u00e9l\u00e9film et le Fonds des m\u00e9dias du Canada aborderont le sujet des trait\u00e9s et encourageront le r\u00e9seautage entre les producteurs.<\/li><\/ul><p>Psst &#8211; tous ces \u00e9v\u00e9nements sont pr\u00e9sent\u00e9s par T\u00e9l\u00e9film Canada et le Fonds des m\u00e9dias du Canada.<\/p><h3>C\u2019est donc un rendez-vous au Pavillon du Canada! Pour les derni\u00e8res nouvelles et tout ce qu\u2019il vous faut savoir, cliquez <a href=\"https:\/\/stage.rdvcanada.ca\/fr\/festivals\/mipcom-2019\/programmation\/\">ici<\/a>.<\/h3>\t\t\t\t\t\t\t\t<\/div>\n\t\t\t\t<\/div>\n\t\t\t\t\t<\/div>\n\t\t<\/div>\n\t\t\t\t\t<\/div>\n\t\t<\/section>\n\t\t\t\t<\/div>\n\t\t","protected":false},"excerpt":{"rendered":"<p>Vous assistez aux MIPJunior et MIPCOM? Le compte \u00e0 rebours&#8230;<\/p>\n","protected":false},"author":150,"featured_media":27629,"comment_status":"closed","ping_status":"open","sticky":false,"template":"","format":"standard","meta":{"_acf_changed":false,"_crdt_document":"","footnotes":""},"categories":[331],"tags":[],"class_list":["post-27617","post","type-post","status-publish","format-standard","has-post-thumbnail","hentry","category-evenements","posts_festivals-mipcom-2019-fr"],"acf":[],"yoast_head":"<!-- This site is optimized with the Yoast SEO plugin v27.5 - https:\/\/yoast.com\/product\/yoast-seo-wordpress\/ -->\n<title>\u00c9v\u00e9nements \u00e0 ne pas manquer aux MIPJunior et MIPCOM 2019! - Industrie Audiovisuelle Canadienne<\/title>\n<meta name=\"description\" content=\"Vous assistez aux MIPJunior et MIPCOM? Le compte \u00e0 rebours est commenc\u00e9 pour ces march\u00e9s du contenu du divertissement qui se succ\u00e8dent \u00e0 Cannes, en\" \/>\n<meta name=\"robots\" content=\"noindex, follow, max-snippet:-1, max-image-preview:large, max-video-preview:-1\" \/>\n<meta property=\"og:locale\" content=\"fr_CA\" \/>\n<meta property=\"og:type\" content=\"article\" \/>\n<meta property=\"og:title\" content=\"\u00c9v\u00e9nements \u00e0 ne pas manquer aux MIPJunior et MIPCOM 2019! - Industrie Audiovisuelle Canadienne\" \/>\n<meta property=\"og:description\" content=\"Vous assistez aux MIPJunior et MIPCOM? Le compte \u00e0 rebours est commenc\u00e9 pour ces march\u00e9s du contenu du divertissement qui se succ\u00e8dent \u00e0 Cannes, en\" \/>\n<meta property=\"og:url\" content=\"https:\/\/stage.rdvcanada.ca\/fr\/evenements\/evenements-a-ne-pas-manquer-aux-mipjunior-et-mipcom-2019\/\" \/>\n<meta property=\"og:site_name\" content=\"RDVCanada.ca\" \/>\n<meta property=\"article:publisher\" content=\"https:\/\/www.facebook.com\/telefilmcanada\" \/>\n<meta property=\"article:published_time\" content=\"2019-09-28T19:30:28+00:00\" \/>\n<meta property=\"article:modified_time\" content=\"2019-10-03T16:13:49+00:00\" \/>\n<meta property=\"og:image\" content=\"https:\/\/stage.rdvcanada.ca\/wp-content\/uploads\/2019\/09\/Mipcom-bg.jpg\" \/>\n\t<meta property=\"og:image:width\" content=\"1920\" \/>\n\t<meta property=\"og:image:height\" content=\"800\" \/>\n\t<meta property=\"og:image:type\" content=\"image\/jpeg\" \/>\n<meta name=\"author\" content=\"Sandrine Couture\" \/>\n<meta name=\"twitter:card\" content=\"summary_large_image\" \/>\n<meta name=\"twitter:creator\" content=\"@Telefilm_Canada\" \/>\n<meta name=\"twitter:site\" content=\"@Telefilm_Canada\" \/>\n<meta name=\"twitter:label1\" content=\"\u00c9crit par\" \/>\n\t<meta name=\"twitter:data1\" content=\"Sandrine Couture\" \/>\n\t<meta name=\"twitter:label2\" content=\"Estimation du temps de lecture\" \/>\n\t<meta name=\"twitter:data2\" content=\"4 minutes\" \/>\n<script type=\"application\/ld+json\" class=\"yoast-schema-graph\">{\n\t    \"@context\": \"https:\\\/\\\/schema.org\",\n\t    \"@graph\": [\n\t        {\n\t            \"@type\": \"Article\",\n\t            \"@id\": \"https:\\\/\\\/stage.rdvcanada.ca\\\/fr\\\/evenements\\\/evenements-a-ne-pas-manquer-aux-mipjunior-et-mipcom-2019\\\/#article\",\n\t            \"isPartOf\": {\n\t                \"@id\": \"https:\\\/\\\/stage.rdvcanada.ca\\\/fr\\\/evenements\\\/evenements-a-ne-pas-manquer-aux-mipjunior-et-mipcom-2019\\\/\"\n\t            },\n\t            \"author\": {\n\t                \"name\": \"Sandrine Couture\",\n\t                \"@id\": \"https:\\\/\\\/stage.rdvcanada.ca\\\/en\\\/#\\\/schema\\\/person\\\/854b83df133706ec69e3612f46d84934\"\n\t            },\n\t            \"headline\": \"\u00c9v\u00e9nements \u00e0 ne pas manquer aux MIPJunior et MIPCOM 2019!\",\n\t            \"datePublished\": \"2019-09-28T19:30:28+00:00\",\n\t            \"dateModified\": \"2019-10-03T16:13:49+00:00\",\n\t            \"mainEntityOfPage\": {\n\t                \"@id\": \"https:\\\/\\\/stage.rdvcanada.ca\\\/fr\\\/evenements\\\/evenements-a-ne-pas-manquer-aux-mipjunior-et-mipcom-2019\\\/\"\n\t            },\n\t            \"wordCount\": 880,\n\t            \"image\": {\n\t                \"@id\": \"https:\\\/\\\/stage.rdvcanada.ca\\\/fr\\\/evenements\\\/evenements-a-ne-pas-manquer-aux-mipjunior-et-mipcom-2019\\\/#primaryimage\"\n\t            },\n\t            \"thumbnailUrl\": \"https:\\\/\\\/stage.rdvcanada.ca\\\/wp-content\\\/uploads\\\/2019\\\/09\\\/Mipcom-bg.jpg\",\n\t            \"articleSection\": [\n\t                \"\u00c9v\u00e9nements\"\n\t            ],\n\t            \"inLanguage\": \"fr-CA\"\n\t        },\n\t        {\n\t            \"@type\": \"WebPage\",\n\t            \"@id\": \"https:\\\/\\\/stage.rdvcanada.ca\\\/fr\\\/evenements\\\/evenements-a-ne-pas-manquer-aux-mipjunior-et-mipcom-2019\\\/\",\n\t            \"url\": \"https:\\\/\\\/stage.rdvcanada.ca\\\/fr\\\/evenements\\\/evenements-a-ne-pas-manquer-aux-mipjunior-et-mipcom-2019\\\/\",\n\t            \"name\": \"\u00c9v\u00e9nements \u00e0 ne pas manquer aux MIPJunior et MIPCOM 2019! - Industrie Audiovisuelle Canadienne\",\n\t            \"isPartOf\": {\n\t                \"@id\": \"https:\\\/\\\/stage.rdvcanada.ca\\\/en\\\/#website\"\n\t            },\n\t            \"primaryImageOfPage\": {\n\t                \"@id\": \"https:\\\/\\\/stage.rdvcanada.ca\\\/fr\\\/evenements\\\/evenements-a-ne-pas-manquer-aux-mipjunior-et-mipcom-2019\\\/#primaryimage\"\n\t            },\n\t            \"image\": {\n\t                \"@id\": \"https:\\\/\\\/stage.rdvcanada.ca\\\/fr\\\/evenements\\\/evenements-a-ne-pas-manquer-aux-mipjunior-et-mipcom-2019\\\/#primaryimage\"\n\t            },\n\t            \"thumbnailUrl\": \"https:\\\/\\\/stage.rdvcanada.ca\\\/wp-content\\\/uploads\\\/2019\\\/09\\\/Mipcom-bg.jpg\",\n\t            \"datePublished\": \"2019-09-28T19:30:28+00:00\",\n\t            \"dateModified\": \"2019-10-03T16:13:49+00:00\",\n\t            \"author\": {\n\t                \"@id\": \"https:\\\/\\\/stage.rdvcanada.ca\\\/en\\\/#\\\/schema\\\/person\\\/854b83df133706ec69e3612f46d84934\"\n\t            },\n\t            \"description\": \"Vous assistez aux MIPJunior et MIPCOM? Le compte \u00e0 rebours est commenc\u00e9 pour ces march\u00e9s du contenu du divertissement qui se succ\u00e8dent \u00e0 Cannes, en\",\n\t            \"breadcrumb\": {\n\t                \"@id\": \"https:\\\/\\\/stage.rdvcanada.ca\\\/fr\\\/evenements\\\/evenements-a-ne-pas-manquer-aux-mipjunior-et-mipcom-2019\\\/#breadcrumb\"\n\t            },\n\t            \"inLanguage\": \"fr-CA\",\n\t            \"potentialAction\": [\n\t                {\n\t                    \"@type\": \"ReadAction\",\n\t                    \"target\": [\n\t                        \"https:\\\/\\\/stage.rdvcanada.ca\\\/fr\\\/evenements\\\/evenements-a-ne-pas-manquer-aux-mipjunior-et-mipcom-2019\\\/\"\n\t                    ]\n\t                }\n\t            ]\n\t        },\n\t        {\n\t            \"@type\": \"ImageObject\",\n\t            \"inLanguage\": \"fr-CA\",\n\t            \"@id\": \"https:\\\/\\\/stage.rdvcanada.ca\\\/fr\\\/evenements\\\/evenements-a-ne-pas-manquer-aux-mipjunior-et-mipcom-2019\\\/#primaryimage\",\n\t            \"url\": \"https:\\\/\\\/stage.rdvcanada.ca\\\/wp-content\\\/uploads\\\/2019\\\/09\\\/Mipcom-bg.jpg\",\n\t            \"contentUrl\": \"https:\\\/\\\/stage.rdvcanada.ca\\\/wp-content\\\/uploads\\\/2019\\\/09\\\/Mipcom-bg.jpg\",\n\t            \"width\": 1920,\n\t            \"height\": 800\n\t        },\n\t        {\n\t            \"@type\": \"BreadcrumbList\",\n\t            \"@id\": \"https:\\\/\\\/stage.rdvcanada.ca\\\/fr\\\/evenements\\\/evenements-a-ne-pas-manquer-aux-mipjunior-et-mipcom-2019\\\/#breadcrumb\",\n\t            \"itemListElement\": [\n\t                {\n\t                    \"@type\": \"ListItem\",\n\t                    \"position\": 1,\n\t                    \"name\": \"Home\",\n\t                    \"item\": \"https:\\\/\\\/stage.rdvcanada.ca\\\/en\\\/\"\n\t                },\n\t                {\n\t                    \"@type\": \"ListItem\",\n\t                    \"position\": 2,\n\t                    \"name\": \"\u00c9v\u00e9nements \u00e0 ne pas manquer aux MIPJunior et MIPCOM 2019!\"\n\t                }\n\t            ]\n\t        },\n\t        {\n\t            \"@type\": \"WebSite\",\n\t            \"@id\": \"https:\\\/\\\/stage.rdvcanada.ca\\\/en\\\/#website\",\n\t            \"url\": \"https:\\\/\\\/stage.rdvcanada.ca\\\/en\\\/\",\n\t            \"name\": \"RDVCanada.ca\",\n\t            \"description\": \"VOIR GRAND. D\u00e9couvrez le meilleur du talent Canadien \u00e0 travers le monde.\",\n\t            \"potentialAction\": [\n\t                {\n\t                    \"@type\": \"SearchAction\",\n\t                    \"target\": {\n\t                        \"@type\": \"EntryPoint\",\n\t                        \"urlTemplate\": \"https:\\\/\\\/stage.rdvcanada.ca\\\/en\\\/?s={search_term_string}\"\n\t                    },\n\t                    \"query-input\": {\n\t                        \"@type\": \"PropertyValueSpecification\",\n\t                        \"valueRequired\": true,\n\t                        \"valueName\": \"search_term_string\"\n\t                    }\n\t                }\n\t            ],\n\t            \"inLanguage\": \"fr-CA\"\n\t        },\n\t        {\n\t            \"@type\": \"Person\",\n\t            \"@id\": \"https:\\\/\\\/stage.rdvcanada.ca\\\/en\\\/#\\\/schema\\\/person\\\/854b83df133706ec69e3612f46d84934\",\n\t            \"name\": \"Sandrine Couture\"\n\t        }\n\t    ]\n\t}<\/script>\n<!-- \/ Yoast SEO plugin. -->","yoast_head_json":{"title":"\u00c9v\u00e9nements \u00e0 ne pas manquer aux MIPJunior et MIPCOM 2019! - Industrie Audiovisuelle Canadienne","description":"Vous assistez aux MIPJunior et MIPCOM? Le compte \u00e0 rebours est commenc\u00e9 pour ces march\u00e9s du contenu du divertissement qui se succ\u00e8dent \u00e0 Cannes, en","robots":{"index":"noindex","follow":"follow","max-snippet":"max-snippet:-1","max-image-preview":"max-image-preview:large","max-video-preview":"max-video-preview:-1"},"og_locale":"fr_CA","og_type":"article","og_title":"\u00c9v\u00e9nements \u00e0 ne pas manquer aux MIPJunior et MIPCOM 2019! - Industrie Audiovisuelle Canadienne","og_description":"Vous assistez aux MIPJunior et MIPCOM? Le compte \u00e0 rebours est commenc\u00e9 pour ces march\u00e9s du contenu du divertissement qui se succ\u00e8dent \u00e0 Cannes, en","og_url":"https:\/\/stage.rdvcanada.ca\/fr\/evenements\/evenements-a-ne-pas-manquer-aux-mipjunior-et-mipcom-2019\/","og_site_name":"RDVCanada.ca","article_publisher":"https:\/\/www.facebook.com\/telefilmcanada","article_published_time":"2019-09-28T19:30:28+00:00","article_modified_time":"2019-10-03T16:13:49+00:00","og_image":[{"width":1920,"height":800,"url":"https:\/\/stage.rdvcanada.ca\/wp-content\/uploads\/2019\/09\/Mipcom-bg.jpg","type":"image\/jpeg"}],"author":"Sandrine Couture","twitter_card":"summary_large_image","twitter_creator":"@Telefilm_Canada","twitter_site":"@Telefilm_Canada","twitter_misc":{"\u00c9crit par":"Sandrine Couture","Estimation du temps de lecture":"4 minutes"},"schema":{"@context":"https:\/\/schema.org","@graph":[{"@type":"Article","@id":"https:\/\/stage.rdvcanada.ca\/fr\/evenements\/evenements-a-ne-pas-manquer-aux-mipjunior-et-mipcom-2019\/#article","isPartOf":{"@id":"https:\/\/stage.rdvcanada.ca\/fr\/evenements\/evenements-a-ne-pas-manquer-aux-mipjunior-et-mipcom-2019\/"},"author":{"name":"Sandrine Couture","@id":"https:\/\/stage.rdvcanada.ca\/en\/#\/schema\/person\/854b83df133706ec69e3612f46d84934"},"headline":"\u00c9v\u00e9nements \u00e0 ne pas manquer aux MIPJunior et MIPCOM 2019!","datePublished":"2019-09-28T19:30:28+00:00","dateModified":"2019-10-03T16:13:49+00:00","mainEntityOfPage":{"@id":"https:\/\/stage.rdvcanada.ca\/fr\/evenements\/evenements-a-ne-pas-manquer-aux-mipjunior-et-mipcom-2019\/"},"wordCount":880,"image":{"@id":"https:\/\/stage.rdvcanada.ca\/fr\/evenements\/evenements-a-ne-pas-manquer-aux-mipjunior-et-mipcom-2019\/#primaryimage"},"thumbnailUrl":"https:\/\/stage.rdvcanada.ca\/wp-content\/uploads\/2019\/09\/Mipcom-bg.jpg","articleSection":["\u00c9v\u00e9nements"],"inLanguage":"fr-CA"},{"@type":"WebPage","@id":"https:\/\/stage.rdvcanada.ca\/fr\/evenements\/evenements-a-ne-pas-manquer-aux-mipjunior-et-mipcom-2019\/","url":"https:\/\/stage.rdvcanada.ca\/fr\/evenements\/evenements-a-ne-pas-manquer-aux-mipjunior-et-mipcom-2019\/","name":"\u00c9v\u00e9nements \u00e0 ne pas manquer aux MIPJunior et MIPCOM 2019! - Industrie Audiovisuelle Canadienne","isPartOf":{"@id":"https:\/\/stage.rdvcanada.ca\/en\/#website"},"primaryImageOfPage":{"@id":"https:\/\/stage.rdvcanada.ca\/fr\/evenements\/evenements-a-ne-pas-manquer-aux-mipjunior-et-mipcom-2019\/#primaryimage"},"image":{"@id":"https:\/\/stage.rdvcanada.ca\/fr\/evenements\/evenements-a-ne-pas-manquer-aux-mipjunior-et-mipcom-2019\/#primaryimage"},"thumbnailUrl":"https:\/\/stage.rdvcanada.ca\/wp-content\/uploads\/2019\/09\/Mipcom-bg.jpg","datePublished":"2019-09-28T19:30:28+00:00","dateModified":"2019-10-03T16:13:49+00:00","author":{"@id":"https:\/\/stage.rdvcanada.ca\/en\/#\/schema\/person\/854b83df133706ec69e3612f46d84934"},"description":"Vous assistez aux MIPJunior et MIPCOM? Le compte \u00e0 rebours est commenc\u00e9 pour ces march\u00e9s du contenu du divertissement qui se succ\u00e8dent \u00e0 Cannes, en","breadcrumb":{"@id":"https:\/\/stage.rdvcanada.ca\/fr\/evenements\/evenements-a-ne-pas-manquer-aux-mipjunior-et-mipcom-2019\/#breadcrumb"},"inLanguage":"fr-CA","potentialAction":[{"@type":"ReadAction","target":["https:\/\/stage.rdvcanada.ca\/fr\/evenements\/evenements-a-ne-pas-manquer-aux-mipjunior-et-mipcom-2019\/"]}]},{"@type":"ImageObject","inLanguage":"fr-CA","@id":"https:\/\/stage.rdvcanada.ca\/fr\/evenements\/evenements-a-ne-pas-manquer-aux-mipjunior-et-mipcom-2019\/#primaryimage","url":"https:\/\/stage.rdvcanada.ca\/wp-content\/uploads\/2019\/09\/Mipcom-bg.jpg","contentUrl":"https:\/\/stage.rdvcanada.ca\/wp-content\/uploads\/2019\/09\/Mipcom-bg.jpg","width":1920,"height":800},{"@type":"BreadcrumbList","@id":"https:\/\/stage.rdvcanada.ca\/fr\/evenements\/evenements-a-ne-pas-manquer-aux-mipjunior-et-mipcom-2019\/#breadcrumb","itemListElement":[{"@type":"ListItem","position":1,"name":"Home","item":"https:\/\/stage.rdvcanada.ca\/en\/"},{"@type":"ListItem","position":2,"name":"\u00c9v\u00e9nements \u00e0 ne pas manquer aux MIPJunior et MIPCOM 2019!"}]},{"@type":"WebSite","@id":"https:\/\/stage.rdvcanada.ca\/en\/#website","url":"https:\/\/stage.rdvcanada.ca\/en\/","name":"RDVCanada.ca","description":"VOIR GRAND. D\u00e9couvrez le meilleur du talent Canadien \u00e0 travers le monde.","potentialAction":[{"@type":"SearchAction","target":{"@type":"EntryPoint","urlTemplate":"https:\/\/stage.rdvcanada.ca\/en\/?s={search_term_string}"},"query-input":{"@type":"PropertyValueSpecification","valueRequired":true,"valueName":"search_term_string"}}],"inLanguage":"fr-CA"},{"@type":"Person","@id":"https:\/\/stage.rdvcanada.ca\/en\/#\/schema\/person\/854b83df133706ec69e3612f46d84934","name":"Sandrine Couture"}]}},"_links":{"self":[{"href":"https:\/\/stage.rdvcanada.ca\/fr\/wp-json\/wp\/v2\/posts\/27617","targetHints":{"allow":["GET"]}}],"collection":[{"href":"https:\/\/stage.rdvcanada.ca\/fr\/wp-json\/wp\/v2\/posts"}],"about":[{"href":"https:\/\/stage.rdvcanada.ca\/fr\/wp-json\/wp\/v2\/types\/post"}],"author":[{"embeddable":true,"href":"https:\/\/stage.rdvcanada.ca\/fr\/wp-json\/wp\/v2\/users\/150"}],"replies":[{"embeddable":true,"href":"https:\/\/stage.rdvcanada.ca\/fr\/wp-json\/wp\/v2\/comments?post=27617"}],"version-history":[{"count":0,"href":"https:\/\/stage.rdvcanada.ca\/fr\/wp-json\/wp\/v2\/posts\/27617\/revisions"}],"wp:featuredmedia":[{"embeddable":true,"href":"https:\/\/stage.rdvcanada.ca\/fr\/wp-json\/wp\/v2\/media\/27629"}],"wp:attachment":[{"href":"https:\/\/stage.rdvcanada.ca\/fr\/wp-json\/wp\/v2\/media?parent=27617"}],"wp:term":[{"taxonomy":"category","embeddable":true,"href":"https:\/\/stage.rdvcanada.ca\/fr\/wp-json\/wp\/v2\/categories?post=27617"},{"taxonomy":"post_tag","embeddable":true,"href":"https:\/\/stage.rdvcanada.ca\/fr\/wp-json\/wp\/v2\/tags?post=27617"}],"curies":[{"name":"wp","href":"https:\/\/api.w.org\/{rel}","templated":true}]}}