{"id":27814,"date":"2019-10-29T16:44:07","date_gmt":"2019-10-29T20:44:07","guid":{"rendered":"https:\/\/stage.rdvcanada.ca\/evenements\/eurimages-turns-30-announces-projects-selected-for-funding-this-year\/"},"modified":"2019-10-29T16:54:42","modified_gmt":"2019-10-29T20:54:42","slug":"eurimages-souffle-ses-30-bougies-et-annonce-les-projets-quelle-financera","status":"publish","type":"post","link":"https:\/\/stage.rdvcanada.ca\/fr\/pleins-feux\/eurimages-souffle-ses-30-bougies-et-annonce-les-projets-quelle-financera\/","title":{"rendered":"Eurimages souffle ses 30 bougies et annonce les projets qu\u2019elle financera"},"content":{"rendered":"\t\t<div data-elementor-type=\"wp-post\" data-elementor-id=\"27814\" class=\"elementor elementor-27814 elementor-27805\" data-elementor-post-type=\"post\">\n\t\t\t\t\t\t<section class=\"elementor-section elementor-top-section elementor-element elementor-element-74eeb9b2 elementor-section-boxed elementor-section-height-default elementor-section-height-default\" data-id=\"74eeb9b2\" data-element_type=\"section\" data-e-type=\"section\">\n\t\t\t\t\t\t<div class=\"elementor-container elementor-column-gap-default\">\n\t\t\t\t\t<div class=\"elementor-column elementor-col-100 elementor-top-column elementor-element elementor-element-1ac6bf76\" data-id=\"1ac6bf76\" data-element_type=\"column\" data-e-type=\"column\">\n\t\t\t<div class=\"elementor-widget-wrap elementor-element-populated\">\n\t\t\t\t\t\t<div class=\"elementor-element elementor-element-33d0338d elementor-widget elementor-widget-text-editor\" data-id=\"33d0338d\" data-element_type=\"widget\" data-e-type=\"widget\" data-widget_type=\"text-editor.default\">\n\t\t\t\t<div class=\"elementor-widget-container\">\n\t\t\t\t\t\t\t\t\t<h3>\u00c0 l\u2019occasion de son 30<sup>e<\/sup> anniversaire, <a href=\"https:\/\/www.coe.int\/fr\/web\/eurimages\">Eurimages<\/a> a annonc\u00e9 la s\u00e9lection de projets qu\u2019elle financera durant l\u2019ann\u00e9e lors de la 156<sup>e<\/sup> r\u00e9union de son comit\u00e9 de direction, qui s\u2019est tenue \u00e0 Strasbourg, en France, du 13 au 18 octobre 2019.<\/h3><p>La coproduction est dans l\u2019ADN du Canada, et c\u2019est l\u2019une des raisons pour lesquelles nous adh\u00e9rons avec enthousiasme \u00e0 Eurimages, le Fonds culturel du Conseil de l\u2019Europe. En fait, en 2017, le Canada est devenu le premier pays non europ\u00e9en \u00e0 se joindre \u00e0 Eurimages \u00e0 titre de membre associ\u00e9. D\u00e8s l\u2019ann\u00e9e suivante, <a href=\"https:\/\/stage.rdvcanada.ca\/fr\/evenements\/faits-saillants-de-la-reunion-deurimages\/\">Montr\u00e9al a \u00e9t\u00e9 la ville h\u00f4te de la 151<sup>e<\/sup> r\u00e9union du comit\u00e9 de direction d\u2019Eurimages<\/a>!<\/p><p>Notre participation \u00e0 Eurimages est l\u2019une de nos principales ressources pour ouvrir des portes sur le monde \u00e0 notre industrie audiovisuelle nationale, sur les plans du financement, des possibilit\u00e9s d\u2019exportation et des partenariats commerciaux et cr\u00e9atifs. (Nous aimons faire affaire avec des partenaires internationaux et nous avons conclu des <a href=\"https:\/\/telefilm.ca\/fr\/coproduction\/traites-internationaux-et-protocoles-dententes\">trait\u00e9s internationaux et des protocoles d\u2019ententes<\/a> avec pr\u00e8s de 60 pays de par le monde.)<\/p><p>Bien qu\u2019aucun projet canadien n\u2019ait \u00e9t\u00e9 s\u00e9lectionn\u00e9 cette ann\u00e9e pour un financement d\u2019Eurimages, trois distributeurs canadiens, Elevation Pictures, MK2 l MILE END et K-Films Am\u00e9rique, recevront une aide au chapitre des <a href=\"https:\/\/rm.coe.int\/regulations-2019-distribution-support-programme-support-for-marketing-\/1680943aa6\">co\u00fbts de mark\u00e9ting et de publicit\u00e9<\/a> dans le cadre du Programme de soutien \u00e0 la distribution, et ce, pour quatre films admissibles. Pour en savoir plus sur ces films, consultez le communiqu\u00e9 officiel en <a href=\"https:\/\/rm.coe.int\/05-2019-eurimages-support-decisions-156-meeting\/1680985b1e\">cliquant ici<\/a>!<\/p><p>Encore un d\u00e9tail en terminant : depuis sa fondation en 1988, Eurimages a financ\u00e9 2\u00a0047 coproductions \u00e0 hauteur de 597 millions d\u2019euros!<\/p>\t\t\t\t\t\t\t\t<\/div>\n\t\t\t\t<\/div>\n\t\t\t\t\t<\/div>\n\t\t<\/div>\n\t\t\t\t\t<\/div>\n\t\t<\/section>\n\t\t\t\t<\/div>\n\t\t","protected":false},"excerpt":{"rendered":"<p>\u00c0 l\u2019occasion de son 30e anniversaire, Eurimages a annonc\u00e9 la&#8230;<\/p>\n","protected":false},"author":150,"featured_media":27812,"comment_status":"closed","ping_status":"open","sticky":false,"template":"","format":"standard","meta":{"_acf_changed":false,"_crdt_document":"","footnotes":""},"categories":[333],"tags":[],"class_list":["post-27814","post","type-post","status-publish","format-standard","has-post-thumbnail","hentry","category-pleins-feux"],"acf":[],"yoast_head":"<!-- This site is optimized with the Yoast SEO plugin v27.5 - https:\/\/yoast.com\/product\/yoast-seo-wordpress\/ -->\n<title>Eurimages souffle ses 30 bougies et annonce les projets qu\u2019elle financera - Industrie Audiovisuelle Canadienne<\/title>\n<meta name=\"description\" content=\"\u00c0 l\u2019occasion de son 30e anniversaire, Eurimages a annonc\u00e9 la s\u00e9lection de projets qu\u2019elle financera durant l\u2019ann\u00e9e lors de la 156e r\u00e9union de son comit\u00e9\" \/>\n<meta name=\"robots\" content=\"noindex, follow, max-snippet:-1, max-image-preview:large, max-video-preview:-1\" \/>\n<meta property=\"og:locale\" content=\"fr_CA\" \/>\n<meta property=\"og:type\" content=\"article\" \/>\n<meta property=\"og:title\" content=\"Eurimages souffle ses 30 bougies et annonce les projets qu\u2019elle financera - Industrie Audiovisuelle Canadienne\" \/>\n<meta property=\"og:description\" content=\"\u00c0 l\u2019occasion de son 30e anniversaire, Eurimages a annonc\u00e9 la s\u00e9lection de projets qu\u2019elle financera durant l\u2019ann\u00e9e lors de la 156e r\u00e9union de son comit\u00e9\" \/>\n<meta property=\"og:url\" content=\"https:\/\/stage.rdvcanada.ca\/fr\/pleins-feux\/eurimages-souffle-ses-30-bougies-et-annonce-les-projets-quelle-financera\/\" \/>\n<meta property=\"og:site_name\" content=\"RDVCanada.ca\" \/>\n<meta property=\"article:publisher\" content=\"https:\/\/www.facebook.com\/telefilmcanada\" \/>\n<meta property=\"article:published_time\" content=\"2019-10-29T20:44:07+00:00\" \/>\n<meta property=\"article:modified_time\" content=\"2019-10-29T20:54:42+00:00\" \/>\n<meta property=\"og:image\" content=\"https:\/\/stage.rdvcanada.ca\/wp-content\/uploads\/2019\/10\/Eurimages-1920-800-1.jpg\" \/>\n\t<meta property=\"og:image:width\" content=\"1920\" \/>\n\t<meta property=\"og:image:height\" content=\"800\" \/>\n\t<meta property=\"og:image:type\" content=\"image\/jpeg\" \/>\n<meta name=\"author\" content=\"Sandrine Couture\" \/>\n<meta name=\"twitter:card\" content=\"summary_large_image\" \/>\n<meta name=\"twitter:creator\" content=\"@Telefilm_Canada\" \/>\n<meta name=\"twitter:site\" content=\"@Telefilm_Canada\" \/>\n<meta name=\"twitter:label1\" content=\"\u00c9crit par\" \/>\n\t<meta name=\"twitter:data1\" content=\"Sandrine Couture\" \/>\n\t<meta name=\"twitter:label2\" content=\"Estimation du temps de lecture\" \/>\n\t<meta name=\"twitter:data2\" content=\"1 minute\" \/>\n<script type=\"application\/ld+json\" class=\"yoast-schema-graph\">{\n\t    \"@context\": \"https:\\\/\\\/schema.org\",\n\t    \"@graph\": [\n\t        {\n\t            \"@type\": \"Article\",\n\t            \"@id\": \"https:\\\/\\\/stage.rdvcanada.ca\\\/fr\\\/pleins-feux\\\/eurimages-souffle-ses-30-bougies-et-annonce-les-projets-quelle-financera\\\/#article\",\n\t            \"isPartOf\": {\n\t                \"@id\": \"https:\\\/\\\/stage.rdvcanada.ca\\\/fr\\\/pleins-feux\\\/eurimages-souffle-ses-30-bougies-et-annonce-les-projets-quelle-financera\\\/\"\n\t            },\n\t            \"author\": {\n\t                \"name\": \"Sandrine Couture\",\n\t                \"@id\": \"https:\\\/\\\/stage.rdvcanada.ca\\\/en\\\/#\\\/schema\\\/person\\\/854b83df133706ec69e3612f46d84934\"\n\t            },\n\t            \"headline\": \"Eurimages souffle ses 30 bougies et annonce les projets qu\u2019elle financera\",\n\t            \"datePublished\": \"2019-10-29T20:44:07+00:00\",\n\t            \"dateModified\": \"2019-10-29T20:54:42+00:00\",\n\t            \"mainEntityOfPage\": {\n\t                \"@id\": \"https:\\\/\\\/stage.rdvcanada.ca\\\/fr\\\/pleins-feux\\\/eurimages-souffle-ses-30-bougies-et-annonce-les-projets-quelle-financera\\\/\"\n\t            },\n\t            \"wordCount\": 290,\n\t            \"image\": {\n\t                \"@id\": \"https:\\\/\\\/stage.rdvcanada.ca\\\/fr\\\/pleins-feux\\\/eurimages-souffle-ses-30-bougies-et-annonce-les-projets-quelle-financera\\\/#primaryimage\"\n\t            },\n\t            \"thumbnailUrl\": \"https:\\\/\\\/stage.rdvcanada.ca\\\/wp-content\\\/uploads\\\/2019\\\/10\\\/Eurimages-1920-800-1.jpg\",\n\t            \"articleSection\": [\n\t                \"Pleins feux\"\n\t            ],\n\t            \"inLanguage\": \"fr-CA\"\n\t        },\n\t        {\n\t            \"@type\": \"WebPage\",\n\t            \"@id\": \"https:\\\/\\\/stage.rdvcanada.ca\\\/fr\\\/pleins-feux\\\/eurimages-souffle-ses-30-bougies-et-annonce-les-projets-quelle-financera\\\/\",\n\t            \"url\": \"https:\\\/\\\/stage.rdvcanada.ca\\\/fr\\\/pleins-feux\\\/eurimages-souffle-ses-30-bougies-et-annonce-les-projets-quelle-financera\\\/\",\n\t            \"name\": \"Eurimages souffle ses 30 bougies et annonce les projets qu\u2019elle financera - Industrie Audiovisuelle Canadienne\",\n\t            \"isPartOf\": {\n\t                \"@id\": \"https:\\\/\\\/stage.rdvcanada.ca\\\/en\\\/#website\"\n\t            },\n\t            \"primaryImageOfPage\": {\n\t                \"@id\": \"https:\\\/\\\/stage.rdvcanada.ca\\\/fr\\\/pleins-feux\\\/eurimages-souffle-ses-30-bougies-et-annonce-les-projets-quelle-financera\\\/#primaryimage\"\n\t            },\n\t            \"image\": {\n\t                \"@id\": \"https:\\\/\\\/stage.rdvcanada.ca\\\/fr\\\/pleins-feux\\\/eurimages-souffle-ses-30-bougies-et-annonce-les-projets-quelle-financera\\\/#primaryimage\"\n\t            },\n\t            \"thumbnailUrl\": \"https:\\\/\\\/stage.rdvcanada.ca\\\/wp-content\\\/uploads\\\/2019\\\/10\\\/Eurimages-1920-800-1.jpg\",\n\t            \"datePublished\": \"2019-10-29T20:44:07+00:00\",\n\t            \"dateModified\": \"2019-10-29T20:54:42+00:00\",\n\t            \"author\": {\n\t                \"@id\": \"https:\\\/\\\/stage.rdvcanada.ca\\\/en\\\/#\\\/schema\\\/person\\\/854b83df133706ec69e3612f46d84934\"\n\t            },\n\t            \"description\": \"\u00c0 l\u2019occasion de son 30e anniversaire, Eurimages a annonc\u00e9 la s\u00e9lection de projets qu\u2019elle financera durant l\u2019ann\u00e9e lors de la 156e r\u00e9union de son comit\u00e9\",\n\t            \"breadcrumb\": {\n\t                \"@id\": \"https:\\\/\\\/stage.rdvcanada.ca\\\/fr\\\/pleins-feux\\\/eurimages-souffle-ses-30-bougies-et-annonce-les-projets-quelle-financera\\\/#breadcrumb\"\n\t            },\n\t            \"inLanguage\": \"fr-CA\",\n\t            \"potentialAction\": [\n\t                {\n\t                    \"@type\": \"ReadAction\",\n\t                    \"target\": [\n\t                        \"https:\\\/\\\/stage.rdvcanada.ca\\\/fr\\\/pleins-feux\\\/eurimages-souffle-ses-30-bougies-et-annonce-les-projets-quelle-financera\\\/\"\n\t                    ]\n\t                }\n\t            ]\n\t        },\n\t        {\n\t            \"@type\": \"ImageObject\",\n\t            \"inLanguage\": \"fr-CA\",\n\t            \"@id\": \"https:\\\/\\\/stage.rdvcanada.ca\\\/fr\\\/pleins-feux\\\/eurimages-souffle-ses-30-bougies-et-annonce-les-projets-quelle-financera\\\/#primaryimage\",\n\t            \"url\": \"https:\\\/\\\/stage.rdvcanada.ca\\\/wp-content\\\/uploads\\\/2019\\\/10\\\/Eurimages-1920-800-1.jpg\",\n\t            \"contentUrl\": \"https:\\\/\\\/stage.rdvcanada.ca\\\/wp-content\\\/uploads\\\/2019\\\/10\\\/Eurimages-1920-800-1.jpg\",\n\t            \"width\": 1920,\n\t            \"height\": 800\n\t        },\n\t        {\n\t            \"@type\": \"BreadcrumbList\",\n\t            \"@id\": \"https:\\\/\\\/stage.rdvcanada.ca\\\/fr\\\/pleins-feux\\\/eurimages-souffle-ses-30-bougies-et-annonce-les-projets-quelle-financera\\\/#breadcrumb\",\n\t            \"itemListElement\": [\n\t                {\n\t                    \"@type\": \"ListItem\",\n\t                    \"position\": 1,\n\t                    \"name\": \"Home\",\n\t                    \"item\": \"https:\\\/\\\/stage.rdvcanada.ca\\\/en\\\/\"\n\t                },\n\t                {\n\t                    \"@type\": \"ListItem\",\n\t                    \"position\": 2,\n\t                    \"name\": \"Eurimages souffle ses 30 bougies et annonce les projets qu\u2019elle financera\"\n\t                }\n\t            ]\n\t        },\n\t        {\n\t            \"@type\": \"WebSite\",\n\t            \"@id\": \"https:\\\/\\\/stage.rdvcanada.ca\\\/en\\\/#website\",\n\t            \"url\": \"https:\\\/\\\/stage.rdvcanada.ca\\\/en\\\/\",\n\t            \"name\": \"RDVCanada.ca\",\n\t            \"description\": \"VOIR GRAND. D\u00e9couvrez le meilleur du talent Canadien \u00e0 travers le monde.\",\n\t            \"potentialAction\": [\n\t                {\n\t                    \"@type\": \"SearchAction\",\n\t                    \"target\": {\n\t                        \"@type\": \"EntryPoint\",\n\t                        \"urlTemplate\": \"https:\\\/\\\/stage.rdvcanada.ca\\\/en\\\/?s={search_term_string}\"\n\t                    },\n\t                    \"query-input\": {\n\t                        \"@type\": \"PropertyValueSpecification\",\n\t                        \"valueRequired\": true,\n\t                        \"valueName\": \"search_term_string\"\n\t                    }\n\t                }\n\t            ],\n\t            \"inLanguage\": \"fr-CA\"\n\t        },\n\t        {\n\t            \"@type\": \"Person\",\n\t            \"@id\": \"https:\\\/\\\/stage.rdvcanada.ca\\\/en\\\/#\\\/schema\\\/person\\\/854b83df133706ec69e3612f46d84934\",\n\t            \"name\": \"Sandrine Couture\"\n\t        }\n\t    ]\n\t}<\/script>\n<!-- \/ Yoast SEO plugin. -->","yoast_head_json":{"title":"Eurimages souffle ses 30 bougies et annonce les projets qu\u2019elle financera - Industrie Audiovisuelle Canadienne","description":"\u00c0 l\u2019occasion de son 30e anniversaire, Eurimages a annonc\u00e9 la s\u00e9lection de projets qu\u2019elle financera durant l\u2019ann\u00e9e lors de la 156e r\u00e9union de son comit\u00e9","robots":{"index":"noindex","follow":"follow","max-snippet":"max-snippet:-1","max-image-preview":"max-image-preview:large","max-video-preview":"max-video-preview:-1"},"og_locale":"fr_CA","og_type":"article","og_title":"Eurimages souffle ses 30 bougies et annonce les projets qu\u2019elle financera - Industrie Audiovisuelle Canadienne","og_description":"\u00c0 l\u2019occasion de son 30e anniversaire, Eurimages a annonc\u00e9 la s\u00e9lection de projets qu\u2019elle financera durant l\u2019ann\u00e9e lors de la 156e r\u00e9union de son comit\u00e9","og_url":"https:\/\/stage.rdvcanada.ca\/fr\/pleins-feux\/eurimages-souffle-ses-30-bougies-et-annonce-les-projets-quelle-financera\/","og_site_name":"RDVCanada.ca","article_publisher":"https:\/\/www.facebook.com\/telefilmcanada","article_published_time":"2019-10-29T20:44:07+00:00","article_modified_time":"2019-10-29T20:54:42+00:00","og_image":[{"width":1920,"height":800,"url":"https:\/\/stage.rdvcanada.ca\/wp-content\/uploads\/2019\/10\/Eurimages-1920-800-1.jpg","type":"image\/jpeg"}],"author":"Sandrine Couture","twitter_card":"summary_large_image","twitter_creator":"@Telefilm_Canada","twitter_site":"@Telefilm_Canada","twitter_misc":{"\u00c9crit par":"Sandrine Couture","Estimation du temps de lecture":"1 minute"},"schema":{"@context":"https:\/\/schema.org","@graph":[{"@type":"Article","@id":"https:\/\/stage.rdvcanada.ca\/fr\/pleins-feux\/eurimages-souffle-ses-30-bougies-et-annonce-les-projets-quelle-financera\/#article","isPartOf":{"@id":"https:\/\/stage.rdvcanada.ca\/fr\/pleins-feux\/eurimages-souffle-ses-30-bougies-et-annonce-les-projets-quelle-financera\/"},"author":{"name":"Sandrine Couture","@id":"https:\/\/stage.rdvcanada.ca\/en\/#\/schema\/person\/854b83df133706ec69e3612f46d84934"},"headline":"Eurimages souffle ses 30 bougies et annonce les projets qu\u2019elle financera","datePublished":"2019-10-29T20:44:07+00:00","dateModified":"2019-10-29T20:54:42+00:00","mainEntityOfPage":{"@id":"https:\/\/stage.rdvcanada.ca\/fr\/pleins-feux\/eurimages-souffle-ses-30-bougies-et-annonce-les-projets-quelle-financera\/"},"wordCount":290,"image":{"@id":"https:\/\/stage.rdvcanada.ca\/fr\/pleins-feux\/eurimages-souffle-ses-30-bougies-et-annonce-les-projets-quelle-financera\/#primaryimage"},"thumbnailUrl":"https:\/\/stage.rdvcanada.ca\/wp-content\/uploads\/2019\/10\/Eurimages-1920-800-1.jpg","articleSection":["Pleins feux"],"inLanguage":"fr-CA"},{"@type":"WebPage","@id":"https:\/\/stage.rdvcanada.ca\/fr\/pleins-feux\/eurimages-souffle-ses-30-bougies-et-annonce-les-projets-quelle-financera\/","url":"https:\/\/stage.rdvcanada.ca\/fr\/pleins-feux\/eurimages-souffle-ses-30-bougies-et-annonce-les-projets-quelle-financera\/","name":"Eurimages souffle ses 30 bougies et annonce les projets qu\u2019elle financera - Industrie Audiovisuelle Canadienne","isPartOf":{"@id":"https:\/\/stage.rdvcanada.ca\/en\/#website"},"primaryImageOfPage":{"@id":"https:\/\/stage.rdvcanada.ca\/fr\/pleins-feux\/eurimages-souffle-ses-30-bougies-et-annonce-les-projets-quelle-financera\/#primaryimage"},"image":{"@id":"https:\/\/stage.rdvcanada.ca\/fr\/pleins-feux\/eurimages-souffle-ses-30-bougies-et-annonce-les-projets-quelle-financera\/#primaryimage"},"thumbnailUrl":"https:\/\/stage.rdvcanada.ca\/wp-content\/uploads\/2019\/10\/Eurimages-1920-800-1.jpg","datePublished":"2019-10-29T20:44:07+00:00","dateModified":"2019-10-29T20:54:42+00:00","author":{"@id":"https:\/\/stage.rdvcanada.ca\/en\/#\/schema\/person\/854b83df133706ec69e3612f46d84934"},"description":"\u00c0 l\u2019occasion de son 30e anniversaire, Eurimages a annonc\u00e9 la s\u00e9lection de projets qu\u2019elle financera durant l\u2019ann\u00e9e lors de la 156e r\u00e9union de son comit\u00e9","breadcrumb":{"@id":"https:\/\/stage.rdvcanada.ca\/fr\/pleins-feux\/eurimages-souffle-ses-30-bougies-et-annonce-les-projets-quelle-financera\/#breadcrumb"},"inLanguage":"fr-CA","potentialAction":[{"@type":"ReadAction","target":["https:\/\/stage.rdvcanada.ca\/fr\/pleins-feux\/eurimages-souffle-ses-30-bougies-et-annonce-les-projets-quelle-financera\/"]}]},{"@type":"ImageObject","inLanguage":"fr-CA","@id":"https:\/\/stage.rdvcanada.ca\/fr\/pleins-feux\/eurimages-souffle-ses-30-bougies-et-annonce-les-projets-quelle-financera\/#primaryimage","url":"https:\/\/stage.rdvcanada.ca\/wp-content\/uploads\/2019\/10\/Eurimages-1920-800-1.jpg","contentUrl":"https:\/\/stage.rdvcanada.ca\/wp-content\/uploads\/2019\/10\/Eurimages-1920-800-1.jpg","width":1920,"height":800},{"@type":"BreadcrumbList","@id":"https:\/\/stage.rdvcanada.ca\/fr\/pleins-feux\/eurimages-souffle-ses-30-bougies-et-annonce-les-projets-quelle-financera\/#breadcrumb","itemListElement":[{"@type":"ListItem","position":1,"name":"Home","item":"https:\/\/stage.rdvcanada.ca\/en\/"},{"@type":"ListItem","position":2,"name":"Eurimages souffle ses 30 bougies et annonce les projets qu\u2019elle financera"}]},{"@type":"WebSite","@id":"https:\/\/stage.rdvcanada.ca\/en\/#website","url":"https:\/\/stage.rdvcanada.ca\/en\/","name":"RDVCanada.ca","description":"VOIR GRAND. D\u00e9couvrez le meilleur du talent Canadien \u00e0 travers le monde.","potentialAction":[{"@type":"SearchAction","target":{"@type":"EntryPoint","urlTemplate":"https:\/\/stage.rdvcanada.ca\/en\/?s={search_term_string}"},"query-input":{"@type":"PropertyValueSpecification","valueRequired":true,"valueName":"search_term_string"}}],"inLanguage":"fr-CA"},{"@type":"Person","@id":"https:\/\/stage.rdvcanada.ca\/en\/#\/schema\/person\/854b83df133706ec69e3612f46d84934","name":"Sandrine Couture"}]}},"_links":{"self":[{"href":"https:\/\/stage.rdvcanada.ca\/fr\/wp-json\/wp\/v2\/posts\/27814","targetHints":{"allow":["GET"]}}],"collection":[{"href":"https:\/\/stage.rdvcanada.ca\/fr\/wp-json\/wp\/v2\/posts"}],"about":[{"href":"https:\/\/stage.rdvcanada.ca\/fr\/wp-json\/wp\/v2\/types\/post"}],"author":[{"embeddable":true,"href":"https:\/\/stage.rdvcanada.ca\/fr\/wp-json\/wp\/v2\/users\/150"}],"replies":[{"embeddable":true,"href":"https:\/\/stage.rdvcanada.ca\/fr\/wp-json\/wp\/v2\/comments?post=27814"}],"version-history":[{"count":0,"href":"https:\/\/stage.rdvcanada.ca\/fr\/wp-json\/wp\/v2\/posts\/27814\/revisions"}],"wp:featuredmedia":[{"embeddable":true,"href":"https:\/\/stage.rdvcanada.ca\/fr\/wp-json\/wp\/v2\/media\/27812"}],"wp:attachment":[{"href":"https:\/\/stage.rdvcanada.ca\/fr\/wp-json\/wp\/v2\/media?parent=27814"}],"wp:term":[{"taxonomy":"category","embeddable":true,"href":"https:\/\/stage.rdvcanada.ca\/fr\/wp-json\/wp\/v2\/categories?post=27814"},{"taxonomy":"post_tag","embeddable":true,"href":"https:\/\/stage.rdvcanada.ca\/fr\/wp-json\/wp\/v2\/tags?post=27814"}],"curies":[{"name":"wp","href":"https:\/\/api.w.org\/{rel}","templated":true}]}}