{"id":3355,"date":"2018-01-22T10:34:46","date_gmt":"2018-01-22T15:34:46","guid":{"rendered":"https:\/\/stage.rdvcanada.ca\/?p=3355"},"modified":"2018-01-30T10:14:38","modified_gmt":"2018-01-30T15:14:38","slug":"le-canada-bien-en-vue-a-sundance-et-a-slamdance-cette-annee","status":"publish","type":"post","link":"https:\/\/stage.rdvcanada.ca\/fr\/evenements\/le-canada-bien-en-vue-a-sundance-et-a-slamdance-cette-annee\/","title":{"rendered":"Le Canada bien en vue \u00e0 Sundance et \u00e0 Slamdance cette ann\u00e9e!"},"content":{"rendered":"\t\t<div data-elementor-type=\"wp-post\" data-elementor-id=\"3355\" class=\"elementor elementor-3355 elementor-3352 elementor-bc-flex-widget\" data-elementor-post-type=\"post\">\n\t\t\t\t\t\t<section class=\"elementor-section elementor-top-section elementor-element elementor-element-0649c9e elementor-section-boxed elementor-section-height-default elementor-section-height-default\" data-id=\"0649c9e\" data-element_type=\"section\" data-e-type=\"section\">\n\t\t\t\t\t\t<div class=\"elementor-container elementor-column-gap-default\">\n\t\t\t\t\t<div class=\"elementor-column elementor-col-100 elementor-top-column elementor-element elementor-element-beabfce\" data-id=\"beabfce\" data-element_type=\"column\" data-e-type=\"column\">\n\t\t\t<div class=\"elementor-widget-wrap elementor-element-populated\">\n\t\t\t\t\t\t\t<\/div>\n\t\t<\/div>\n\t\t\t\t\t<\/div>\n\t\t<\/section>\n\t\t\t\t<section class=\"elementor-section elementor-top-section elementor-element elementor-element-7ee89ec8 elementor-section-boxed elementor-section-height-default elementor-section-height-default\" data-id=\"7ee89ec8\" data-element_type=\"section\" data-e-type=\"section\">\n\t\t\t\t\t\t<div class=\"elementor-container elementor-column-gap-default\">\n\t\t\t\t\t<div class=\"elementor-column elementor-col-100 elementor-top-column elementor-element elementor-element-3cc73379\" data-id=\"3cc73379\" data-element_type=\"column\" data-e-type=\"column\">\n\t\t\t<div class=\"elementor-widget-wrap elementor-element-populated\">\n\t\t\t\t\t\t<div class=\"elementor-element elementor-element-cb02a76 elementor-widget elementor-widget-text-editor\" data-id=\"cb02a76\" data-element_type=\"widget\" data-e-type=\"widget\" data-widget_type=\"text-editor.default\">\n\t\t\t\t<div class=\"elementor-widget-container\">\n\t\t\t\t\t\t\t\t\t<h2>Attention, Park City, Utah. Le Canada est l\u00e0! En effet, la pr\u00e9sence de T\u00e9l\u00e9film Canada ne passera pas inaper\u00e7ue aux festivals de\u00a0<strong><a href=\"https:\/\/www.sundance.org\/festivals\/sundance-film-festival\/\">Sundance<\/a><\/strong>\u00a0et de\u00a0<strong><a href=\"http:\/\/www.slamdance.com\/\">Slamdance<\/a><\/strong>\u00a0cette ann\u00e9e.<\/h2><h5 id=\"nous-y-debarquons-avec-une-delegation-de-80-canadiens-et-nous-avons-tout-un-programme-pour-vous-19-films\">Nous y d\u00e9barquons avec une d\u00e9l\u00e9gation de 80 Canadiens. Et nous avons tout un programme pour vous\u00a0: 19 films!<\/h5><p>\u00c0 l&#8217;agenda? Treize courts et six longs m\u00e9trages, dont deux documentaires canadiens (pr\u00e9sent\u00e9s en premi\u00e8re mondiale), ainsi que deux projets de r\u00e9alit\u00e9 virtuelle!<span style=\"font-size: 1.125rem;\">\u00a0Nous<\/span><span style=\"font-size: 1.125rem;\">\u00a0sommes \u00e9galement tr\u00e8s fiers de souligner que deux des 12 films en lice dans la\u00a0World Cinema Documentary Competition\u00a0de Sundance ont \u00e9t\u00e9 r\u00e9alis\u00e9s par des Canadiens!\u00a0<\/span><\/p><h5 id=\"decouvrons-ensemble-ce-que-nous-reserve-la-delegation-canadienne-cette-annee\">D\u00e9couvrons ensemble ce que nous r\u00e9serve la d\u00e9l\u00e9gation canadienne cette ann\u00e9e.<\/h5><ul><li><strong><a href=\"https:\/\/www.sundance.org\/projects\/anote-s-ark#\/\"><em>Anote&#8217;s Ark<\/em><\/a><\/strong>\u00a0(EyeSteelFilm) de Matthieu Rytz parle des r\u00e9percussions des changements climatiques sur la nation Kiribati du Pacifique Sud qui pourrait bient\u00f4t \u00eatre submerg\u00e9e en raison de la hausse du niveau de la mer.<\/li><li>Toujours dans le cadre de la\u00a0World Cinema Documentary Competition, on retrouve\u00a0<strong><a href=\"https:\/\/www.sundance.org\/projects\/the-oslo-diaries#\/\"><em>The Oslo Diaries<\/em><\/a><\/strong>\u00a0(Intuitive Pictures &amp; Medalia Productions) de Mor Loushy et Daniel Sivan. Ce film revient sur les r\u00e9unions secr\u00e8tes qui ont eu lieu en Norv\u00e8ge en 1992 entre les n\u00e9gociateurs isra\u00e9liens et palestiniens pour en arriver \u00e0 un accord de paix.\u00a0<\/li><li>N\u2019oublions pas\u00a0<strong><a style=\"background-color: #ffffff; font-size: 1.125rem;\" href=\"https:\/\/www.sundance.org\/projects\/un-traductor\"><em>Un Traductor<\/em><\/a><\/strong><span style=\"font-size: 1.125rem;\"><strong>\u00a0<\/strong>qui est pr\u00e9sent\u00e9 dans le cadre du volet\u00a0<\/span>World Cinema Dramatic Competition<span style=\"font-size: 1.125rem;\">\u00a0du festival. Ce premier long m\u00e9trage des r\u00e9alisateurs Sebasti\u00e1n Barriuso et Rodrigo Barriuso, raconte l\u2019histoire vraie d\u2019un professeur qui doit servir de traducteur aupr\u00e8s de victimes de Tchernobyl et de leurs familles envoy\u00e9es \u00e0 Cuba en 1989. <\/span><\/li><li><span style=\"font-size: 1.125rem;\">Puis, c\u2019est dans le volet\u00a0<\/span>Midnight<span style=\"font-size: 1.125rem;\">\u00a0du festival qu\u2019est pr\u00e9sent\u00e9\u00a0<\/span><a href=\"https:\/\/www.sundance.org\/projects\/summer-of-84#\/\"><strong><em>Summer of &#8217;84<\/em><\/strong><\/a><span style=\"font-size: 1.125rem;\">, un film d\u2019horreur o\u00f9 un groupe d\u2019adolescents soup\u00e7onnent un policier d\u2019\u00eatre un tueur en s\u00e9rie. Ce dernier a \u00e9t\u00e9 r\u00e9alis\u00e9 par les Qu\u00e9b\u00e9cois Anouk Whissell, Fran\u00e7ois Simard et Yoann-Karl Whissell, connus pour leur grand succ\u00e8s de 2015,\u00a0<\/span><em style=\"font-size: 1.125rem;\">Turbo Kid.<\/em><\/li><\/ul><h5>Le studio de r\u00e9alit\u00e9 virtuelle cin\u00e9matographique de Montr\u00e9al Felix &amp; Paul pr\u00e9sente deux projets de r\u00e9alit\u00e9 virtuelle dans le volet\u00a0<span style=\"font-weight: bold;\">New Frontier &#8211; VR Experiences<\/span>\u00a0de Sundance.<strong>\u00a0<\/strong><\/h5><ul><li><strong><a href=\"https:\/\/www.sundance.org\/projects\/isle-of-dogs-behind-the-scenes-in-virtual-reality\"><em>Isle of Dogs Behind the Scenes (in Virtual Reality)<\/em><\/a><\/strong>\u00a0de Fe\u0301lix Lajeunesse, Paul Rapha\u00ebl et l\u2019\u00e9quipe de production de\u00a0<em>The Isle of Dogs<\/em>\u00a0(R.-U.) ponctue le nouveau film d\u2019animation de Wes Anderson d\u2019entrevues avec les personnages canins auxquels les acteurs du film pr\u00eatent leur voix (dont Bill Murray, Edward Norton et Scarlett Johansson, pour n\u2019en nommer que quelques-uns).<\/li><li>Sera \u00e9galement pr\u00e9sent\u00e9 dans le volet New Frontier \u2013 VR, le documentaire de Fe\u0301lix Lajeunesse et Paul Rapha\u00ebl intitul\u00e9\u00a0<a href=\"https:\/\/www.sundance.org\/projects\/space-explorers-a-new-dawn\"><em><strong>Space Explorers: A New Dawn<\/strong><\/em><\/a>, au sujet d\u2019astronautes qui explorent l\u2019espace<\/li><\/ul>\t\t\t\t\t\t\t\t<\/div>\n\t\t\t\t<\/div>\n\t\t\t\t\t<\/div>\n\t\t<\/div>\n\t\t\t\t\t<\/div>\n\t\t<\/section>\n\t\t\t\t<section class=\"elementor-section elementor-top-section elementor-element elementor-element-61bac74c elementor-section-boxed elementor-section-height-default elementor-section-height-default\" data-id=\"61bac74c\" data-element_type=\"section\" data-e-type=\"section\">\n\t\t\t\t\t\t<div class=\"elementor-container elementor-column-gap-default\">\n\t\t\t\t\t<div class=\"elementor-column elementor-col-50 elementor-top-column elementor-element elementor-element-5492c7d5\" data-id=\"5492c7d5\" data-element_type=\"column\" data-e-type=\"column\">\n\t\t\t<div class=\"elementor-widget-wrap elementor-element-populated\">\n\t\t\t\t\t\t<div class=\"elementor-element elementor-element-118ad9d2 elementor-widget elementor-widget-text-editor\" data-id=\"118ad9d2\" data-element_type=\"widget\" data-e-type=\"widget\" data-widget_type=\"text-editor.default\">\n\t\t\t\t<div class=\"elementor-widget-container\">\n\t\t\t\t\t\t\t\t\t<h5 id=\"nos-courts-metragistes-rayonnent\">Nos courts m\u00e9tragistes rayonnent<\/h5><p>Sept courts m\u00e9trages canadiens ont \u00e9t\u00e9 s\u00e9lectionn\u00e9s dans la cat\u00e9gorie\u00a0<em>International Competition Shorts<\/em>\u00a0de Sundance\u00a0:<\/p><ul><li><a href=\"http:\/\/www.sundance.org\/projects\/fauve\"><em>Fauve<\/em><\/a> de J\u00e9r\u00e9my Comte<\/li><li><a href=\"http:\/\/www.sundance.org\/projects\/for-nonna-anna\"><em>For Nonna Anna<\/em><\/a> de Luis De Filippis<\/li><li><a href=\"http:\/\/www.sundance.org\/projects\/hedgehog-s-home\"><em>Hedgehog&#8217;s Home<\/em><\/a> d\u2019Eva Cvijanovi\u0107<\/li><li><a href=\"http:\/\/www.sundance.org\/projects\/i-like-girls#\/\"><em>I Like Girls<\/em><\/a> de Diane Obomsawin<\/li><li><a href=\"http:\/\/www.sundance.org\/projects\/manivald\"><em>Manivald<\/em><\/a> de Chintis Lundgren<\/li><li><a href=\"http:\/\/www.sundance.org\/projects\/my-dead-dad-s-porno-tapes\"><em>My Dead Dad&#8217;s Porno Tapes<\/em><\/a> de Charlie Tyrell<\/li><li><a href=\"http:\/\/www.sundance.org\/projects\/nuuca\"><em>Nuuca<\/em><\/a> de Michelle Latimer<\/li><\/ul>\t\t\t\t\t\t\t\t<\/div>\n\t\t\t\t<\/div>\n\t\t\t\t\t<\/div>\n\t\t<\/div>\n\t\t\t\t<div class=\"elementor-column elementor-col-50 elementor-top-column elementor-element elementor-element-54765b8c\" data-id=\"54765b8c\" data-element_type=\"column\" data-e-type=\"column\">\n\t\t\t<div class=\"elementor-widget-wrap elementor-element-populated\">\n\t\t\t\t\t\t<div class=\"elementor-element elementor-element-1201813 elementor-widget elementor-widget-spacer\" data-id=\"1201813\" data-element_type=\"widget\" data-e-type=\"widget\" data-widget_type=\"spacer.default\">\n\t\t\t\t<div class=\"elementor-widget-container\">\n\t\t\t\t\t\t\t<div class=\"elementor-spacer\">\n\t\t\t<div class=\"elementor-spacer-inner\"><\/div>\n\t\t<\/div>\n\t\t\t\t\t\t<\/div>\n\t\t\t\t<\/div>\n\t\t\t\t<div class=\"elementor-element elementor-element-60eeea6 elementor-widget elementor-widget-video\" data-id=\"60eeea6\" data-element_type=\"widget\" data-e-type=\"widget\" data-settings=\"{&quot;youtube_url&quot;:&quot;https:\\\/\\\/www.youtube.com\\\/watch?v=UE2_maYEqF8&quot;,&quot;video_type&quot;:&quot;youtube&quot;,&quot;controls&quot;:&quot;yes&quot;}\" data-widget_type=\"video.default\">\n\t\t\t\t<div class=\"elementor-widget-container\">\n\t\t\t\t\t\t\t<div class=\"elementor-wrapper elementor-open-inline\">\n\t\t\t<div class=\"elementor-video\"><\/div>\t\t<\/div>\n\t\t\t\t\t\t<\/div>\n\t\t\t\t<\/div>\n\t\t\t\t\t<\/div>\n\t\t<\/div>\n\t\t\t\t\t<\/div>\n\t\t<\/section>\n\t\t\t\t<section class=\"elementor-section elementor-top-section elementor-element elementor-element-abbc7a0 elementor-section-boxed elementor-section-height-default elementor-section-height-default\" data-id=\"abbc7a0\" data-element_type=\"section\" data-e-type=\"section\">\n\t\t\t\t\t\t<div class=\"elementor-container elementor-column-gap-default\">\n\t\t\t\t\t<div class=\"elementor-column elementor-col-100 elementor-top-column elementor-element elementor-element-48f9d23\" data-id=\"48f9d23\" data-element_type=\"column\" data-e-type=\"column\">\n\t\t\t<div class=\"elementor-widget-wrap elementor-element-populated\">\n\t\t\t\t\t\t<div class=\"elementor-element elementor-element-a1c6057 elementor-widget elementor-widget-text-editor\" data-id=\"a1c6057\" data-element_type=\"widget\" data-e-type=\"widget\" data-widget_type=\"text-editor.default\">\n\t\t\t\t<div class=\"elementor-widget-container\">\n\t\t\t\t\t\t\t\t\t<h5><strong>Les six courts m\u00e9trages canadiens pr\u00e9sent\u00e9s \u00e0 Slamdance ont \u00e9t\u00e9 r\u00e9alis\u00e9s par des femmes! <\/strong><\/h5><p>Les cin\u00e9astes du Canada \u2013 particuli\u00e8rement les femmes \u2013 font aussi beaucoup de vagues au <a href=\"http:\/\/showcase.slamdance.com\/Film-Festival\">Slamdance Film Festival<\/a>, qui se tient du 19 au 25 janvier 2018. Cette ann\u00e9e, six courts m\u00e9trages canadiens ont \u00e9t\u00e9 s\u00e9lectionn\u00e9s pour Slamdance \u2013 tous r\u00e9alis\u00e9s par des femmes\u00a0:<\/p>\t\t\t\t\t\t\t\t<\/div>\n\t\t\t\t<\/div>\n\t\t\t\t\t<\/div>\n\t\t<\/div>\n\t\t\t\t\t<\/div>\n\t\t<\/section>\n\t\t\t\t<section class=\"elementor-section elementor-top-section elementor-element elementor-element-2498a379 elementor-section-boxed elementor-section-height-default elementor-section-height-default\" data-id=\"2498a379\" data-element_type=\"section\" data-e-type=\"section\">\n\t\t\t\t\t\t<div class=\"elementor-container elementor-column-gap-default\">\n\t\t\t\t\t<div class=\"elementor-column elementor-col-50 elementor-top-column elementor-element elementor-element-5a8cc279\" data-id=\"5a8cc279\" data-element_type=\"column\" data-e-type=\"column\">\n\t\t\t<div class=\"elementor-widget-wrap elementor-element-populated\">\n\t\t\t\t\t\t<div class=\"elementor-element elementor-element-91ff22a elementor-widget elementor-widget-spacer\" data-id=\"91ff22a\" data-element_type=\"widget\" data-e-type=\"widget\" data-widget_type=\"spacer.default\">\n\t\t\t\t<div class=\"elementor-widget-container\">\n\t\t\t\t\t\t\t<div class=\"elementor-spacer\">\n\t\t\t<div class=\"elementor-spacer-inner\"><\/div>\n\t\t<\/div>\n\t\t\t\t\t\t<\/div>\n\t\t\t\t<\/div>\n\t\t\t\t<div class=\"elementor-element elementor-element-e67dd95 elementor-widget elementor-widget-video\" data-id=\"e67dd95\" data-element_type=\"widget\" data-e-type=\"widget\" data-settings=\"{&quot;youtube_url&quot;:&quot;https:\\\/\\\/www.youtube.com\\\/watch?v=6B46J7fY4PY&quot;,&quot;video_type&quot;:&quot;youtube&quot;,&quot;controls&quot;:&quot;yes&quot;}\" data-widget_type=\"video.default\">\n\t\t\t\t<div class=\"elementor-widget-container\">\n\t\t\t\t\t\t\t<div class=\"elementor-wrapper elementor-open-inline\">\n\t\t\t<div class=\"elementor-video\"><\/div>\t\t<\/div>\n\t\t\t\t\t\t<\/div>\n\t\t\t\t<\/div>\n\t\t\t\t\t<\/div>\n\t\t<\/div>\n\t\t\t\t<div class=\"elementor-column elementor-col-50 elementor-top-column elementor-element elementor-element-155f13d7\" data-id=\"155f13d7\" data-element_type=\"column\" data-e-type=\"column\">\n\t\t\t<div class=\"elementor-widget-wrap elementor-element-populated\">\n\t\t\t\t\t\t<div class=\"elementor-element elementor-element-3ca921bc elementor-widget elementor-widget-text-editor\" data-id=\"3ca921bc\" data-element_type=\"widget\" data-e-type=\"widget\" data-widget_type=\"text-editor.default\">\n\t\t\t\t<div class=\"elementor-widget-container\">\n\t\t\t\t\t\t\t\t\t<ul><li><a href=\"http:\/\/showcase.slamdance.com\/Film-Schedule\"><em>Do I Have Boobs Now ?\u00a0<\/em><\/a>de Milena Salazar et Joella Cabalu<\/li><li><a href=\"http:\/\/showcase.slamdance.com\/Film-Schedule\"><em>IRIS<\/em><\/a> (<em>Paupi\u00e8re mauve<\/em>) de Gabrielle Demers<\/li><li><a href=\"http:\/\/showcase.slamdance.com\/Film-Schedule\"><em>Rupture<\/em><\/a> de Yassmina Karajah<\/li><li><a href=\"http:\/\/showcase.slamdance.com\/Film-Schedule\"><em>Slap Happy<\/em><\/a> de Madeleine Sims-Fewer et Dusty Mancinelli<\/li><li><a href=\"http:\/\/showcase.slamdance.com\/Film-Schedule\"><em>The Knits<\/em><\/a> de Lisa Birke<\/li><li><a href=\"http:\/\/showcase.slamdance.com\/Film-Schedule\"><em>The Things You Think I\u2019m Thinking<\/em><\/a> de Sherren Lee<\/li><\/ul>\t\t\t\t\t\t\t\t<\/div>\n\t\t\t\t<\/div>\n\t\t\t\t\t<\/div>\n\t\t<\/div>\n\t\t\t\t\t<\/div>\n\t\t<\/section>\n\t\t\t\t<section class=\"elementor-section elementor-top-section elementor-element elementor-element-3d6583f elementor-section-boxed elementor-section-height-default elementor-section-height-default\" data-id=\"3d6583f\" data-element_type=\"section\" data-e-type=\"section\">\n\t\t\t\t\t\t<div class=\"elementor-container elementor-column-gap-default\">\n\t\t\t\t\t<div class=\"elementor-column elementor-col-100 elementor-top-column elementor-element elementor-element-04dfdce\" data-id=\"04dfdce\" data-element_type=\"column\" data-e-type=\"column\">\n\t\t\t<div class=\"elementor-widget-wrap elementor-element-populated\">\n\t\t\t\t\t\t<div class=\"elementor-element elementor-element-30701c1 elementor-widget elementor-widget-text-editor\" data-id=\"30701c1\" data-element_type=\"widget\" data-e-type=\"widget\" data-widget_type=\"text-editor.default\">\n\t\t\t\t<div class=\"elementor-widget-container\">\n\t\t\t\t\t\t\t\t\t<p>Dernier point, mais non le moindre, deux longs m\u00e9trages canadiens ont \u00e9t\u00e9 choisis pour faire partie de la Narrative Features Competition de Slamdance\u00a0: <strong><a href=\"http:\/\/showcase.slamdance.com\/Film-Schedule\"><em>M\/M<\/em><\/a><\/strong>, de Drew Lint, et<strong> <a href=\"http:\/\/showcase.slamdance.com\/Film-Schedule\"><em>Fake Tattoos<\/em><\/a> <\/strong>(<em>Les faux tatouages<\/em>), de Pascal Plante, lequel a b\u00e9n\u00e9fici\u00e9 du <strong><a href=\"https:\/\/telefilm.ca\/fr\/financement\/talents-en-vue\">Programme Talent en vue soutenu par le Fonds des talents.<\/a> <\/strong>Apr\u00e8s Slamdance, cette histoire d\u2019amour \u00e0 saveur punk entre deux adolescents sera pr\u00e9sent\u00e9e en premi\u00e8re europ\u00e9enne \u00e0 la Berlinale!<\/p><p>Rendez-vous \u00e0 Park City pour rencontrer nos cin\u00e9astes fantastiques!<\/p>\t\t\t\t\t\t\t\t<\/div>\n\t\t\t\t<\/div>\n\t\t\t\t\t<\/div>\n\t\t<\/div>\n\t\t\t\t\t<\/div>\n\t\t<\/section>\n\t\t\t\t<section class=\"elementor-section elementor-top-section elementor-element elementor-element-6ff1ae8e elementor-section-boxed elementor-section-height-default elementor-section-height-default\" data-id=\"6ff1ae8e\" data-element_type=\"section\" data-e-type=\"section\">\n\t\t\t\t\t\t<div class=\"elementor-container elementor-column-gap-default\">\n\t\t\t\t\t<div class=\"elementor-column elementor-col-100 elementor-top-column elementor-element elementor-element-1c98128\" data-id=\"1c98128\" data-element_type=\"column\" data-e-type=\"column\">\n\t\t\t<div class=\"elementor-widget-wrap\">\n\t\t\t\t\t\t\t<\/div>\n\t\t<\/div>\n\t\t\t\t\t<\/div>\n\t\t<\/section>\n\t\t\t\t<\/div>\n\t\t","protected":false},"excerpt":{"rendered":"<p>Attention, Park City, Utah. Le Canada est l\u00e0! En effet, la pr\u00e9sence deT\u00e9l\u00e9film Canada ne passera pas inaper\u00e7ue aux festivals de\u00a0Sundance\u00a0et de\u00a0Slamdance\u00a0cette ann\u00e9e. Nous y d\u00e9barquons avec une d\u00e9l\u00e9gation de 80 Canadiens. Et nous avons tout un programme pour vous&#8230;<\/p>\n","protected":false},"author":17,"featured_media":0,"comment_status":"open","ping_status":"open","sticky":false,"template":"","format":"standard","meta":{"_acf_changed":false,"_crdt_document":"","footnotes":""},"categories":[331,334],"tags":[],"class_list":["post-3355","post","type-post","status-publish","format-standard","hentry","category-evenements","category-succes","posts_festivals-sundance-fr"],"acf":[],"yoast_head":"<!-- This site is optimized with the Yoast SEO plugin v27.5 - https:\/\/yoast.com\/product\/yoast-seo-wordpress\/ -->\n<title>Le Canada bien en vue \u00e0 Sundance et \u00e0 Slamdance cette ann\u00e9e! - Industrie Audiovisuelle Canadienne<\/title>\n<meta name=\"description\" content=\"Attention, Park City, Utah. Le Canada est l\u00e0! En effet, la pr\u00e9sence deT\u00e9l\u00e9film Canada ne passera pas inaper\u00e7ue aux festivals de\u00a0Sundance\u00a0et de\u00a0Slamdance\u00a0cette ann\u00e9e. Nous y d\u00e9barquons avec une d\u00e9l\u00e9gation de 80 Canadiens. Et nous avons tout un programme pour vous...\" \/>\n<meta name=\"robots\" content=\"noindex, follow, max-snippet:-1, max-image-preview:large, max-video-preview:-1\" \/>\n<meta property=\"og:locale\" content=\"fr_CA\" \/>\n<meta property=\"og:type\" content=\"article\" \/>\n<meta property=\"og:title\" content=\"Le Canada bien en vue \u00e0 Sundance et \u00e0 Slamdance cette ann\u00e9e! - Industrie Audiovisuelle Canadienne\" \/>\n<meta property=\"og:description\" content=\"Attention, Park City, Utah. Le Canada est l\u00e0! En effet, la pr\u00e9sence deT\u00e9l\u00e9film Canada ne passera pas inaper\u00e7ue aux festivals de\u00a0Sundance\u00a0et de\u00a0Slamdance\u00a0cette ann\u00e9e. Nous y d\u00e9barquons avec une d\u00e9l\u00e9gation de 80 Canadiens. Et nous avons tout un programme pour vous...\" \/>\n<meta property=\"og:url\" content=\"https:\/\/stage.rdvcanada.ca\/fr\/evenements\/le-canada-bien-en-vue-a-sundance-et-a-slamdance-cette-annee\/\" \/>\n<meta property=\"og:site_name\" content=\"RDVCanada.ca\" \/>\n<meta property=\"article:publisher\" content=\"https:\/\/www.facebook.com\/telefilmcanada\" \/>\n<meta property=\"article:published_time\" content=\"2018-01-22T15:34:46+00:00\" \/>\n<meta property=\"article:modified_time\" content=\"2018-01-30T15:14:38+00:00\" \/>\n<meta name=\"author\" content=\"MF\" \/>\n<meta name=\"twitter:card\" content=\"summary_large_image\" \/>\n<meta name=\"twitter:creator\" content=\"@Telefilm_Canada\" \/>\n<meta name=\"twitter:site\" content=\"@Telefilm_Canada\" \/>\n<meta name=\"twitter:label1\" content=\"\u00c9crit par\" \/>\n\t<meta name=\"twitter:data1\" content=\"MF\" \/>\n\t<meta name=\"twitter:label2\" content=\"Estimation du temps de lecture\" \/>\n\t<meta name=\"twitter:data2\" content=\"4 minutes\" \/>\n<script type=\"application\/ld+json\" class=\"yoast-schema-graph\">{\n\t    \"@context\": \"https:\\\/\\\/schema.org\",\n\t    \"@graph\": [\n\t        {\n\t            \"@type\": \"Article\",\n\t            \"@id\": \"https:\\\/\\\/stage.rdvcanada.ca\\\/fr\\\/evenements\\\/le-canada-bien-en-vue-a-sundance-et-a-slamdance-cette-annee\\\/#article\",\n\t            \"isPartOf\": {\n\t                \"@id\": \"https:\\\/\\\/stage.rdvcanada.ca\\\/fr\\\/evenements\\\/le-canada-bien-en-vue-a-sundance-et-a-slamdance-cette-annee\\\/\"\n\t            },\n\t            \"author\": {\n\t                \"name\": \"MF\",\n\t                \"@id\": \"https:\\\/\\\/stage.rdvcanada.ca\\\/en\\\/#\\\/schema\\\/person\\\/974d174eafb0c9e906d2979ca4ed5280\"\n\t            },\n\t            \"headline\": \"Le Canada bien en vue \u00e0 Sundance et \u00e0 Slamdance cette ann\u00e9e!\",\n\t            \"datePublished\": \"2018-01-22T15:34:46+00:00\",\n\t            \"dateModified\": \"2018-01-30T15:14:38+00:00\",\n\t            \"mainEntityOfPage\": {\n\t                \"@id\": \"https:\\\/\\\/stage.rdvcanada.ca\\\/fr\\\/evenements\\\/le-canada-bien-en-vue-a-sundance-et-a-slamdance-cette-annee\\\/\"\n\t            },\n\t            \"wordCount\": 768,\n\t            \"commentCount\": 0,\n\t            \"articleSection\": [\n\t                \"\u00c9v\u00e9nements\",\n\t                \"Succ\u00e8s\"\n\t            ],\n\t            \"inLanguage\": \"fr-CA\",\n\t            \"potentialAction\": [\n\t                {\n\t                    \"@type\": \"CommentAction\",\n\t                    \"name\": \"Comment\",\n\t                    \"target\": [\n\t                        \"https:\\\/\\\/stage.rdvcanada.ca\\\/fr\\\/evenements\\\/le-canada-bien-en-vue-a-sundance-et-a-slamdance-cette-annee\\\/#respond\"\n\t                    ]\n\t                }\n\t            ]\n\t        },\n\t        {\n\t            \"@type\": \"WebPage\",\n\t            \"@id\": \"https:\\\/\\\/stage.rdvcanada.ca\\\/fr\\\/evenements\\\/le-canada-bien-en-vue-a-sundance-et-a-slamdance-cette-annee\\\/\",\n\t            \"url\": \"https:\\\/\\\/stage.rdvcanada.ca\\\/fr\\\/evenements\\\/le-canada-bien-en-vue-a-sundance-et-a-slamdance-cette-annee\\\/\",\n\t            \"name\": \"Le Canada bien en vue \u00e0 Sundance et \u00e0 Slamdance cette ann\u00e9e! - Industrie Audiovisuelle Canadienne\",\n\t            \"isPartOf\": {\n\t                \"@id\": \"https:\\\/\\\/stage.rdvcanada.ca\\\/en\\\/#website\"\n\t            },\n\t            \"datePublished\": \"2018-01-22T15:34:46+00:00\",\n\t            \"dateModified\": \"2018-01-30T15:14:38+00:00\",\n\t            \"author\": {\n\t                \"@id\": \"https:\\\/\\\/stage.rdvcanada.ca\\\/en\\\/#\\\/schema\\\/person\\\/974d174eafb0c9e906d2979ca4ed5280\"\n\t            },\n\t            \"description\": \"Attention, Park City, Utah. Le Canada est l\u00e0! En effet, la pr\u00e9sence deT\u00e9l\u00e9film Canada ne passera pas inaper\u00e7ue aux festivals de\u00a0Sundance\u00a0et de\u00a0Slamdance\u00a0cette ann\u00e9e. Nous y d\u00e9barquons avec une d\u00e9l\u00e9gation de 80 Canadiens. Et nous avons tout un programme pour vous...\",\n\t            \"breadcrumb\": {\n\t                \"@id\": \"https:\\\/\\\/stage.rdvcanada.ca\\\/fr\\\/evenements\\\/le-canada-bien-en-vue-a-sundance-et-a-slamdance-cette-annee\\\/#breadcrumb\"\n\t            },\n\t            \"inLanguage\": \"fr-CA\",\n\t            \"potentialAction\": [\n\t                {\n\t                    \"@type\": \"ReadAction\",\n\t                    \"target\": [\n\t                        \"https:\\\/\\\/stage.rdvcanada.ca\\\/fr\\\/evenements\\\/le-canada-bien-en-vue-a-sundance-et-a-slamdance-cette-annee\\\/\"\n\t                    ]\n\t                }\n\t            ]\n\t        },\n\t        {\n\t            \"@type\": \"BreadcrumbList\",\n\t            \"@id\": \"https:\\\/\\\/stage.rdvcanada.ca\\\/fr\\\/evenements\\\/le-canada-bien-en-vue-a-sundance-et-a-slamdance-cette-annee\\\/#breadcrumb\",\n\t            \"itemListElement\": [\n\t                {\n\t                    \"@type\": \"ListItem\",\n\t                    \"position\": 1,\n\t                    \"name\": \"Home\",\n\t                    \"item\": \"https:\\\/\\\/stage.rdvcanada.ca\\\/en\\\/\"\n\t                },\n\t                {\n\t                    \"@type\": \"ListItem\",\n\t                    \"position\": 2,\n\t                    \"name\": \"Le Canada bien en vue \u00e0 Sundance et \u00e0 Slamdance cette ann\u00e9e!\"\n\t                }\n\t            ]\n\t        },\n\t        {\n\t            \"@type\": \"WebSite\",\n\t            \"@id\": \"https:\\\/\\\/stage.rdvcanada.ca\\\/en\\\/#website\",\n\t            \"url\": \"https:\\\/\\\/stage.rdvcanada.ca\\\/en\\\/\",\n\t            \"name\": \"RDVCanada.ca\",\n\t            \"description\": \"VOIR GRAND. D\u00e9couvrez le meilleur du talent Canadien \u00e0 travers le monde.\",\n\t            \"potentialAction\": [\n\t                {\n\t                    \"@type\": \"SearchAction\",\n\t                    \"target\": {\n\t                        \"@type\": \"EntryPoint\",\n\t                        \"urlTemplate\": \"https:\\\/\\\/stage.rdvcanada.ca\\\/en\\\/?s={search_term_string}\"\n\t                    },\n\t                    \"query-input\": {\n\t                        \"@type\": \"PropertyValueSpecification\",\n\t                        \"valueRequired\": true,\n\t                        \"valueName\": \"search_term_string\"\n\t                    }\n\t                }\n\t            ],\n\t            \"inLanguage\": \"fr-CA\"\n\t        },\n\t        {\n\t            \"@type\": \"Person\",\n\t            \"@id\": \"https:\\\/\\\/stage.rdvcanada.ca\\\/en\\\/#\\\/schema\\\/person\\\/974d174eafb0c9e906d2979ca4ed5280\",\n\t            \"name\": \"MF\"\n\t        }\n\t    ]\n\t}<\/script>\n<!-- \/ Yoast SEO plugin. -->","yoast_head_json":{"title":"Le Canada bien en vue \u00e0 Sundance et \u00e0 Slamdance cette ann\u00e9e! - Industrie Audiovisuelle Canadienne","description":"Attention, Park City, Utah. Le Canada est l\u00e0! En effet, la pr\u00e9sence deT\u00e9l\u00e9film Canada ne passera pas inaper\u00e7ue aux festivals de\u00a0Sundance\u00a0et de\u00a0Slamdance\u00a0cette ann\u00e9e. Nous y d\u00e9barquons avec une d\u00e9l\u00e9gation de 80 Canadiens. Et nous avons tout un programme pour vous...","robots":{"index":"noindex","follow":"follow","max-snippet":"max-snippet:-1","max-image-preview":"max-image-preview:large","max-video-preview":"max-video-preview:-1"},"og_locale":"fr_CA","og_type":"article","og_title":"Le Canada bien en vue \u00e0 Sundance et \u00e0 Slamdance cette ann\u00e9e! - Industrie Audiovisuelle Canadienne","og_description":"Attention, Park City, Utah. Le Canada est l\u00e0! En effet, la pr\u00e9sence deT\u00e9l\u00e9film Canada ne passera pas inaper\u00e7ue aux festivals de\u00a0Sundance\u00a0et de\u00a0Slamdance\u00a0cette ann\u00e9e. Nous y d\u00e9barquons avec une d\u00e9l\u00e9gation de 80 Canadiens. Et nous avons tout un programme pour vous...","og_url":"https:\/\/stage.rdvcanada.ca\/fr\/evenements\/le-canada-bien-en-vue-a-sundance-et-a-slamdance-cette-annee\/","og_site_name":"RDVCanada.ca","article_publisher":"https:\/\/www.facebook.com\/telefilmcanada","article_published_time":"2018-01-22T15:34:46+00:00","article_modified_time":"2018-01-30T15:14:38+00:00","author":"MF","twitter_card":"summary_large_image","twitter_creator":"@Telefilm_Canada","twitter_site":"@Telefilm_Canada","twitter_misc":{"\u00c9crit par":"MF","Estimation du temps de lecture":"4 minutes"},"schema":{"@context":"https:\/\/schema.org","@graph":[{"@type":"Article","@id":"https:\/\/stage.rdvcanada.ca\/fr\/evenements\/le-canada-bien-en-vue-a-sundance-et-a-slamdance-cette-annee\/#article","isPartOf":{"@id":"https:\/\/stage.rdvcanada.ca\/fr\/evenements\/le-canada-bien-en-vue-a-sundance-et-a-slamdance-cette-annee\/"},"author":{"name":"MF","@id":"https:\/\/stage.rdvcanada.ca\/en\/#\/schema\/person\/974d174eafb0c9e906d2979ca4ed5280"},"headline":"Le Canada bien en vue \u00e0 Sundance et \u00e0 Slamdance cette ann\u00e9e!","datePublished":"2018-01-22T15:34:46+00:00","dateModified":"2018-01-30T15:14:38+00:00","mainEntityOfPage":{"@id":"https:\/\/stage.rdvcanada.ca\/fr\/evenements\/le-canada-bien-en-vue-a-sundance-et-a-slamdance-cette-annee\/"},"wordCount":768,"commentCount":0,"articleSection":["\u00c9v\u00e9nements","Succ\u00e8s"],"inLanguage":"fr-CA","potentialAction":[{"@type":"CommentAction","name":"Comment","target":["https:\/\/stage.rdvcanada.ca\/fr\/evenements\/le-canada-bien-en-vue-a-sundance-et-a-slamdance-cette-annee\/#respond"]}]},{"@type":"WebPage","@id":"https:\/\/stage.rdvcanada.ca\/fr\/evenements\/le-canada-bien-en-vue-a-sundance-et-a-slamdance-cette-annee\/","url":"https:\/\/stage.rdvcanada.ca\/fr\/evenements\/le-canada-bien-en-vue-a-sundance-et-a-slamdance-cette-annee\/","name":"Le Canada bien en vue \u00e0 Sundance et \u00e0 Slamdance cette ann\u00e9e! - Industrie Audiovisuelle Canadienne","isPartOf":{"@id":"https:\/\/stage.rdvcanada.ca\/en\/#website"},"datePublished":"2018-01-22T15:34:46+00:00","dateModified":"2018-01-30T15:14:38+00:00","author":{"@id":"https:\/\/stage.rdvcanada.ca\/en\/#\/schema\/person\/974d174eafb0c9e906d2979ca4ed5280"},"description":"Attention, Park City, Utah. Le Canada est l\u00e0! En effet, la pr\u00e9sence deT\u00e9l\u00e9film Canada ne passera pas inaper\u00e7ue aux festivals de\u00a0Sundance\u00a0et de\u00a0Slamdance\u00a0cette ann\u00e9e. Nous y d\u00e9barquons avec une d\u00e9l\u00e9gation de 80 Canadiens. Et nous avons tout un programme pour vous...","breadcrumb":{"@id":"https:\/\/stage.rdvcanada.ca\/fr\/evenements\/le-canada-bien-en-vue-a-sundance-et-a-slamdance-cette-annee\/#breadcrumb"},"inLanguage":"fr-CA","potentialAction":[{"@type":"ReadAction","target":["https:\/\/stage.rdvcanada.ca\/fr\/evenements\/le-canada-bien-en-vue-a-sundance-et-a-slamdance-cette-annee\/"]}]},{"@type":"BreadcrumbList","@id":"https:\/\/stage.rdvcanada.ca\/fr\/evenements\/le-canada-bien-en-vue-a-sundance-et-a-slamdance-cette-annee\/#breadcrumb","itemListElement":[{"@type":"ListItem","position":1,"name":"Home","item":"https:\/\/stage.rdvcanada.ca\/en\/"},{"@type":"ListItem","position":2,"name":"Le Canada bien en vue \u00e0 Sundance et \u00e0 Slamdance cette ann\u00e9e!"}]},{"@type":"WebSite","@id":"https:\/\/stage.rdvcanada.ca\/en\/#website","url":"https:\/\/stage.rdvcanada.ca\/en\/","name":"RDVCanada.ca","description":"VOIR GRAND. D\u00e9couvrez le meilleur du talent Canadien \u00e0 travers le monde.","potentialAction":[{"@type":"SearchAction","target":{"@type":"EntryPoint","urlTemplate":"https:\/\/stage.rdvcanada.ca\/en\/?s={search_term_string}"},"query-input":{"@type":"PropertyValueSpecification","valueRequired":true,"valueName":"search_term_string"}}],"inLanguage":"fr-CA"},{"@type":"Person","@id":"https:\/\/stage.rdvcanada.ca\/en\/#\/schema\/person\/974d174eafb0c9e906d2979ca4ed5280","name":"MF"}]}},"_links":{"self":[{"href":"https:\/\/stage.rdvcanada.ca\/fr\/wp-json\/wp\/v2\/posts\/3355","targetHints":{"allow":["GET"]}}],"collection":[{"href":"https:\/\/stage.rdvcanada.ca\/fr\/wp-json\/wp\/v2\/posts"}],"about":[{"href":"https:\/\/stage.rdvcanada.ca\/fr\/wp-json\/wp\/v2\/types\/post"}],"author":[{"embeddable":true,"href":"https:\/\/stage.rdvcanada.ca\/fr\/wp-json\/wp\/v2\/users\/17"}],"replies":[{"embeddable":true,"href":"https:\/\/stage.rdvcanada.ca\/fr\/wp-json\/wp\/v2\/comments?post=3355"}],"version-history":[{"count":0,"href":"https:\/\/stage.rdvcanada.ca\/fr\/wp-json\/wp\/v2\/posts\/3355\/revisions"}],"wp:attachment":[{"href":"https:\/\/stage.rdvcanada.ca\/fr\/wp-json\/wp\/v2\/media?parent=3355"}],"wp:term":[{"taxonomy":"category","embeddable":true,"href":"https:\/\/stage.rdvcanada.ca\/fr\/wp-json\/wp\/v2\/categories?post=3355"},{"taxonomy":"post_tag","embeddable":true,"href":"https:\/\/stage.rdvcanada.ca\/fr\/wp-json\/wp\/v2\/tags?post=3355"}],"curies":[{"name":"wp","href":"https:\/\/api.w.org\/{rel}","templated":true}]}}