{"id":38510,"date":"2020-09-30T09:56:15","date_gmt":"2020-09-30T13:56:15","guid":{"rendered":"https:\/\/stage.rdvcanada.ca\/evenements\/meet-canada-at-mipcom-and-canneseries-virtually\/"},"modified":"2020-09-30T10:45:46","modified_gmt":"2020-09-30T14:45:46","slug":"rencontrez-le-canada-au-mipcom-et-a-canneseries-virtuellement","status":"publish","type":"post","link":"https:\/\/stage.rdvcanada.ca\/fr\/evenements\/rencontrez-le-canada-au-mipcom-et-a-canneseries-virtuellement\/","title":{"rendered":"Rencontrez le Canada au MIPCOM et \u00e0 CANNESERIES\u2026 virtuellement!"},"content":{"rendered":"\t\t<div data-elementor-type=\"wp-post\" data-elementor-id=\"38510\" class=\"elementor elementor-38510 elementor-38500\" data-elementor-post-type=\"post\">\n\t\t\t\t\t\t<section class=\"elementor-section elementor-top-section elementor-element elementor-element-874a5b8 elementor-section-boxed elementor-section-height-default elementor-section-height-default\" data-id=\"874a5b8\" data-element_type=\"section\" data-e-type=\"section\">\n\t\t\t\t\t\t<div class=\"elementor-container elementor-column-gap-default\">\n\t\t\t\t\t<div class=\"elementor-column elementor-col-100 elementor-top-column elementor-element elementor-element-60546a3\" data-id=\"60546a3\" data-element_type=\"column\" data-e-type=\"column\">\n\t\t\t<div class=\"elementor-widget-wrap\">\n\t\t\t\t\t\t\t<\/div>\n\t\t<\/div>\n\t\t\t\t\t<\/div>\n\t\t<\/section>\n\t\t\t\t<section class=\"elementor-section elementor-top-section elementor-element elementor-element-694bee6 elementor-section-boxed elementor-section-height-default elementor-section-height-default\" data-id=\"694bee6\" data-element_type=\"section\" data-e-type=\"section\">\n\t\t\t\t\t\t<div class=\"elementor-container elementor-column-gap-default\">\n\t\t\t\t\t<div class=\"elementor-column elementor-col-100 elementor-top-column elementor-element elementor-element-4c39ec3\" data-id=\"4c39ec3\" data-element_type=\"column\" data-e-type=\"column\">\n\t\t\t<div class=\"elementor-widget-wrap elementor-element-populated\">\n\t\t\t\t\t\t<div class=\"elementor-element elementor-element-a600f0c elementor-widget elementor-widget-text-editor\" data-id=\"a600f0c\" data-element_type=\"widget\" data-e-type=\"widget\" data-widget_type=\"text-editor.default\">\n\t\t\t\t<div class=\"elementor-widget-container\">\n\t\t\t\t\t\t\t\t\t<h2 id=\"alors-que-le-mipcom-se-deroulera-entierement-en-ligne-cette-annee-la-presence-canadienne-a-ce-marche-numerique-majeur-sera-virtuellement-exceptionnelle\">Alors que le MIPCOM se d\u00e9roulera enti\u00e8rement en ligne cette ann\u00e9e, la pr\u00e9sence canadienne \u00e0 ce march\u00e9 num\u00e9rique majeur sera virtuellement exceptionnelle!<\/h2><div><span lang=\"EN\">\u00a0<\/span><\/div><h3 id=\"voici-comment-le-marche-sera-organise\">Voici comment le march\u00e9 sera organis\u00e9\u00a0:<\/h3><ul><li>Le <strong>MIPCOM Online+<\/strong> aura lieu du 5 octobre au 17 novembre 2020. Il s\u2019agit d\u2019un mois d\u2019\u00e9v\u00e9nements, de pr\u00e9sentations de films, de conf\u00e9rences, d\u2019expositions, de s\u00e9ances de pr\u00e9sentation d\u2019id\u00e9es et bien plus (sans oublier le MIPJunior!).<\/li><li>Du 12 au 16 octobre, c\u2019est la <strong>semaine Digital MIPCOM<\/strong>, o\u00f9 deux s\u00e9ries canadiennes sont en lice pour les prix de diversit\u00e9 en t\u00e9l\u00e9vision!<\/li><li>La troisi\u00e8me \u00e9dition du festival de t\u00e9l\u00e9vision <strong>CANNESERIES<\/strong> se tiendra en parall\u00e8le du 9 au 14 octobre 2020.<\/li><\/ul><p>Et surtout, il y a le r\u00e9seautage! D\u00e9couvrez notre<strong> <a href=\"https:\/\/stage.rdvcanada.ca\/fr\/festivals\/mipcom-online\/\">Pavillon du Canada<\/a> <\/strong>en ligne, avec tous nos partenaires d\u2019affaires internationaux. Plus de 50 entreprises canadiennes sont d\u00e9j\u00e0 inscrites, alors votre Pavillon du Canada virtuel sera assur\u00e9ment une des destinations les plus productives du MIPCOM.<\/p><ul><li style=\"list-style-type: none;\">\u00a0<\/li><\/ul>\t\t\t\t\t\t\t\t<\/div>\n\t\t\t\t<\/div>\n\t\t\t\t<div class=\"elementor-element elementor-element-792baad elementor-widget-divider--view-line elementor-widget elementor-widget-divider\" data-id=\"792baad\" data-element_type=\"widget\" data-e-type=\"widget\" data-widget_type=\"divider.default\">\n\t\t\t\t<div class=\"elementor-widget-container\">\n\t\t\t\t\t\t\t<div class=\"elementor-divider\">\n\t\t\t<span class=\"elementor-divider-separator\">\n\t\t\t\t\t\t<\/span>\n\t\t<\/div>\n\t\t\t\t\t\t<\/div>\n\t\t\t\t<\/div>\n\t\t\t\t\t<\/div>\n\t\t<\/div>\n\t\t\t\t\t<\/div>\n\t\t<\/section>\n\t\t\t\t<section class=\"elementor-section elementor-top-section elementor-element elementor-element-892e66c elementor-section-boxed elementor-section-height-default elementor-section-height-default\" data-id=\"892e66c\" data-element_type=\"section\" data-e-type=\"section\">\n\t\t\t\t\t\t<div class=\"elementor-container elementor-column-gap-default\">\n\t\t\t\t\t<div class=\"elementor-column elementor-col-100 elementor-top-column elementor-element elementor-element-4dc33ef\" data-id=\"4dc33ef\" data-element_type=\"column\" data-e-type=\"column\">\n\t\t\t<div class=\"elementor-widget-wrap elementor-element-populated\">\n\t\t\t\t\t\t<div class=\"elementor-element elementor-element-47f8450 elementor-widget elementor-widget-text-editor\" data-id=\"47f8450\" data-element_type=\"widget\" data-e-type=\"widget\" data-widget_type=\"text-editor.default\">\n\t\t\t\t<div class=\"elementor-widget-container\">\n\t\t\t\t\t\t\t\t\t<h3><strong>Prix pour la diversit\u00e9 en t\u00e9l\u00e9vision MIPCOM Diversify TV Excellence Awards<\/strong><\/h3><p>T\u00e9l\u00e9film Canada copr\u00e9sentera la <strong>4<sup>e<\/sup> \u00e9dition du Prix pour la diversit\u00e9 en t\u00e9l\u00e9vision MIPCOM Diversify TV Excellence Awards<\/strong> (avec le Fonds des m\u00e9dias du Canada) et c\u2019est l\u2019actrice Jean Yoon (Kim\u2019s Convenience de la CBC) qui pr\u00e9sentera l\u2019un des prix! Ne manquez pas l\u2019\u00e9v\u00e9nement de chez vous le 13 octobre 2020, gr\u00e2ce \u00e0 la diffusion en continu sur la plateforme MIPCOM Online+ (la remise de prix se tiendra aussi physiquement).<\/p><p>Deux projets canadiens participent \u00e0 la comp\u00e9tition :<\/p><p><strong>1. Cat\u00e9gorie non sc\u00e9naris\u00e9e : <em>Employable Me <\/em><\/strong><\/p><p>Cette s\u00e9rie documentaire qui en est \u00e0 sa troisi\u00e8me saison pr\u00e9sente des chercheurs d\u2019emploi ayant des handicaps. Une production de Thomas Howe Associates Inc.<\/p><p><strong>2. Cat\u00e9gorie programmation pour enfants : <em>Lockdown<\/em><\/strong><\/p><p>Cette s\u00e9rie met en vedette un groupe d\u2019amis qui tente de demeurer connect\u00e9 pendant le confinement de la pand\u00e9mie. Produite par Sinking Ship Entertainment, la s\u00e9rie a \u00e9t\u00e9 enti\u00e8rement tourn\u00e9e avec des webcams et des t\u00e9l\u00e9phones intelligents.<\/p><p><strong>Fait amusant\u00a0: <\/strong>La canadienne Shabnam Rezaei, pr\u00e9sidente et cofondatrice de Big Bad Boo Studios, fera partie du jury cette ann\u00e9e! (L\u2019an dernier, la compagnie de production a remport\u00e9 le prix d\u2019excellence au chapitre de la diversit\u00e9 dans la cat\u00e9gorie Programmation pour enfants du MIPCOM\u2009avec sa s\u00e9rie <em>The Bravest Knight<\/em>).<\/p>\t\t\t\t\t\t\t\t<\/div>\n\t\t\t\t<\/div>\n\t\t\t\t<div class=\"elementor-element elementor-element-5e7c24a elementor-widget-divider--view-line elementor-widget elementor-widget-divider\" data-id=\"5e7c24a\" data-element_type=\"widget\" data-e-type=\"widget\" data-widget_type=\"divider.default\">\n\t\t\t\t<div class=\"elementor-widget-container\">\n\t\t\t\t\t\t\t<div class=\"elementor-divider\">\n\t\t\t<span class=\"elementor-divider-separator\">\n\t\t\t\t\t\t<\/span>\n\t\t<\/div>\n\t\t\t\t\t\t<\/div>\n\t\t\t\t<\/div>\n\t\t\t\t\t<\/div>\n\t\t<\/div>\n\t\t\t\t\t<\/div>\n\t\t<\/section>\n\t\t\t\t<section class=\"elementor-section elementor-top-section elementor-element elementor-element-3434ab8 elementor-section-boxed elementor-section-height-default elementor-section-height-default\" data-id=\"3434ab8\" data-element_type=\"section\" data-e-type=\"section\">\n\t\t\t\t\t\t<div class=\"elementor-container elementor-column-gap-default\">\n\t\t\t\t\t<div class=\"elementor-column elementor-col-100 elementor-top-column elementor-element elementor-element-d62154d\" data-id=\"d62154d\" data-element_type=\"column\" data-e-type=\"column\">\n\t\t\t<div class=\"elementor-widget-wrap elementor-element-populated\">\n\t\t\t\t\t\t<div class=\"elementor-element elementor-element-e477e40 elementor-widget elementor-widget-text-editor\" data-id=\"e477e40\" data-element_type=\"widget\" data-e-type=\"widget\" data-widget_type=\"text-editor.default\">\n\t\t\t\t<div class=\"elementor-widget-container\">\n\t\t\t\t\t\t\t\t\t<h3 class=\"MsoNormal\" style=\"margin-bottom: 8.0pt;\"><strong style=\"color: inherit; font-family: inherit; font-size: 1.625rem;\">CANNESERIES<\/strong><\/h3><p>Enfin, \u00e0 CANNESERIES, trois projets canadiens sont en lice dans la cat\u00e9gorie Meilleure s\u00e9rie format court :<\/p><ul><li><strong><a href=\"https:\/\/stage.rdvcanada.ca\/fr\/produit\/amours-doccasion\/\"><em>Amour<\/em><em>s d\u2019occasion<\/em><\/a> d\u2019Eva Kabuya.<\/strong> Dans cette s\u00e9rie en huit \u00e9pisodes, une vague de chaleur cause s\u00e8me le chaos dans le quartier montr\u00e9alais de Saint-Henri. Compagnie de production\u00a0: St Laurent TV. Cette compagnie a eu un projet en comp\u00e9tition chaque ann\u00e9e depuis la cr\u00e9ation des Canneseries en 2018, et a remport\u00e9 le grand prix pour les s\u00e9ries num\u00e9riques format court avec <em>Dominos<\/em> (2018).<\/li><li><strong><a href=\"https:\/\/stage.rdvcanada.ca\/fr\/produit\/claire-et-les-vieux\/\"><em>Claire et les vieux <\/em><\/a>de Charles Grenier<\/strong>. Une jeune fille se lie d\u2019amiti\u00e9 avec sa grand-m\u00e8re et les autres r\u00e9sidents d\u2019une r\u00e9sidence pour personnes \u00e2g\u00e9es, dans cette s\u00e9rie en six \u00e9pisodes. Compagnie de production\u00a0: UGO Media.<\/li><li><strong><a href=\"https:\/\/stage.rdvcanada.ca\/fr\/produit\/first-person\/\"><em>First Person<\/em><\/a> de Renuka Jeyapalan<\/strong> (derri\u00e8re la s\u00e9rie \u00e0 succ\u00e8s <em>Kim\u2019s Convenience<\/em>), <strong>Jessie Gabe et Joyce Wong<em>. <\/em><\/strong>Cette s\u00e9rie adapte des essais personnels publi\u00e9s dans <em>The Globe &amp; Mail. <\/em>Soci\u00e9t\u00e9 de production : Carousel Pictures.<\/li><\/ul><p>Les laur\u00e9ats seront annonc\u00e9s \u00e0 la journ\u00e9e de cl\u00f4ture du festival, le 14 octobre.<\/p>\t\t\t\t\t\t\t\t<\/div>\n\t\t\t\t<\/div>\n\t\t\t\t<div class=\"elementor-element elementor-element-fabba27 elementor-widget-divider--view-line elementor-widget elementor-widget-divider\" data-id=\"fabba27\" data-element_type=\"widget\" data-e-type=\"widget\" data-widget_type=\"divider.default\">\n\t\t\t\t<div class=\"elementor-widget-container\">\n\t\t\t\t\t\t\t<div class=\"elementor-divider\">\n\t\t\t<span class=\"elementor-divider-separator\">\n\t\t\t\t\t\t<\/span>\n\t\t<\/div>\n\t\t\t\t\t\t<\/div>\n\t\t\t\t<\/div>\n\t\t\t\t\t<\/div>\n\t\t<\/div>\n\t\t\t\t\t<\/div>\n\t\t<\/section>\n\t\t\t\t<section class=\"elementor-section elementor-top-section elementor-element elementor-element-e94458d elementor-section-boxed elementor-section-height-default elementor-section-height-default\" data-id=\"e94458d\" data-element_type=\"section\" data-e-type=\"section\">\n\t\t\t\t\t\t<div class=\"elementor-container elementor-column-gap-default\">\n\t\t\t\t\t<div class=\"elementor-column elementor-col-100 elementor-top-column elementor-element elementor-element-d5ff9fa\" data-id=\"d5ff9fa\" data-element_type=\"column\" data-e-type=\"column\">\n\t\t\t<div class=\"elementor-widget-wrap elementor-element-populated\">\n\t\t\t\t\t\t<div class=\"elementor-element elementor-element-c35771f elementor-widget elementor-widget-text-editor\" data-id=\"c35771f\" data-element_type=\"widget\" data-e-type=\"widget\" data-widget_type=\"text-editor.default\">\n\t\t\t\t<div class=\"elementor-widget-container\">\n\t\t\t\t\t\t\t\t\t<h3><strong>Hors Comp\u00e9tition<\/strong><\/h3><ul><li><a href=\"https:\/\/canneseries.com\/fr\/series\/shadowplay\/\"><strong>Shadowplay<\/strong> <\/a>de M\u00e5ns M\u00e5rlind et Bj\u00f6rn Stein. Dans cette s\u00e9rie en huit \u00e9pisodes, situ\u00e9e pendant l\u2019\u00e9t\u00e9 de 1946, un policier am\u00e9ricain est envoy\u00e9 dans un Berlin ravag\u00e9 par la guerre avec comme mission de cr\u00e9er une force polici\u00e8re. Compagnie de production : Tandem Productions \/ Bron Studiosen en coproduction avec ZDF\u00e9<\/li><\/ul><div>\u00a0<\/div><h4><strong>Bonus\u00a0: Balado avec la directrice du MIPCOM<\/strong><\/h4><p><a href=\"https:\/\/www.youtube.com\/watch?v=0AALzf-QoF8&amp;feature=youtu.be\">\u00c9coutez le dernier \u00e9pisode du balado The VID Podcast<\/a> pour conna\u00eetre tous les d\u00e9tails de ce qui vous attends au march\u00e9 virtuel du MIPCOM dans une entrevue avec Laurine Garaude, la directrice de l\u2019\u00e9v\u00e9nement! (Disponible en anglais seulement).<\/p><p>Psst\u00a0: Ce balado a \u00e9t\u00e9 cr\u00e9\u00e9 par le fondateur de And Now Global, Eric Y. Lapointe, et offre une perspective uniquement canadienne sur l\u2019industrie mondiale de la t\u00e9l\u00e9vision et du cin\u00e9ma.<\/p><p><strong>\u00a0<\/strong><\/p><p><strong>On se retrouve en ligne au MIPCOM! <a href=\"https:\/\/stage.rdvcanada.ca\/fr\/festivals\/mipcom-online\/\">Consultez RDV Canada<\/a> pour conna\u00eetre la liste des entreprises canadiennes qui participent \u00e0 l\u2019\u00e9v\u00e9nement.<\/strong><\/p>\t\t\t\t\t\t\t\t<\/div>\n\t\t\t\t<\/div>\n\t\t\t\t\t<\/div>\n\t\t<\/div>\n\t\t\t\t\t<\/div>\n\t\t<\/section>\n\t\t\t\t<\/div>\n\t\t","protected":false},"excerpt":{"rendered":"<p>Alors que le MIPCOM se d\u00e9roulera enti\u00e8rement en ligne cette&#8230;<\/p>\n","protected":false},"author":150,"featured_media":38503,"comment_status":"closed","ping_status":"open","sticky":false,"template":"","format":"standard","meta":{"_acf_changed":false,"_crdt_document":"","footnotes":""},"categories":[331],"tags":[],"class_list":["post-38510","post","type-post","status-publish","format-standard","has-post-thumbnail","hentry","category-evenements","posts_festivals-mipcom-2020-fr"],"acf":[],"yoast_head":"<!-- This site is optimized with the Yoast SEO plugin v27.4 - https:\/\/yoast.com\/product\/yoast-seo-wordpress\/ -->\n<title>Rencontrez le Canada au MIPCOM et \u00e0 CANNESERIES\u2026 virtuellement! - Industrie Audiovisuelle Canadienne<\/title>\n<meta name=\"description\" content=\"Alors que le MIPCOM se d\u00e9roulera enti\u00e8rement en ligne cette ann\u00e9e, la pr\u00e9sence canadienne \u00e0 ce march\u00e9 num\u00e9rique majeur sera virtuellement\" \/>\n<meta name=\"robots\" content=\"noindex, follow, max-snippet:-1, max-image-preview:large, max-video-preview:-1\" \/>\n<meta property=\"og:locale\" content=\"fr_CA\" \/>\n<meta property=\"og:type\" content=\"article\" \/>\n<meta property=\"og:title\" content=\"Rencontrez le Canada au MIPCOM et \u00e0 CANNESERIES\u2026 virtuellement! - Industrie Audiovisuelle Canadienne\" \/>\n<meta property=\"og:description\" content=\"Alors que le MIPCOM se d\u00e9roulera enti\u00e8rement en ligne cette ann\u00e9e, la pr\u00e9sence canadienne \u00e0 ce march\u00e9 num\u00e9rique majeur sera virtuellement\" \/>\n<meta property=\"og:url\" content=\"https:\/\/stage.rdvcanada.ca\/fr\/evenements\/rencontrez-le-canada-au-mipcom-et-a-canneseries-virtuellement\/\" \/>\n<meta property=\"og:site_name\" content=\"RDVCanada.ca\" \/>\n<meta property=\"article:publisher\" content=\"https:\/\/www.facebook.com\/telefilmcanada\" \/>\n<meta property=\"article:published_time\" content=\"2020-09-30T13:56:15+00:00\" \/>\n<meta property=\"article:modified_time\" content=\"2020-09-30T14:45:46+00:00\" \/>\n<meta property=\"og:image\" content=\"https:\/\/stage.rdvcanada.ca\/wp-content\/uploads\/2020\/09\/Mipcom-1920-800-1024x427.png\" \/>\n\t<meta property=\"og:image:width\" content=\"1024\" \/>\n\t<meta property=\"og:image:height\" content=\"427\" \/>\n\t<meta property=\"og:image:type\" content=\"image\/png\" \/>\n<meta name=\"author\" content=\"Sandrine Couture\" \/>\n<meta name=\"twitter:card\" content=\"summary_large_image\" \/>\n<meta name=\"twitter:creator\" content=\"@Telefilm_Canada\" \/>\n<meta name=\"twitter:site\" content=\"@Telefilm_Canada\" \/>\n<meta name=\"twitter:label1\" content=\"\u00c9crit par\" \/>\n\t<meta name=\"twitter:data1\" content=\"Sandrine Couture\" \/>\n\t<meta name=\"twitter:label2\" content=\"Estimation du temps de lecture\" \/>\n\t<meta name=\"twitter:data2\" content=\"4 minutes\" \/>\n<script type=\"application\/ld+json\" class=\"yoast-schema-graph\">{\n\t    \"@context\": \"https:\\\/\\\/schema.org\",\n\t    \"@graph\": [\n\t        {\n\t            \"@type\": \"Article\",\n\t            \"@id\": \"https:\\\/\\\/stage.rdvcanada.ca\\\/fr\\\/evenements\\\/rencontrez-le-canada-au-mipcom-et-a-canneseries-virtuellement\\\/#article\",\n\t            \"isPartOf\": {\n\t                \"@id\": \"https:\\\/\\\/stage.rdvcanada.ca\\\/fr\\\/evenements\\\/rencontrez-le-canada-au-mipcom-et-a-canneseries-virtuellement\\\/\"\n\t            },\n\t            \"author\": {\n\t                \"name\": \"Sandrine Couture\",\n\t                \"@id\": \"https:\\\/\\\/stage.rdvcanada.ca\\\/en\\\/#\\\/schema\\\/person\\\/854b83df133706ec69e3612f46d84934\"\n\t            },\n\t            \"headline\": \"Rencontrez le Canada au MIPCOM et \u00e0 CANNESERIES\u2026 virtuellement!\",\n\t            \"datePublished\": \"2020-09-30T13:56:15+00:00\",\n\t            \"dateModified\": \"2020-09-30T14:45:46+00:00\",\n\t            \"mainEntityOfPage\": {\n\t                \"@id\": \"https:\\\/\\\/stage.rdvcanada.ca\\\/fr\\\/evenements\\\/rencontrez-le-canada-au-mipcom-et-a-canneseries-virtuellement\\\/\"\n\t            },\n\t            \"wordCount\": 775,\n\t            \"image\": {\n\t                \"@id\": \"https:\\\/\\\/stage.rdvcanada.ca\\\/fr\\\/evenements\\\/rencontrez-le-canada-au-mipcom-et-a-canneseries-virtuellement\\\/#primaryimage\"\n\t            },\n\t            \"thumbnailUrl\": \"https:\\\/\\\/stage.rdvcanada.ca\\\/wp-content\\\/uploads\\\/2020\\\/09\\\/Mipcom-1920-800.png\",\n\t            \"articleSection\": [\n\t                \"\u00c9v\u00e9nements\"\n\t            ],\n\t            \"inLanguage\": \"fr-CA\"\n\t        },\n\t        {\n\t            \"@type\": \"WebPage\",\n\t            \"@id\": \"https:\\\/\\\/stage.rdvcanada.ca\\\/fr\\\/evenements\\\/rencontrez-le-canada-au-mipcom-et-a-canneseries-virtuellement\\\/\",\n\t            \"url\": \"https:\\\/\\\/stage.rdvcanada.ca\\\/fr\\\/evenements\\\/rencontrez-le-canada-au-mipcom-et-a-canneseries-virtuellement\\\/\",\n\t            \"name\": \"Rencontrez le Canada au MIPCOM et \u00e0 CANNESERIES\u2026 virtuellement! - Industrie Audiovisuelle Canadienne\",\n\t            \"isPartOf\": {\n\t                \"@id\": \"https:\\\/\\\/stage.rdvcanada.ca\\\/en\\\/#website\"\n\t            },\n\t            \"primaryImageOfPage\": {\n\t                \"@id\": \"https:\\\/\\\/stage.rdvcanada.ca\\\/fr\\\/evenements\\\/rencontrez-le-canada-au-mipcom-et-a-canneseries-virtuellement\\\/#primaryimage\"\n\t            },\n\t            \"image\": {\n\t                \"@id\": \"https:\\\/\\\/stage.rdvcanada.ca\\\/fr\\\/evenements\\\/rencontrez-le-canada-au-mipcom-et-a-canneseries-virtuellement\\\/#primaryimage\"\n\t            },\n\t            \"thumbnailUrl\": \"https:\\\/\\\/stage.rdvcanada.ca\\\/wp-content\\\/uploads\\\/2020\\\/09\\\/Mipcom-1920-800.png\",\n\t            \"datePublished\": \"2020-09-30T13:56:15+00:00\",\n\t            \"dateModified\": \"2020-09-30T14:45:46+00:00\",\n\t            \"author\": {\n\t                \"@id\": \"https:\\\/\\\/stage.rdvcanada.ca\\\/en\\\/#\\\/schema\\\/person\\\/854b83df133706ec69e3612f46d84934\"\n\t            },\n\t            \"description\": \"Alors que le MIPCOM se d\u00e9roulera enti\u00e8rement en ligne cette ann\u00e9e, la pr\u00e9sence canadienne \u00e0 ce march\u00e9 num\u00e9rique majeur sera virtuellement\",\n\t            \"breadcrumb\": {\n\t                \"@id\": \"https:\\\/\\\/stage.rdvcanada.ca\\\/fr\\\/evenements\\\/rencontrez-le-canada-au-mipcom-et-a-canneseries-virtuellement\\\/#breadcrumb\"\n\t            },\n\t            \"inLanguage\": \"fr-CA\",\n\t            \"potentialAction\": [\n\t                {\n\t                    \"@type\": \"ReadAction\",\n\t                    \"target\": [\n\t                        \"https:\\\/\\\/stage.rdvcanada.ca\\\/fr\\\/evenements\\\/rencontrez-le-canada-au-mipcom-et-a-canneseries-virtuellement\\\/\"\n\t                    ]\n\t                }\n\t            ]\n\t        },\n\t        {\n\t            \"@type\": \"ImageObject\",\n\t            \"inLanguage\": \"fr-CA\",\n\t            \"@id\": \"https:\\\/\\\/stage.rdvcanada.ca\\\/fr\\\/evenements\\\/rencontrez-le-canada-au-mipcom-et-a-canneseries-virtuellement\\\/#primaryimage\",\n\t            \"url\": \"https:\\\/\\\/stage.rdvcanada.ca\\\/wp-content\\\/uploads\\\/2020\\\/09\\\/Mipcom-1920-800.png\",\n\t            \"contentUrl\": \"https:\\\/\\\/stage.rdvcanada.ca\\\/wp-content\\\/uploads\\\/2020\\\/09\\\/Mipcom-1920-800.png\",\n\t            \"width\": 1920,\n\t            \"height\": 800\n\t        },\n\t        {\n\t            \"@type\": \"BreadcrumbList\",\n\t            \"@id\": \"https:\\\/\\\/stage.rdvcanada.ca\\\/fr\\\/evenements\\\/rencontrez-le-canada-au-mipcom-et-a-canneseries-virtuellement\\\/#breadcrumb\",\n\t            \"itemListElement\": [\n\t                {\n\t                    \"@type\": \"ListItem\",\n\t                    \"position\": 1,\n\t                    \"name\": \"Home\",\n\t                    \"item\": \"https:\\\/\\\/stage.rdvcanada.ca\\\/en\\\/\"\n\t                },\n\t                {\n\t                    \"@type\": \"ListItem\",\n\t                    \"position\": 2,\n\t                    \"name\": \"Rencontrez le Canada au MIPCOM et \u00e0 CANNESERIES\u2026 virtuellement!\"\n\t                }\n\t            ]\n\t        },\n\t        {\n\t            \"@type\": \"WebSite\",\n\t            \"@id\": \"https:\\\/\\\/stage.rdvcanada.ca\\\/en\\\/#website\",\n\t            \"url\": \"https:\\\/\\\/stage.rdvcanada.ca\\\/en\\\/\",\n\t            \"name\": \"RDVCanada.ca\",\n\t            \"description\": \"VOIR GRAND. D\u00e9couvrez le meilleur du talent Canadien \u00e0 travers le monde.\",\n\t            \"potentialAction\": [\n\t                {\n\t                    \"@type\": \"SearchAction\",\n\t                    \"target\": {\n\t                        \"@type\": \"EntryPoint\",\n\t                        \"urlTemplate\": \"https:\\\/\\\/stage.rdvcanada.ca\\\/en\\\/?s={search_term_string}\"\n\t                    },\n\t                    \"query-input\": {\n\t                        \"@type\": \"PropertyValueSpecification\",\n\t                        \"valueRequired\": true,\n\t                        \"valueName\": \"search_term_string\"\n\t                    }\n\t                }\n\t            ],\n\t            \"inLanguage\": \"fr-CA\"\n\t        },\n\t        {\n\t            \"@type\": \"Person\",\n\t            \"@id\": \"https:\\\/\\\/stage.rdvcanada.ca\\\/en\\\/#\\\/schema\\\/person\\\/854b83df133706ec69e3612f46d84934\",\n\t            \"name\": \"Sandrine Couture\"\n\t        }\n\t    ]\n\t}<\/script>\n<!-- \/ Yoast SEO plugin. -->","yoast_head_json":{"title":"Rencontrez le Canada au MIPCOM et \u00e0 CANNESERIES\u2026 virtuellement! - Industrie Audiovisuelle Canadienne","description":"Alors que le MIPCOM se d\u00e9roulera enti\u00e8rement en ligne cette ann\u00e9e, la pr\u00e9sence canadienne \u00e0 ce march\u00e9 num\u00e9rique majeur sera virtuellement","robots":{"index":"noindex","follow":"follow","max-snippet":"max-snippet:-1","max-image-preview":"max-image-preview:large","max-video-preview":"max-video-preview:-1"},"og_locale":"fr_CA","og_type":"article","og_title":"Rencontrez le Canada au MIPCOM et \u00e0 CANNESERIES\u2026 virtuellement! - Industrie Audiovisuelle Canadienne","og_description":"Alors que le MIPCOM se d\u00e9roulera enti\u00e8rement en ligne cette ann\u00e9e, la pr\u00e9sence canadienne \u00e0 ce march\u00e9 num\u00e9rique majeur sera virtuellement","og_url":"https:\/\/stage.rdvcanada.ca\/fr\/evenements\/rencontrez-le-canada-au-mipcom-et-a-canneseries-virtuellement\/","og_site_name":"RDVCanada.ca","article_publisher":"https:\/\/www.facebook.com\/telefilmcanada","article_published_time":"2020-09-30T13:56:15+00:00","article_modified_time":"2020-09-30T14:45:46+00:00","og_image":[{"width":1024,"height":427,"url":"https:\/\/stage.rdvcanada.ca\/wp-content\/uploads\/2020\/09\/Mipcom-1920-800-1024x427.png","type":"image\/png"}],"author":"Sandrine Couture","twitter_card":"summary_large_image","twitter_creator":"@Telefilm_Canada","twitter_site":"@Telefilm_Canada","twitter_misc":{"\u00c9crit par":"Sandrine Couture","Estimation du temps de lecture":"4 minutes"},"schema":{"@context":"https:\/\/schema.org","@graph":[{"@type":"Article","@id":"https:\/\/stage.rdvcanada.ca\/fr\/evenements\/rencontrez-le-canada-au-mipcom-et-a-canneseries-virtuellement\/#article","isPartOf":{"@id":"https:\/\/stage.rdvcanada.ca\/fr\/evenements\/rencontrez-le-canada-au-mipcom-et-a-canneseries-virtuellement\/"},"author":{"name":"Sandrine Couture","@id":"https:\/\/stage.rdvcanada.ca\/en\/#\/schema\/person\/854b83df133706ec69e3612f46d84934"},"headline":"Rencontrez le Canada au MIPCOM et \u00e0 CANNESERIES\u2026 virtuellement!","datePublished":"2020-09-30T13:56:15+00:00","dateModified":"2020-09-30T14:45:46+00:00","mainEntityOfPage":{"@id":"https:\/\/stage.rdvcanada.ca\/fr\/evenements\/rencontrez-le-canada-au-mipcom-et-a-canneseries-virtuellement\/"},"wordCount":775,"image":{"@id":"https:\/\/stage.rdvcanada.ca\/fr\/evenements\/rencontrez-le-canada-au-mipcom-et-a-canneseries-virtuellement\/#primaryimage"},"thumbnailUrl":"https:\/\/stage.rdvcanada.ca\/wp-content\/uploads\/2020\/09\/Mipcom-1920-800.png","articleSection":["\u00c9v\u00e9nements"],"inLanguage":"fr-CA"},{"@type":"WebPage","@id":"https:\/\/stage.rdvcanada.ca\/fr\/evenements\/rencontrez-le-canada-au-mipcom-et-a-canneseries-virtuellement\/","url":"https:\/\/stage.rdvcanada.ca\/fr\/evenements\/rencontrez-le-canada-au-mipcom-et-a-canneseries-virtuellement\/","name":"Rencontrez le Canada au MIPCOM et \u00e0 CANNESERIES\u2026 virtuellement! - Industrie Audiovisuelle Canadienne","isPartOf":{"@id":"https:\/\/stage.rdvcanada.ca\/en\/#website"},"primaryImageOfPage":{"@id":"https:\/\/stage.rdvcanada.ca\/fr\/evenements\/rencontrez-le-canada-au-mipcom-et-a-canneseries-virtuellement\/#primaryimage"},"image":{"@id":"https:\/\/stage.rdvcanada.ca\/fr\/evenements\/rencontrez-le-canada-au-mipcom-et-a-canneseries-virtuellement\/#primaryimage"},"thumbnailUrl":"https:\/\/stage.rdvcanada.ca\/wp-content\/uploads\/2020\/09\/Mipcom-1920-800.png","datePublished":"2020-09-30T13:56:15+00:00","dateModified":"2020-09-30T14:45:46+00:00","author":{"@id":"https:\/\/stage.rdvcanada.ca\/en\/#\/schema\/person\/854b83df133706ec69e3612f46d84934"},"description":"Alors que le MIPCOM se d\u00e9roulera enti\u00e8rement en ligne cette ann\u00e9e, la pr\u00e9sence canadienne \u00e0 ce march\u00e9 num\u00e9rique majeur sera virtuellement","breadcrumb":{"@id":"https:\/\/stage.rdvcanada.ca\/fr\/evenements\/rencontrez-le-canada-au-mipcom-et-a-canneseries-virtuellement\/#breadcrumb"},"inLanguage":"fr-CA","potentialAction":[{"@type":"ReadAction","target":["https:\/\/stage.rdvcanada.ca\/fr\/evenements\/rencontrez-le-canada-au-mipcom-et-a-canneseries-virtuellement\/"]}]},{"@type":"ImageObject","inLanguage":"fr-CA","@id":"https:\/\/stage.rdvcanada.ca\/fr\/evenements\/rencontrez-le-canada-au-mipcom-et-a-canneseries-virtuellement\/#primaryimage","url":"https:\/\/stage.rdvcanada.ca\/wp-content\/uploads\/2020\/09\/Mipcom-1920-800.png","contentUrl":"https:\/\/stage.rdvcanada.ca\/wp-content\/uploads\/2020\/09\/Mipcom-1920-800.png","width":1920,"height":800},{"@type":"BreadcrumbList","@id":"https:\/\/stage.rdvcanada.ca\/fr\/evenements\/rencontrez-le-canada-au-mipcom-et-a-canneseries-virtuellement\/#breadcrumb","itemListElement":[{"@type":"ListItem","position":1,"name":"Home","item":"https:\/\/stage.rdvcanada.ca\/en\/"},{"@type":"ListItem","position":2,"name":"Rencontrez le Canada au MIPCOM et \u00e0 CANNESERIES\u2026 virtuellement!"}]},{"@type":"WebSite","@id":"https:\/\/stage.rdvcanada.ca\/en\/#website","url":"https:\/\/stage.rdvcanada.ca\/en\/","name":"RDVCanada.ca","description":"VOIR GRAND. D\u00e9couvrez le meilleur du talent Canadien \u00e0 travers le monde.","potentialAction":[{"@type":"SearchAction","target":{"@type":"EntryPoint","urlTemplate":"https:\/\/stage.rdvcanada.ca\/en\/?s={search_term_string}"},"query-input":{"@type":"PropertyValueSpecification","valueRequired":true,"valueName":"search_term_string"}}],"inLanguage":"fr-CA"},{"@type":"Person","@id":"https:\/\/stage.rdvcanada.ca\/en\/#\/schema\/person\/854b83df133706ec69e3612f46d84934","name":"Sandrine Couture"}]}},"_links":{"self":[{"href":"https:\/\/stage.rdvcanada.ca\/fr\/wp-json\/wp\/v2\/posts\/38510","targetHints":{"allow":["GET"]}}],"collection":[{"href":"https:\/\/stage.rdvcanada.ca\/fr\/wp-json\/wp\/v2\/posts"}],"about":[{"href":"https:\/\/stage.rdvcanada.ca\/fr\/wp-json\/wp\/v2\/types\/post"}],"author":[{"embeddable":true,"href":"https:\/\/stage.rdvcanada.ca\/fr\/wp-json\/wp\/v2\/users\/150"}],"replies":[{"embeddable":true,"href":"https:\/\/stage.rdvcanada.ca\/fr\/wp-json\/wp\/v2\/comments?post=38510"}],"version-history":[{"count":0,"href":"https:\/\/stage.rdvcanada.ca\/fr\/wp-json\/wp\/v2\/posts\/38510\/revisions"}],"wp:featuredmedia":[{"embeddable":true,"href":"https:\/\/stage.rdvcanada.ca\/fr\/wp-json\/wp\/v2\/media\/38503"}],"wp:attachment":[{"href":"https:\/\/stage.rdvcanada.ca\/fr\/wp-json\/wp\/v2\/media?parent=38510"}],"wp:term":[{"taxonomy":"category","embeddable":true,"href":"https:\/\/stage.rdvcanada.ca\/fr\/wp-json\/wp\/v2\/categories?post=38510"},{"taxonomy":"post_tag","embeddable":true,"href":"https:\/\/stage.rdvcanada.ca\/fr\/wp-json\/wp\/v2\/tags?post=38510"}],"curies":[{"name":"wp","href":"https:\/\/api.w.org\/{rel}","templated":true}]}}