{"id":42168,"date":"2021-04-28T15:30:02","date_gmt":"2021-04-28T19:30:02","guid":{"rendered":"https:\/\/stage.rdvcanada.ca\/?p=42168"},"modified":"2021-04-29T12:48:28","modified_gmt":"2021-04-29T16:48:28","slug":"pleins-feux-sur-les-films-canadiens-du-mois-3","status":"publish","type":"post","link":"https:\/\/stage.rdvcanada.ca\/fr\/evenements\/pleins-feux-sur-les-films-canadiens-du-mois-3\/","title":{"rendered":"Pleins feux sur les films canadiens du mois"},"content":{"rendered":"\t\t<div data-elementor-type=\"wp-post\" data-elementor-id=\"42168\" class=\"elementor elementor-42168 elementor-42160\" data-elementor-post-type=\"post\">\n\t\t\t\t\t\t<section class=\"elementor-section elementor-top-section elementor-element elementor-element-c93e8d3 elementor-section-boxed elementor-section-height-default elementor-section-height-default\" data-id=\"c93e8d3\" data-element_type=\"section\" data-e-type=\"section\">\n\t\t\t\t\t\t<div class=\"elementor-container elementor-column-gap-default\">\n\t\t\t\t\t<div class=\"elementor-column elementor-col-100 elementor-top-column elementor-element elementor-element-cdca39d\" data-id=\"cdca39d\" data-element_type=\"column\" data-e-type=\"column\">\n\t\t\t<div class=\"elementor-widget-wrap elementor-element-populated\">\n\t\t\t\t\t\t<div class=\"elementor-element elementor-element-a3ad1d4 elementor-widget elementor-widget-text-editor\" data-id=\"a3ad1d4\" data-element_type=\"widget\" data-e-type=\"widget\" data-widget_type=\"text-editor.default\">\n\t\t\t\t<div class=\"elementor-widget-container\">\n\t\t\t\t\t\t\t\t\t<h3 id=\"letendue-du-talent-canadien-en-matiere-de-cinema-se-voit-et-se-ressent-dans-les-festivals-et-les-marches-du-monde-entier-nos-films-ont-du-succes-dans-le-circuit-international-nos-c\">L\u2019\u00e9tendue du talent canadien en mati\u00e8re de cin\u00e9ma se voit et se ressent dans les festivals et les march\u00e9s du monde entier \u2013 nos films ont du succ\u00e8s dans le circuit international! Nos contenus r\u00e9coltent r\u00e9guli\u00e8rement des prix importants, et des critiques \u00e9logieuses.<\/h3><h4 id=\"\">\u00a0<\/h4><h4><strong>Films canadiens s\u00e9lectionn\u00e9s dans les festivals du monde entier (janvier et f\u00e9vrier) :<\/strong><\/h4>\t\t\t\t\t\t\t\t<\/div>\n\t\t\t\t<\/div>\n\t\t\t\t\t<\/div>\n\t\t<\/div>\n\t\t\t\t\t<\/div>\n\t\t<\/section>\n\t\t\t\t<section class=\"elementor-section elementor-top-section elementor-element elementor-element-70c633b elementor-section-boxed elementor-section-height-default elementor-section-height-default\" data-id=\"70c633b\" data-element_type=\"section\" data-e-type=\"section\">\n\t\t\t\t\t\t<div class=\"elementor-container elementor-column-gap-default\">\n\t\t\t\t\t<div class=\"elementor-column elementor-col-50 elementor-top-column elementor-element elementor-element-97fa808\" data-id=\"97fa808\" data-element_type=\"column\" data-e-type=\"column\">\n\t\t\t<div class=\"elementor-widget-wrap elementor-element-populated\">\n\t\t\t\t\t\t<div class=\"elementor-element elementor-element-085ec81 elementor-widget elementor-widget-text-editor\" data-id=\"085ec81\" data-element_type=\"widget\" data-e-type=\"widget\" data-widget_type=\"text-editor.default\">\n\t\t\t\t<div class=\"elementor-widget-container\">\n\t\t\t\t\t\t\t\t\t<ul><li><a href=\"https:\/\/stage.rdvcanada.ca\/fr\/produit\/akillas-escape\/\"><em><strong>Akilla&#8217;s Escape<\/strong><\/em><\/a> (Gagnant du Best Canadian Feature Award au Victoria Film Festival)<\/li><li><strong><em>Anything for Jackson<\/em> <\/strong>(S\u00e9lectionn\u00e9 au Festival International du Film Fantastique de G\u00e9rardmer &#8211; Comp\u00e9tition)<\/li><li><em><strong>Butchers<\/strong><\/em> (S\u00e9lectionn\u00e9 au Festival International du Film Fantastique de G\u00e9rardme &#8211; Hors comp\u00e9tition)<\/li><li><strong><em>Come True<\/em><\/strong> (S\u00e9lectionn\u00e9 au Festival International du Film Fantastique de G\u00e9rardme &#8211; Hors comp\u00e9tition)<\/li><li><strong><i>Invasion: The Unist&#8217;ot&#8217;en&#8217;s Fight for Sovereignty<\/i> <\/strong>(Victoria Film Festival &#8211; Gagnant de l&#8217;Audience Favorite Short Award)<\/li><li><b><i>Je m&#8217;appelle Humain <\/i><\/b>(Gagnant du Cultural Currents Award au Victoria Film Festival)<\/li><li><strong><em><a href=\"https:\/\/stage.rdvcanada.ca\/fr\/produit\/la-nuit-des-rois\/\">La nuit des rois<\/a><\/em><\/strong>, s\u00e9lectionn\u00e9 \u00e0 :<ul><li>Sundance &#8211; Spotlight<\/li><li>Festival international du film de Rotterdam &#8211; Limelight<\/li><li>Festival international du film d&#8217;Inde (Goa) &#8211; Comp\u00e9tition<\/li><li>Festival du film de G\u00f6teborg &#8211; Comp\u00e9tition internationale<\/li><li>Festival international du film de Kerala &#8211; World Cinema<\/li><li>Journ\u00e9es du film francophone de Budapest &#8211; Comp\u00e9tition<\/li><\/ul><\/li><\/ul>\t\t\t\t\t\t\t\t<\/div>\n\t\t\t\t<\/div>\n\t\t\t\t\t<\/div>\n\t\t<\/div>\n\t\t\t\t<div class=\"elementor-column elementor-col-50 elementor-top-column elementor-element elementor-element-95e728e\" data-id=\"95e728e\" data-element_type=\"column\" data-e-type=\"column\">\n\t\t\t<div class=\"elementor-widget-wrap elementor-element-populated\">\n\t\t\t\t\t\t<div class=\"elementor-element elementor-element-6b71b5e elementor-widget elementor-widget-text-editor\" data-id=\"6b71b5e\" data-element_type=\"widget\" data-e-type=\"widget\" data-widget_type=\"text-editor.default\">\n\t\t\t\t<div class=\"elementor-widget-container\">\n\t\t\t\t\t\t\t\t\t<ul><li><a href=\"https:\/\/stage.rdvcanada.ca\/fr\/produit\/nulle-trace\/\"><b><i>Nulle trace <\/i><\/b><\/a>(S\u00e9lectionn\u00e9 \u00e0 Slamdance)<\/li><li><a href=\"https:\/\/stage.rdvcanada.ca\/fr\/produit\/possessor\/\"><em><strong>Possessor<\/strong><\/em><\/a> (Gagnant du Grand Prix et du Prix de la Meilleure Musique Originale au Festival International du Film Fantastique de G\u00e9rardmer)<\/li><li><strong><em>Psycho Goreman<\/em><\/strong> (S\u00e9lectionn\u00e9 au Festival International du Film Fantastique de G\u00e9rardmer &#8211; Nuit D\u00e9cal\u00e9e)<\/li><li><b><i>Queen of the Andes <\/i><\/b>(Gagnant du Best Canadian First Feature Award au Victoria Film Festival)<\/li><li><strong><em>Slaxx<\/em><\/strong> (S\u00e9lectionn\u00e9 au Festival International du Film Fantastique de G\u00e9rardmer -Nuit D\u00e9cal\u00e9e)<\/li><li><a href=\"https:\/\/stage.rdvcanada.ca\/fr\/produit\/violation\/\"><strong><em>Violation<\/em> <\/strong><\/a>(S\u00e9lectionn\u00e9 \u00e0 Sundance &#8211; Midnight)<\/li><\/ul>\t\t\t\t\t\t\t\t<\/div>\n\t\t\t\t<\/div>\n\t\t\t\t\t<\/div>\n\t\t<\/div>\n\t\t\t\t\t<\/div>\n\t\t<\/section>\n\t\t\t\t<section class=\"elementor-section elementor-top-section elementor-element elementor-element-9775e59 elementor-section-boxed elementor-section-height-default elementor-section-height-default\" data-id=\"9775e59\" data-element_type=\"section\" data-e-type=\"section\">\n\t\t\t\t\t\t<div class=\"elementor-container elementor-column-gap-default\">\n\t\t\t\t\t<div class=\"elementor-column elementor-col-100 elementor-top-column elementor-element elementor-element-313fda5\" data-id=\"313fda5\" data-element_type=\"column\" data-e-type=\"column\">\n\t\t\t<div class=\"elementor-widget-wrap elementor-element-populated\">\n\t\t\t\t\t\t<div class=\"elementor-element elementor-element-122af96 elementor-widget elementor-widget-text-editor\" data-id=\"122af96\" data-element_type=\"widget\" data-e-type=\"widget\" data-widget_type=\"text-editor.default\">\n\t\t\t\t<div class=\"elementor-widget-container\">\n\t\t\t\t\t\t\t\t\t<h4><strong>Shorts<\/strong><\/h4>\t\t\t\t\t\t\t\t<\/div>\n\t\t\t\t<\/div>\n\t\t\t\t\t<\/div>\n\t\t<\/div>\n\t\t\t\t\t<\/div>\n\t\t<\/section>\n\t\t\t\t<section class=\"elementor-section elementor-top-section elementor-element elementor-element-cf0dcfa elementor-section-boxed elementor-section-height-default elementor-section-height-default\" data-id=\"cf0dcfa\" data-element_type=\"section\" data-e-type=\"section\">\n\t\t\t\t\t\t<div class=\"elementor-container elementor-column-gap-default\">\n\t\t\t\t\t<div class=\"elementor-column elementor-col-50 elementor-top-column elementor-element elementor-element-5995ef7\" data-id=\"5995ef7\" data-element_type=\"column\" data-e-type=\"column\">\n\t\t\t<div class=\"elementor-widget-wrap elementor-element-populated\">\n\t\t\t\t\t\t<div class=\"elementor-element elementor-element-d13e34a elementor-widget elementor-widget-text-editor\" data-id=\"d13e34a\" data-element_type=\"widget\" data-e-type=\"widget\" data-widget_type=\"text-editor.default\">\n\t\t\t\t<div class=\"elementor-widget-container\">\n\t\t\t\t\t\t\t\t\t<ul><li><em><strong>Alt\u00f6tting<\/strong><\/em> (S\u00e9lectionn\u00e9 au Festival du Film d&#8217;Animation de Bruxelles (Anima) &#8211; Comp\u00e9tition Internationale, courts m\u00e9trages)<\/li><li><a href=\"https:\/\/stage.rdvcanada.ca\/fr\/produit\/archipel\/\"><em><strong>Archipel<\/strong><\/em><\/a> (S\u00e9lectionn\u00e9 au International Film Festival de Rotterdam &#8211; Big Screen Competition)<\/li><li><a href=\"https:\/\/stage.rdvcanada.ca\/fr\/produit\/black-bodies\/\"><em><strong>Black Bodies<\/strong><\/em><\/a> (S\u00e9lectionn\u00e9 \u00e0 Sundance)<\/li><li><b><i><a href=\"https:\/\/stage.rdvcanada.ca\/fr\/produit\/cache\/\">Cach\u00e9 <\/a><\/i><\/b>(S\u00e9lectionn\u00e9 au Festival International du Court M\u00e9trage de Clermont-Ferrand &#8211; Labo Comp\u00e9tition)<\/li><li><em><strong>Cnfnmnt e\/scp(i)sm\u00a0<\/strong><\/em>(S\u00e9lectionn\u00e9 au G\u00f6teborg International Film Festival &#8211; Lockdown Cinema)<\/li><li><em><strong>Comme un Fleuve<\/strong><\/em> (S\u00e9lectionn\u00e9 au Festival du Film d&#8217;Animation de Bruxelles (Anima) &#8211; S\u00e9lection Officielle, courts m\u00e9trages documentaires)<\/li><li><a href=\"https:\/\/stage.rdvcanada.ca\/fr\/produit\/dans-lattente\/\"><em><strong>Dans l&#8217;attente<\/strong><\/em><\/a> (S\u00e9lectionn\u00e9 au Festival International du Court M\u00e9trage de Clermont-Ferrand &#8211; Comp\u00e9tition Internationale et s\u00e9lectionn\u00e9 \u00e0 Slamdance)<\/li><li><strong><em>Earthearthearth<\/em><\/strong> (S\u00e9lectionn\u00e9 au International Film Festival de Rotterdam &#8211; Ammodo Tiger Short Competition)<\/li><li><em><strong><a href=\"https:\/\/stage.rdvcanada.ca\/fr\/produit\/endomic\/\">Endomic<\/a>\u00a0<\/strong><\/em>(S\u00e9lectionn\u00e9 \u00e0 Slamdance)<\/li><li><em><strong>Fortune!<\/strong><\/em> (S\u00e9lectionn\u00e9 \u00e0 Sundance &#8211; New Frontier)<\/li><li><a href=\"https:\/\/stage.rdvcanada.ca\/fr\/produit\/hot-flash\/\"><em><span style=\"font-weight: bold;\">Hot Flash<\/span><\/em><\/a>\u00a0(S\u00e9lectionn\u00e9 au Festival du Film d&#8217;Animation de Bruxelles (Anima) &#8211; Comp\u00e9tition Internationale,\u00a0 courts m\u00e9trages)<\/li><li><a href=\"https:\/\/stage.rdvcanada.ca\/fr\/produit\/lart-dans-le-sang\/\"><em><strong>L&#8217;art dans le sang <\/strong><\/em><\/a>(Gagnant\u00a0 du Prix du Meilleur Film d&#8217;Animation au Festival International du Court M\u00e9trage de Clermont-Ferrand)<\/li><li><a href=\"https:\/\/stage.rdvcanada.ca\/fr\/produit\/le-danger-en-face\/\"><em><strong>Le danger en face<\/strong><\/em><\/a> (S\u00e9lectionn\u00e9 \u00e0 Slamdance)<\/li><li><em><strong>Le livre de la distance<\/strong><\/em> (S\u00e9lectionn\u00e9 au Festival International de Programmes Audiovisuels de Biarritz (FIPA) &#8211;\u00a0 Smart)<\/li><\/ul>\t\t\t\t\t\t\t\t<\/div>\n\t\t\t\t<\/div>\n\t\t\t\t\t<\/div>\n\t\t<\/div>\n\t\t\t\t<div class=\"elementor-column elementor-col-50 elementor-top-column elementor-element elementor-element-dfda969\" data-id=\"dfda969\" data-element_type=\"column\" data-e-type=\"column\">\n\t\t\t<div class=\"elementor-widget-wrap elementor-element-populated\">\n\t\t\t\t\t\t<div class=\"elementor-element elementor-element-11e58e3 elementor-widget elementor-widget-text-editor\" data-id=\"11e58e3\" data-element_type=\"widget\" data-e-type=\"widget\" data-widget_type=\"text-editor.default\">\n\t\t\t\t<div class=\"elementor-widget-container\">\n\t\t\t\t\t\t\t\t\t<ul><li><em><strong>L\u00e8vres bleues <\/strong><\/em>(S\u00e9lectionn\u00e9 au Festival du Film d&#8217;Animation de Bruxelles (Anima) &#8211; S\u00e9lection Officielle, Saint Valentin)<\/li><li><em><strong>L&#8217;Homme qui \u00e9tait un phare<\/strong><\/em> (S\u00e9lectionn\u00e9 au Festival du Film d&#8217;Animation de Bruxelles (Anima) &#8211; Comp\u00e9tition Internationale,\u00a0 courts m\u00e9trages pour enfants)<\/li><li><a href=\"https:\/\/stage.rdvcanada.ca\/fr\/produit\/les-grandes-claques\/\"><em><strong>Les grandes claques<\/strong><\/em><\/a> (S\u00e9lectionn\u00e9 \u00e0 Sundance)<\/li><li><a href=\"https:\/\/stage.rdvcanada.ca\/fr\/produit\/lointain\/\"><em><strong>Lointain<\/strong><\/em><\/a> (S\u00e9lectionn\u00e9 \u00e0 Slamdance)<\/li><li><a href=\"https:\/\/stage.rdvcanada.ca\/fr\/produit\/lune\/\"><strong><em>Lune<\/em><\/strong><\/a> (S\u00e9lectionn\u00e9 au Festival International du Court M\u00e9trage de Clermont-Ferrand &#8211; Comp\u00e9tition Internationale)<\/li><li><em><strong>Mademoiselle Pigeon<\/strong><\/em> (S\u00e9lectionn\u00e9 au Festival du Film d&#8217;Animation de Bruxelles (Anima) &#8211; S\u00e9lection Officielle, Saint Valentin)<\/li><li><a href=\"https:\/\/stage.rdvcanada.ca\/fr\/produit\/mauvais-presage\/\"><em><strong>Mauvais pr\u00e9sage<\/strong><\/em><\/a> (S\u00e9lectionn\u00e9 au\u00a0 Festival International du Court M\u00e9trage de Clermont-Ferrand &#8211; Comp\u00e9tition Internationale)<\/li><li><a href=\"https:\/\/stage.rdvcanada.ca\/fr\/produit\/mes-facettes\/\"><em><strong>Mes facettes<\/strong><\/em><\/a> (S\u00e9lectionn\u00e9 \u00e0 Slamdance)<\/li><li><em><strong>Motto<\/strong><\/em> (S\u00e9lectionn\u00e9 au Festival International de Programmes Audiovisuels de Biarritz (FIPA) -Smart)<\/li><li><a href=\"https:\/\/stage.rdvcanada.ca\/fr\/produit\/the-fourfold\/\"><em><strong>The Fourfold<\/strong><\/em><\/a> (S\u00e9lectionn\u00e9 \u00e0 Sundance)<\/li><li><em><strong>Up We Soar<\/strong><\/em> (S\u00e9lectionn\u00e9 au Festival du Film d&#8217;Animation de Bruxelles (Anima) &#8211; Comp\u00e9tition Internationale, longs m\u00e9trages &#8211; Hors comp\u00e9tition)<\/li><li><em><strong>We Are in This Apart<\/strong><\/em> (S\u00e9lectionn\u00e9 au G\u00f6teborg International Film Festival &#8211; Lockdown Cinema)<\/li><li><em><strong>Whatever Tree<\/strong><\/em> (S\u00e9lectionn\u00e9 au Festival du Film d&#8217;Animation de Bruxelles (Anima) &#8211; Comp\u00e9tition Internationale, courts m\u00e9trages pour enfants)<\/li><li><a href=\"https:\/\/stage.rdvcanada.ca\/fr\/produit\/ya-pas-dheure-pour-les-femmes\/\"><em><strong>Y&#8217;a pas d&#8217;heure pour les femmes <\/strong><\/em><\/a>(Selectionn\u00e9 au Festival International du Court M\u00e9trage de Clermont-Ferrand &#8211; Comp\u00e9tition Internationale et selectionn\u00e9 \u00e0 Slamdance)<\/li><\/ul>\t\t\t\t\t\t\t\t<\/div>\n\t\t\t\t<\/div>\n\t\t\t\t\t<\/div>\n\t\t<\/div>\n\t\t\t\t\t<\/div>\n\t\t<\/section>\n\t\t\t\t<section class=\"elementor-section elementor-top-section elementor-element elementor-element-68f0d46 elementor-section-boxed elementor-section-height-default elementor-section-height-default\" data-id=\"68f0d46\" data-element_type=\"section\" data-e-type=\"section\">\n\t\t\t\t\t\t<div class=\"elementor-container elementor-column-gap-default\">\n\t\t\t\t\t<div class=\"elementor-column elementor-col-100 elementor-top-column elementor-element elementor-element-2da5b06\" data-id=\"2da5b06\" data-element_type=\"column\" data-e-type=\"column\">\n\t\t\t<div class=\"elementor-widget-wrap elementor-element-populated\">\n\t\t\t\t\t\t<div class=\"elementor-element elementor-element-cf109d1 elementor-widget elementor-widget-text-editor\" data-id=\"cf109d1\" data-element_type=\"widget\" data-e-type=\"widget\" data-widget_type=\"text-editor.default\">\n\t\t\t\t<div class=\"elementor-widget-container\">\n\t\t\t\t\t\t\t\t\t<h4><strong>Films canadiens bient\u00f4t en salles et sur vos \u00e9crans dans le monde<\/strong><\/h4><p>Aussi bien en salles que dans les c\u00e9r\u00e9monies de remise de prix, les festivals internationaux et les march\u00e9s de contenus, le cin\u00e9ma canadien ravit les spectateurs autant que la critique. Nos films sont r\u00e9put\u00e9s pour la qualit\u00e9 de leurs histoires et une r\u00e9alisation de qualit\u00e9 exceptionnelle, et notre industrie s\u2019engage \u00e0 montrer une diversit\u00e9 de voix issues de tous les horizons, tant dans le contenu \u00e0 l\u2019\u00e9cran que dans l\u2019action qui se d\u00e9roule \u00e0 l\u2019arri\u00e8re-sc\u00e8ne.<\/p><p><strong>Voici les nouveaut\u00e9s canadiennes :<\/strong><\/p>\t\t\t\t\t\t\t\t<\/div>\n\t\t\t\t<\/div>\n\t\t\t\t\t<\/div>\n\t\t<\/div>\n\t\t\t\t\t<\/div>\n\t\t<\/section>\n\t\t\t\t<section class=\"elementor-section elementor-top-section elementor-element elementor-element-52e95b7 elementor-section-boxed elementor-section-height-default elementor-section-height-default\" data-id=\"52e95b7\" data-element_type=\"section\" data-e-type=\"section\">\n\t\t\t\t\t\t<div class=\"elementor-container elementor-column-gap-default\">\n\t\t\t\t\t<div class=\"elementor-column elementor-col-100 elementor-top-column elementor-element elementor-element-70cbcb2\" data-id=\"70cbcb2\" data-element_type=\"column\" data-e-type=\"column\">\n\t\t\t<div class=\"elementor-widget-wrap elementor-element-populated\">\n\t\t\t\t\t\t<div class=\"elementor-element elementor-element-5499a2e elementor-widget elementor-widget-text-editor\" data-id=\"5499a2e\" data-element_type=\"widget\" data-e-type=\"widget\" data-widget_type=\"text-editor.default\">\n\t\t\t\t<div class=\"elementor-widget-container\">\n\t\t\t\t\t\t\t\t\t<ul><li><em>Psycho Goreman<\/em><\/li><li><strong><em><a href=\"https:\/\/stage.rdvcanada.ca\/fr\/produit\/falling\/\">Falling<\/a><\/em><\/strong><\/li><\/ul>\t\t\t\t\t\t\t\t<\/div>\n\t\t\t\t<\/div>\n\t\t\t\t\t<\/div>\n\t\t<\/div>\n\t\t\t\t\t<\/div>\n\t\t<\/section>\n\t\t\t\t<\/div>\n\t\t","protected":false},"excerpt":{"rendered":"<p>L\u2019\u00e9tendue du talent canadien en mati\u00e8re de cin\u00e9ma se voit&#8230;<\/p>\n","protected":false},"author":18,"featured_media":42304,"comment_status":"closed","ping_status":"open","sticky":false,"template":"","format":"standard","meta":{"_acf_changed":false,"_crdt_document":"","footnotes":""},"categories":[331,334],"tags":[],"class_list":["post-42168","post","type-post","status-publish","format-standard","has-post-thumbnail","hentry","category-evenements","category-succes"],"acf":[],"yoast_head":"<!-- This site is optimized with the Yoast SEO plugin v27.5 - https:\/\/yoast.com\/product\/yoast-seo-wordpress\/ -->\n<title>Pleins feux sur les films canadiens du mois - Industrie Audiovisuelle Canadienne<\/title>\n<meta name=\"description\" content=\"L\u2019\u00e9tendue du talent canadien en mati\u00e8re de cin\u00e9ma se voit et se ressent dans les festivals et les march\u00e9s du monde entier \u2013 nos films ont du succ\u00e8s dans\" \/>\n<meta name=\"robots\" content=\"noindex, follow, max-snippet:-1, max-image-preview:large, max-video-preview:-1\" \/>\n<meta property=\"og:locale\" content=\"fr_CA\" \/>\n<meta property=\"og:type\" content=\"article\" \/>\n<meta property=\"og:title\" content=\"Pleins feux sur les films canadiens du mois - Industrie Audiovisuelle Canadienne\" \/>\n<meta property=\"og:description\" content=\"L\u2019\u00e9tendue du talent canadien en mati\u00e8re de cin\u00e9ma se voit et se ressent dans les festivals et les march\u00e9s du monde entier \u2013 nos films ont du succ\u00e8s dans\" \/>\n<meta property=\"og:url\" content=\"https:\/\/stage.rdvcanada.ca\/fr\/evenements\/pleins-feux-sur-les-films-canadiens-du-mois-3\/\" \/>\n<meta property=\"og:site_name\" content=\"RDVCanada.ca\" \/>\n<meta property=\"article:publisher\" content=\"https:\/\/www.facebook.com\/telefilmcanada\" \/>\n<meta property=\"article:published_time\" content=\"2021-04-28T19:30:02+00:00\" \/>\n<meta property=\"article:modified_time\" content=\"2021-04-29T16:48:28+00:00\" \/>\n<meta property=\"og:image\" content=\"https:\/\/stage.rdvcanada.ca\/wp-content\/uploads\/2021\/02\/No_Trace_1920x800.jpg\" \/>\n\t<meta property=\"og:image:width\" content=\"1920\" \/>\n\t<meta property=\"og:image:height\" content=\"800\" \/>\n\t<meta property=\"og:image:type\" content=\"image\/jpeg\" \/>\n<meta name=\"author\" content=\"communications\" \/>\n<meta name=\"twitter:card\" content=\"summary_large_image\" \/>\n<meta name=\"twitter:creator\" content=\"@Telefilm_Canada\" \/>\n<meta name=\"twitter:site\" content=\"@Telefilm_Canada\" \/>\n<meta name=\"twitter:label1\" content=\"\u00c9crit par\" \/>\n\t<meta name=\"twitter:data1\" content=\"communications\" \/>\n\t<meta name=\"twitter:label2\" content=\"Estimation du temps de lecture\" \/>\n\t<meta name=\"twitter:data2\" content=\"4 minutes\" \/>\n<script type=\"application\/ld+json\" class=\"yoast-schema-graph\">{\n\t    \"@context\": \"https:\\\/\\\/schema.org\",\n\t    \"@graph\": [\n\t        {\n\t            \"@type\": \"Article\",\n\t            \"@id\": \"https:\\\/\\\/stage.rdvcanada.ca\\\/fr\\\/evenements\\\/pleins-feux-sur-les-films-canadiens-du-mois-3\\\/#article\",\n\t            \"isPartOf\": {\n\t                \"@id\": \"https:\\\/\\\/stage.rdvcanada.ca\\\/fr\\\/evenements\\\/pleins-feux-sur-les-films-canadiens-du-mois-3\\\/\"\n\t            },\n\t            \"author\": {\n\t                \"name\": \"communications\",\n\t                \"@id\": \"https:\\\/\\\/stage.rdvcanada.ca\\\/en\\\/#\\\/schema\\\/person\\\/ce39ad4404a5f3512d580127552ae24d\"\n\t            },\n\t            \"headline\": \"Pleins feux sur les films canadiens du mois\",\n\t            \"datePublished\": \"2021-04-28T19:30:02+00:00\",\n\t            \"dateModified\": \"2021-04-29T16:48:28+00:00\",\n\t            \"mainEntityOfPage\": {\n\t                \"@id\": \"https:\\\/\\\/stage.rdvcanada.ca\\\/fr\\\/evenements\\\/pleins-feux-sur-les-films-canadiens-du-mois-3\\\/\"\n\t            },\n\t            \"wordCount\": 841,\n\t            \"image\": {\n\t                \"@id\": \"https:\\\/\\\/stage.rdvcanada.ca\\\/fr\\\/evenements\\\/pleins-feux-sur-les-films-canadiens-du-mois-3\\\/#primaryimage\"\n\t            },\n\t            \"thumbnailUrl\": \"https:\\\/\\\/stage.rdvcanada.ca\\\/wp-content\\\/uploads\\\/2021\\\/02\\\/No_Trace_1920x800.jpg\",\n\t            \"articleSection\": [\n\t                \"\u00c9v\u00e9nements\",\n\t                \"Succ\u00e8s\"\n\t            ],\n\t            \"inLanguage\": \"fr-CA\"\n\t        },\n\t        {\n\t            \"@type\": \"WebPage\",\n\t            \"@id\": \"https:\\\/\\\/stage.rdvcanada.ca\\\/fr\\\/evenements\\\/pleins-feux-sur-les-films-canadiens-du-mois-3\\\/\",\n\t            \"url\": \"https:\\\/\\\/stage.rdvcanada.ca\\\/fr\\\/evenements\\\/pleins-feux-sur-les-films-canadiens-du-mois-3\\\/\",\n\t            \"name\": \"Pleins feux sur les films canadiens du mois - Industrie Audiovisuelle Canadienne\",\n\t            \"isPartOf\": {\n\t                \"@id\": \"https:\\\/\\\/stage.rdvcanada.ca\\\/en\\\/#website\"\n\t            },\n\t            \"primaryImageOfPage\": {\n\t                \"@id\": \"https:\\\/\\\/stage.rdvcanada.ca\\\/fr\\\/evenements\\\/pleins-feux-sur-les-films-canadiens-du-mois-3\\\/#primaryimage\"\n\t            },\n\t            \"image\": {\n\t                \"@id\": \"https:\\\/\\\/stage.rdvcanada.ca\\\/fr\\\/evenements\\\/pleins-feux-sur-les-films-canadiens-du-mois-3\\\/#primaryimage\"\n\t            },\n\t            \"thumbnailUrl\": \"https:\\\/\\\/stage.rdvcanada.ca\\\/wp-content\\\/uploads\\\/2021\\\/02\\\/No_Trace_1920x800.jpg\",\n\t            \"datePublished\": \"2021-04-28T19:30:02+00:00\",\n\t            \"dateModified\": \"2021-04-29T16:48:28+00:00\",\n\t            \"author\": {\n\t                \"@id\": \"https:\\\/\\\/stage.rdvcanada.ca\\\/en\\\/#\\\/schema\\\/person\\\/ce39ad4404a5f3512d580127552ae24d\"\n\t            },\n\t            \"description\": \"L\u2019\u00e9tendue du talent canadien en mati\u00e8re de cin\u00e9ma se voit et se ressent dans les festivals et les march\u00e9s du monde entier \u2013 nos films ont du succ\u00e8s dans\",\n\t            \"breadcrumb\": {\n\t                \"@id\": \"https:\\\/\\\/stage.rdvcanada.ca\\\/fr\\\/evenements\\\/pleins-feux-sur-les-films-canadiens-du-mois-3\\\/#breadcrumb\"\n\t            },\n\t            \"inLanguage\": \"fr-CA\",\n\t            \"potentialAction\": [\n\t                {\n\t                    \"@type\": \"ReadAction\",\n\t                    \"target\": [\n\t                        \"https:\\\/\\\/stage.rdvcanada.ca\\\/fr\\\/evenements\\\/pleins-feux-sur-les-films-canadiens-du-mois-3\\\/\"\n\t                    ]\n\t                }\n\t            ]\n\t        },\n\t        {\n\t            \"@type\": \"ImageObject\",\n\t            \"inLanguage\": \"fr-CA\",\n\t            \"@id\": \"https:\\\/\\\/stage.rdvcanada.ca\\\/fr\\\/evenements\\\/pleins-feux-sur-les-films-canadiens-du-mois-3\\\/#primaryimage\",\n\t            \"url\": \"https:\\\/\\\/stage.rdvcanada.ca\\\/wp-content\\\/uploads\\\/2021\\\/02\\\/No_Trace_1920x800.jpg\",\n\t            \"contentUrl\": \"https:\\\/\\\/stage.rdvcanada.ca\\\/wp-content\\\/uploads\\\/2021\\\/02\\\/No_Trace_1920x800.jpg\",\n\t            \"width\": 1920,\n\t            \"height\": 800,\n\t            \"caption\": \"No Trace\"\n\t        },\n\t        {\n\t            \"@type\": \"BreadcrumbList\",\n\t            \"@id\": \"https:\\\/\\\/stage.rdvcanada.ca\\\/fr\\\/evenements\\\/pleins-feux-sur-les-films-canadiens-du-mois-3\\\/#breadcrumb\",\n\t            \"itemListElement\": [\n\t                {\n\t                    \"@type\": \"ListItem\",\n\t                    \"position\": 1,\n\t                    \"name\": \"Home\",\n\t                    \"item\": \"https:\\\/\\\/stage.rdvcanada.ca\\\/en\\\/\"\n\t                },\n\t                {\n\t                    \"@type\": \"ListItem\",\n\t                    \"position\": 2,\n\t                    \"name\": \"Pleins feux sur les films canadiens du mois\"\n\t                }\n\t            ]\n\t        },\n\t        {\n\t            \"@type\": \"WebSite\",\n\t            \"@id\": \"https:\\\/\\\/stage.rdvcanada.ca\\\/en\\\/#website\",\n\t            \"url\": \"https:\\\/\\\/stage.rdvcanada.ca\\\/en\\\/\",\n\t            \"name\": \"RDVCanada.ca\",\n\t            \"description\": \"VOIR GRAND. D\u00e9couvrez le meilleur du talent Canadien \u00e0 travers le monde.\",\n\t            \"potentialAction\": [\n\t                {\n\t                    \"@type\": \"SearchAction\",\n\t                    \"target\": {\n\t                        \"@type\": \"EntryPoint\",\n\t                        \"urlTemplate\": \"https:\\\/\\\/stage.rdvcanada.ca\\\/en\\\/?s={search_term_string}\"\n\t                    },\n\t                    \"query-input\": {\n\t                        \"@type\": \"PropertyValueSpecification\",\n\t                        \"valueRequired\": true,\n\t                        \"valueName\": \"search_term_string\"\n\t                    }\n\t                }\n\t            ],\n\t            \"inLanguage\": \"fr-CA\"\n\t        },\n\t        {\n\t            \"@type\": \"Person\",\n\t            \"@id\": \"https:\\\/\\\/stage.rdvcanada.ca\\\/en\\\/#\\\/schema\\\/person\\\/ce39ad4404a5f3512d580127552ae24d\",\n\t            \"name\": \"communications\"\n\t        }\n\t    ]\n\t}<\/script>\n<!-- \/ Yoast SEO plugin. -->","yoast_head_json":{"title":"Pleins feux sur les films canadiens du mois - Industrie Audiovisuelle Canadienne","description":"L\u2019\u00e9tendue du talent canadien en mati\u00e8re de cin\u00e9ma se voit et se ressent dans les festivals et les march\u00e9s du monde entier \u2013 nos films ont du succ\u00e8s dans","robots":{"index":"noindex","follow":"follow","max-snippet":"max-snippet:-1","max-image-preview":"max-image-preview:large","max-video-preview":"max-video-preview:-1"},"og_locale":"fr_CA","og_type":"article","og_title":"Pleins feux sur les films canadiens du mois - Industrie Audiovisuelle Canadienne","og_description":"L\u2019\u00e9tendue du talent canadien en mati\u00e8re de cin\u00e9ma se voit et se ressent dans les festivals et les march\u00e9s du monde entier \u2013 nos films ont du succ\u00e8s dans","og_url":"https:\/\/stage.rdvcanada.ca\/fr\/evenements\/pleins-feux-sur-les-films-canadiens-du-mois-3\/","og_site_name":"RDVCanada.ca","article_publisher":"https:\/\/www.facebook.com\/telefilmcanada","article_published_time":"2021-04-28T19:30:02+00:00","article_modified_time":"2021-04-29T16:48:28+00:00","og_image":[{"width":1920,"height":800,"url":"https:\/\/stage.rdvcanada.ca\/wp-content\/uploads\/2021\/02\/No_Trace_1920x800.jpg","type":"image\/jpeg"}],"author":"communications","twitter_card":"summary_large_image","twitter_creator":"@Telefilm_Canada","twitter_site":"@Telefilm_Canada","twitter_misc":{"\u00c9crit par":"communications","Estimation du temps de lecture":"4 minutes"},"schema":{"@context":"https:\/\/schema.org","@graph":[{"@type":"Article","@id":"https:\/\/stage.rdvcanada.ca\/fr\/evenements\/pleins-feux-sur-les-films-canadiens-du-mois-3\/#article","isPartOf":{"@id":"https:\/\/stage.rdvcanada.ca\/fr\/evenements\/pleins-feux-sur-les-films-canadiens-du-mois-3\/"},"author":{"name":"communications","@id":"https:\/\/stage.rdvcanada.ca\/en\/#\/schema\/person\/ce39ad4404a5f3512d580127552ae24d"},"headline":"Pleins feux sur les films canadiens du mois","datePublished":"2021-04-28T19:30:02+00:00","dateModified":"2021-04-29T16:48:28+00:00","mainEntityOfPage":{"@id":"https:\/\/stage.rdvcanada.ca\/fr\/evenements\/pleins-feux-sur-les-films-canadiens-du-mois-3\/"},"wordCount":841,"image":{"@id":"https:\/\/stage.rdvcanada.ca\/fr\/evenements\/pleins-feux-sur-les-films-canadiens-du-mois-3\/#primaryimage"},"thumbnailUrl":"https:\/\/stage.rdvcanada.ca\/wp-content\/uploads\/2021\/02\/No_Trace_1920x800.jpg","articleSection":["\u00c9v\u00e9nements","Succ\u00e8s"],"inLanguage":"fr-CA"},{"@type":"WebPage","@id":"https:\/\/stage.rdvcanada.ca\/fr\/evenements\/pleins-feux-sur-les-films-canadiens-du-mois-3\/","url":"https:\/\/stage.rdvcanada.ca\/fr\/evenements\/pleins-feux-sur-les-films-canadiens-du-mois-3\/","name":"Pleins feux sur les films canadiens du mois - Industrie Audiovisuelle Canadienne","isPartOf":{"@id":"https:\/\/stage.rdvcanada.ca\/en\/#website"},"primaryImageOfPage":{"@id":"https:\/\/stage.rdvcanada.ca\/fr\/evenements\/pleins-feux-sur-les-films-canadiens-du-mois-3\/#primaryimage"},"image":{"@id":"https:\/\/stage.rdvcanada.ca\/fr\/evenements\/pleins-feux-sur-les-films-canadiens-du-mois-3\/#primaryimage"},"thumbnailUrl":"https:\/\/stage.rdvcanada.ca\/wp-content\/uploads\/2021\/02\/No_Trace_1920x800.jpg","datePublished":"2021-04-28T19:30:02+00:00","dateModified":"2021-04-29T16:48:28+00:00","author":{"@id":"https:\/\/stage.rdvcanada.ca\/en\/#\/schema\/person\/ce39ad4404a5f3512d580127552ae24d"},"description":"L\u2019\u00e9tendue du talent canadien en mati\u00e8re de cin\u00e9ma se voit et se ressent dans les festivals et les march\u00e9s du monde entier \u2013 nos films ont du succ\u00e8s dans","breadcrumb":{"@id":"https:\/\/stage.rdvcanada.ca\/fr\/evenements\/pleins-feux-sur-les-films-canadiens-du-mois-3\/#breadcrumb"},"inLanguage":"fr-CA","potentialAction":[{"@type":"ReadAction","target":["https:\/\/stage.rdvcanada.ca\/fr\/evenements\/pleins-feux-sur-les-films-canadiens-du-mois-3\/"]}]},{"@type":"ImageObject","inLanguage":"fr-CA","@id":"https:\/\/stage.rdvcanada.ca\/fr\/evenements\/pleins-feux-sur-les-films-canadiens-du-mois-3\/#primaryimage","url":"https:\/\/stage.rdvcanada.ca\/wp-content\/uploads\/2021\/02\/No_Trace_1920x800.jpg","contentUrl":"https:\/\/stage.rdvcanada.ca\/wp-content\/uploads\/2021\/02\/No_Trace_1920x800.jpg","width":1920,"height":800,"caption":"No Trace"},{"@type":"BreadcrumbList","@id":"https:\/\/stage.rdvcanada.ca\/fr\/evenements\/pleins-feux-sur-les-films-canadiens-du-mois-3\/#breadcrumb","itemListElement":[{"@type":"ListItem","position":1,"name":"Home","item":"https:\/\/stage.rdvcanada.ca\/en\/"},{"@type":"ListItem","position":2,"name":"Pleins feux sur les films canadiens du mois"}]},{"@type":"WebSite","@id":"https:\/\/stage.rdvcanada.ca\/en\/#website","url":"https:\/\/stage.rdvcanada.ca\/en\/","name":"RDVCanada.ca","description":"VOIR GRAND. D\u00e9couvrez le meilleur du talent Canadien \u00e0 travers le monde.","potentialAction":[{"@type":"SearchAction","target":{"@type":"EntryPoint","urlTemplate":"https:\/\/stage.rdvcanada.ca\/en\/?s={search_term_string}"},"query-input":{"@type":"PropertyValueSpecification","valueRequired":true,"valueName":"search_term_string"}}],"inLanguage":"fr-CA"},{"@type":"Person","@id":"https:\/\/stage.rdvcanada.ca\/en\/#\/schema\/person\/ce39ad4404a5f3512d580127552ae24d","name":"communications"}]}},"_links":{"self":[{"href":"https:\/\/stage.rdvcanada.ca\/fr\/wp-json\/wp\/v2\/posts\/42168","targetHints":{"allow":["GET"]}}],"collection":[{"href":"https:\/\/stage.rdvcanada.ca\/fr\/wp-json\/wp\/v2\/posts"}],"about":[{"href":"https:\/\/stage.rdvcanada.ca\/fr\/wp-json\/wp\/v2\/types\/post"}],"author":[{"embeddable":true,"href":"https:\/\/stage.rdvcanada.ca\/fr\/wp-json\/wp\/v2\/users\/18"}],"replies":[{"embeddable":true,"href":"https:\/\/stage.rdvcanada.ca\/fr\/wp-json\/wp\/v2\/comments?post=42168"}],"version-history":[{"count":0,"href":"https:\/\/stage.rdvcanada.ca\/fr\/wp-json\/wp\/v2\/posts\/42168\/revisions"}],"wp:featuredmedia":[{"embeddable":true,"href":"https:\/\/stage.rdvcanada.ca\/fr\/wp-json\/wp\/v2\/media\/42304"}],"wp:attachment":[{"href":"https:\/\/stage.rdvcanada.ca\/fr\/wp-json\/wp\/v2\/media?parent=42168"}],"wp:term":[{"taxonomy":"category","embeddable":true,"href":"https:\/\/stage.rdvcanada.ca\/fr\/wp-json\/wp\/v2\/categories?post=42168"},{"taxonomy":"post_tag","embeddable":true,"href":"https:\/\/stage.rdvcanada.ca\/fr\/wp-json\/wp\/v2\/tags?post=42168"}],"curies":[{"name":"wp","href":"https:\/\/api.w.org\/{rel}","templated":true}]}}