{"id":42431,"date":"2021-02-24T18:57:32","date_gmt":"2021-02-24T23:57:32","guid":{"rendered":"https:\/\/stage.rdvcanada.ca\/evenements\/canadian-talent-at-the-berlinale\/"},"modified":"2021-02-26T15:47:50","modified_gmt":"2021-02-26T20:47:50","slug":"le-talent-canadien-a-la-berlinale","status":"publish","type":"post","link":"https:\/\/stage.rdvcanada.ca\/fr\/evenements\/le-talent-canadien-a-la-berlinale\/","title":{"rendered":"Le talent canadien brillera \u00e0 la Berlinale"},"content":{"rendered":"\t\t<div data-elementor-type=\"wp-post\" data-elementor-id=\"42431\" class=\"elementor elementor-42431 elementor-42358\" data-elementor-post-type=\"post\">\n\t\t\t\t\t\t<section class=\"elementor-section elementor-top-section elementor-element elementor-element-ffce47a elementor-section-boxed elementor-section-height-default elementor-section-height-default\" data-id=\"ffce47a\" data-element_type=\"section\" data-e-type=\"section\">\n\t\t\t\t\t\t<div class=\"elementor-container elementor-column-gap-default\">\n\t\t\t\t\t<div class=\"elementor-column elementor-col-100 elementor-top-column elementor-element elementor-element-075d924\" data-id=\"075d924\" data-element_type=\"column\" data-e-type=\"column\">\n\t\t\t<div class=\"elementor-widget-wrap elementor-element-populated\">\n\t\t\t\t\t\t<div class=\"elementor-element elementor-element-7b14fc0 elementor-widget elementor-widget-text-editor\" data-id=\"7b14fc0\" data-element_type=\"widget\" data-e-type=\"widget\" data-widget_type=\"text-editor.default\">\n\t\t\t\t<div class=\"elementor-widget-container\">\n\t\t\t\t\t\t\t\t\t<h3>Le Canada sera pr\u00e9sent virtuellement \u00e0 la Berlinale, qui se d\u00e9roulera en ligne du 1<sup>er<\/sup> au 5 mars 2021, et nous sommes ravis de participer \u00e0 des initiatives exceptionnelles au sein de grandes plateformes internationales de l\u2019industrie. \u00c0 l\u2019agenda pour le Canada\u00a0: 20 producteurs \u00e0 Producteurs sans fronti\u00e8res, 12 films dans nos projections march\u00e9 avec Perspective Canada, 10 talents canadiens \u00e0 Berlinale Talents, et bien plus encore!<\/h3>\t\t\t\t\t\t\t\t<\/div>\n\t\t\t\t<\/div>\n\t\t\t\t\t<\/div>\n\t\t<\/div>\n\t\t\t\t\t<\/div>\n\t\t<\/section>\n\t\t\t\t<section class=\"elementor-section elementor-top-section elementor-element elementor-element-041df95 elementor-section-boxed elementor-section-height-default elementor-section-height-default\" data-id=\"041df95\" data-element_type=\"section\" data-e-type=\"section\">\n\t\t\t\t\t\t<div class=\"elementor-container elementor-column-gap-default\">\n\t\t\t\t\t<div class=\"elementor-column elementor-col-50 elementor-top-column elementor-element elementor-element-15b32b7\" data-id=\"15b32b7\" data-element_type=\"column\" data-e-type=\"column\">\n\t\t\t<div class=\"elementor-widget-wrap elementor-element-populated\">\n\t\t\t\t\t\t<div class=\"elementor-element elementor-element-95b5f09 elementor-widget elementor-widget-text-editor\" data-id=\"95b5f09\" data-element_type=\"widget\" data-e-type=\"widget\" data-widget_type=\"text-editor.default\">\n\t\t\t\t<div class=\"elementor-widget-container\">\n\t\t\t\t\t\t\t\t\t<h2><strong><u>Producteurs sans fronti\u00e8res<\/u><\/strong><\/h2><p>La coproduction internationale est la raison d&#8217;\u00eatre de l&#8217;initiative annuelle de T\u00e9l\u00e9film Canada, Producteurs sans fronti\u00e8res. Rencontrez les 20 producteurs canadiens s\u00e9lectionn\u00e9s cette ann\u00e9e, dont les projets en d\u00e9veloppement \u00e0 la recherche de partenaires internationaux. Producteurs sans fronti\u00e8res se d\u00e9roulera en ligne cette ann\u00e9e, mais les rencontres que l&#8217;\u00e9v\u00e9nement permettra seront tout aussi fructueuses.<\/p><h3><strong>Notre cohorte 2021 :<\/strong><\/h3><ul><li><a href=\"https:\/\/stage.rdvcanada.ca\/fr\/creer-avec-le-canada\/trouver-des-partenaires-creatifs\/producteurs\/catherine-chagnon-2\/\">Catherine Chagnon<\/a>, Microclimat Films<\/li><li><a href=\"https:\/\/stage.rdvcanada.ca\/fr\/creer-avec-le-canada\/trouver-des-partenaires-creatifs\/producteurs\/dominique-dussault\/\">Dominique Dussault<\/a>, Nemesis Films<\/li><li><a href=\"https:\/\/stage.rdvcanada.ca\/fr\/creer-avec-le-canada\/trouver-des-partenaires-creatifs\/producteurs\/lauren-grant\/\">Lauren Grant<\/a>, Clique Pictures<\/li><li><a href=\"https:\/\/stage.rdvcanada.ca\/fr\/creer-avec-le-canada\/trouver-des-partenaires-creatifs\/producteurs\/shant-joshi\/\">Shant Joshi<\/a>, Fae Pictures<\/li><li><a href=\"https:\/\/stage.rdvcanada.ca\/fr\/creer-avec-le-canada\/trouver-des-partenaires-creatifs\/producteurs\/warren-sulatycky\/\">Warren Sulatycky<\/a>, Raging River Films<\/li><li><a href=\"https:\/\/stage.rdvcanada.ca\/fr\/creer-avec-le-canada\/trouver-des-partenaires-creatifs\/producteurs\/ava-karvonen\/\">Ava Karvonen<\/a>, Reel Girls Media<\/li><li><a href=\"https:\/\/stage.rdvcanada.ca\/fr\/creer-avec-le-canada\/trouver-des-partenaires-creatifs\/producteurs\/francine-zuckerman\/\">Francine Zuckerman<\/a>, Z Films<\/li><li><a href=\"https:\/\/stage.rdvcanada.ca\/fr\/creer-avec-le-canada\/trouver-des-partenaires-creatifs\/producteurs\/maryanne-zehil\/\">Maryanne Z\u00e9hil<\/a>, Mia Productions<\/li><li><a href=\"https:\/\/stage.rdvcanada.ca\/fr\/creer-avec-le-canada\/trouver-des-partenaires-creatifs\/producteurs\/justin-oakey\/\">Justin Oakey<\/a>, Black River Pictures<\/li><li><a href=\"https:\/\/stage.rdvcanada.ca\/fr\/creer-avec-le-canada\/trouver-des-partenaires-creatifs\/producteurs\/dylan-jenkinson\/\">Dylan Jenkinson<\/a>, Hope of Glory Pictures<\/li><li><a href=\"https:\/\/stage.rdvcanada.ca\/fr\/creer-avec-le-canada\/trouver-des-partenaires-creatifs\/producteurs\/rachelle-chartrand\/\">Rachelle Chartrand<\/a>, My Precious Picture<\/li><li><a href=\"https:\/\/stage.rdvcanada.ca\/fr\/creer-avec-le-canada\/trouver-des-partenaires-creatifs\/compagnies\/caribbeantales-worldwide-distribution\/\">Frances-Anne Solomon<\/a>, CaribbeanTales Media Group<\/li><li><a href=\"https:\/\/stage.rdvcanada.ca\/fr\/creer-avec-le-canada\/trouver-des-partenaires-creatifs\/producteurs\/anand-ramayya\/\">Anand Ramayya<\/a>, Karma Film<\/li><li><a href=\"https:\/\/stage.rdvcanada.ca\/fr\/creer-avec-le-canada\/trouver-des-partenaires-creatifs\/producteurs\/jason-lapeyre\/\">Jason Lapeyre<\/a>, Osaka Sunset Pictures<\/li><li><a href=\"https:\/\/stage.rdvcanada.ca\/fr\/creer-avec-le-canada\/trouver-des-partenaires-creatifs\/compagnies\/embuscade-films\/\">Nicolas Dufour-Laperri\u00e8re<\/a>, Embuscade Films<\/li><li><a href=\"https:\/\/stage.rdvcanada.ca\/fr\/creer-avec-le-canada\/trouver-des-partenaires-creatifs\/producteurs\/vanessa-caceres\/\">Vanessa Caceres<\/a>, The Walk of Fame Entertainment<\/li><li><a href=\"https:\/\/stage.rdvcanada.ca\/fr\/creer-avec-le-canada\/trouver-des-partenaires-creatifs\/producteurs\/leah-mallen\/\">Leah Mallen<\/a>, All in Pictures<\/li><li><a href=\"https:\/\/stage.rdvcanada.ca\/fr\/creer-avec-le-canada\/trouver-des-partenaires-creatifs\/producteurs\/gianna-isabella\/\">Gianna Isabella<\/a>, Gate 67 Films Inc.<\/li><li><a href=\"https:\/\/stage.rdvcanada.ca\/fr\/creer-avec-le-canada\/trouver-des-partenaires-creatifs\/producteurs\/mackenzie-leigh\/\">Mackenzie Leigh<\/a>, Heart Shaped Movies<\/li><li><a href=\"https:\/\/stage.rdvcanada.ca\/fr\/creer-avec-le-canada\/trouver-des-partenaires-creatifs\/producteurs\/natasha-semone-vassell\/\">Natasha Semone Vassell<\/a>, Diva Films<\/li><\/ul>\t\t\t\t\t\t\t\t<\/div>\n\t\t\t\t<\/div>\n\t\t\t\t\t<\/div>\n\t\t<\/div>\n\t\t\t\t<div class=\"elementor-column elementor-col-50 elementor-top-column elementor-element elementor-element-452b33e\" data-id=\"452b33e\" data-element_type=\"column\" data-e-type=\"column\">\n\t\t\t<div class=\"elementor-widget-wrap elementor-element-populated\">\n\t\t\t\t\t\t<div class=\"elementor-element elementor-element-f17ab92 elementor-widget elementor-widget-text-editor\" data-id=\"f17ab92\" data-element_type=\"widget\" data-e-type=\"widget\" data-widget_type=\"text-editor.default\">\n\t\t\t\t<div class=\"elementor-widget-container\">\n\t\t\t\t\t\t\t\t\t<h2><strong><u>Berlinale Talents<\/u><\/strong><\/h2><p>Chaque ann\u00e9e, gr\u00e2ce au Programme de d\u00e9veloppement <em>Berlinale Talents<\/em>, les talents \u00e9mergents ont la possibilit\u00e9 d&#8217;incuber, d&#8217;apprendre et de tisser des liens avec des artistes, des cr\u00e9ateurs, des invit\u00e9s et la presse pour lancer leurs carri\u00e8res de fa\u00e7on inspirante! Au EFM, les 205 talents invit\u00e9s cette ann\u00e9e (r\u00e9alisateurs, acteurs, producteurs, designers, distributeurs, et plus) comprendront 10 Canadiens. D\u00e9couvrez le th\u00e8me de cette ann\u00e9e, \u00ab\u00a0R\u00eaves\u00a0\u00bb, et comment participer aux \u00e9v\u00e9nements, panels et conf\u00e9rences diffus\u00e9s en continu ici : <a href=\"https:\/\/www.berlinale-talents.de\/bt\/page\/c\/main\">Berlinale Talents<\/a>.<\/p><h3 id=\"decouvrez-les-talents-canadiens-de-2021\">D\u00e9couvrez les talents canadiens de 2021\u00a0:<\/h3><ul><li>Rodrigo Barriuso Gonzalez-Mora, r\u00e9alisateur (Canada, Cuba)<\/li><li>Julien Chheng, r\u00e9alisateur \u200b (France, Canada)<\/li><li>Melanie Garros, cheffe d\u00e9coratrice \/ directrice artistique\u200b (Canada, France)<\/li><li>Hilary Hart, distributrice\u200b (Canada)<\/li><li>Meher Jaffri, producteur (Pakistan, Canada)<\/li><li>Leila Khalilzadeh, r\u00e9alisatrice (Canada, Iran)<\/li><li>Nina Kiridzija, actrice (Canada)<\/li><li>Joannie Lafreni\u00e8re, r\u00e9alisatrice (Canada)<\/li><li>Jenna Neepin, r\u00e9alisatrice \u200b (Canada)<\/li><li>Jo\u00eble Walinga, r\u00e9alisatrice (Portugal, Canada)<\/li><\/ul>\t\t\t\t\t\t\t\t<\/div>\n\t\t\t\t<\/div>\n\t\t\t\t\t<\/div>\n\t\t<\/div>\n\t\t\t\t\t<\/div>\n\t\t<\/section>\n\t\t\t\t<section class=\"elementor-section elementor-top-section elementor-element elementor-element-4d071e9 elementor-section-boxed elementor-section-height-default elementor-section-height-default\" data-id=\"4d071e9\" data-element_type=\"section\" data-e-type=\"section\">\n\t\t\t\t\t\t<div class=\"elementor-container elementor-column-gap-default\">\n\t\t\t\t\t<div class=\"elementor-column elementor-col-50 elementor-top-column elementor-element elementor-element-f272471\" data-id=\"f272471\" data-element_type=\"column\" data-e-type=\"column\">\n\t\t\t<div class=\"elementor-widget-wrap elementor-element-populated\">\n\t\t\t\t\t\t<div class=\"elementor-element elementor-element-9d76d64 elementor-widget elementor-widget-text-editor\" data-id=\"9d76d64\" data-element_type=\"widget\" data-e-type=\"widget\" data-widget_type=\"text-editor.default\">\n\t\t\t\t<div class=\"elementor-widget-container\">\n\t\t\t\t\t\t\t\t\t<h3><strong style=\"font-family: inherit; color: #d6001c; font-size: 1.875rem;\"><u>Projections au march\u00e9<\/u><\/strong><\/h3><p>Avec plus de 470 entreprises de pr\u00e8s de 60 pays inscrites aux projections virtuelles de l&#8217;EFM cette ann\u00e9e, les professionnels de l&#8217;industrie ne voudront pas manquer l&#8217;occasion d&#8217;\u00e9changer avec des partenaires commerciaux et des collaborateurs potentiels venant du monde entier. D\u00e9couvrez la s\u00e9lection <strong>Perspective Canada<\/strong>, une s\u00e9rie de projections au march\u00e9 organis\u00e9es par T\u00e9l\u00e9film Canada.<\/p><h3><strong>Perspective Canada:<\/strong><\/h3><ul><li><a href=\"https:\/\/stage.rdvcanada.ca\/fr\/produit\/like-a-house-on-fire\/\"><em>Like a House on Fire<\/em><\/a> de Jesse Noah Klein<\/li><li><a href=\"https:\/\/stage.rdvcanada.ca\/fr\/produit\/sugar-daddy\/\"><em>Sugar Daddy<\/em><\/a> de Wendy Morgan<\/li><li><a href=\"https:\/\/stage.rdvcanada.ca\/fr\/produit\/no-ordinary-man\/\"><em>No Ordinary Man<\/em><\/a> de Aisling Chin-Yee &amp; Chase Joynt<\/li><li><a href=\"https:\/\/stage.rdvcanada.ca\/fr\/produit\/souterrain\/\"><em>Souterrain<\/em><\/a> de Sophie Dupuis<\/li><li><a href=\"https:\/\/stage.rdvcanada.ca\/fr\/produit\/archipel\/\"><em>Archipel<\/em><\/a> de F\u00e9lix Dufour-Laperri\u00e8re<\/li><li><a href=\"https:\/\/stage.rdvcanada.ca\/fr\/produit\/la-face-cachee-du-baklava\/\"><em>La face cach\u00e9e du baklava<\/em><\/a> de Maryanne Z\u00e9hil<\/li><li><a href=\"https:\/\/stage.rdvcanada.ca\/fr\/produit\/felix-et-le-tresor-de-morgaa\/\"><em>F\u00e9lix et le tr\u00e9sor de Morga\u00e4<\/em><\/a> de Nicola Lemay<\/li><li><a href=\"https:\/\/stage.rdvcanada.ca\/fr\/produit\/nulle-trace\/\"><em>Nulle Trace<\/em><\/a> de\u00a0<\/li><li>Simon Lavoie<\/li><li><a href=\"https:\/\/stage.rdvcanada.ca\/fr\/produit\/beans-2\/\"><em>Beans<\/em><\/a> de Tracey Deer<\/li><li><a href=\"https:\/\/stage.rdvcanada.ca\/fr\/produit\/jasmine-road\/\"><em>Jasmine Road<\/em><\/a> de Warren Sulatycky\u00a0<\/li><li><a href=\"https:\/\/stage.rdvcanada.ca\/fr\/produit\/la-trahison-de-la-providence-divine\/\"><em>The Corruption of Divine Providence<\/em><\/a> de Jeremy Torrie<\/li><li><em><a href=\"https:\/\/stage.rdvcanada.ca\/fr\/produit\/hygiene-sociale\/\">Hygi\u00e8ne Sociale<\/a><\/em> de\u00a0Denis C\u00f4t\u00e9<\/li><li><a href=\"https:\/\/stage.rdvcanada.ca\/fr\/produit\/tabija\/\">The White Fortress (Tabija)<\/a> de Igor Drljaca\u00a0<\/li><\/ul><h3><strong>S\u00e9lections Berlinale Series au march\u00e9:<\/strong><\/h3><ul><li><em>Mon fils<\/em> de Mariloup Wolfe<em> (s\u00e9rie \u00e9pisodique)<\/em><\/li><\/ul>\t\t\t\t\t\t\t\t<\/div>\n\t\t\t\t<\/div>\n\t\t\t\t\t<\/div>\n\t\t<\/div>\n\t\t\t\t<div class=\"elementor-column elementor-col-50 elementor-top-column elementor-element elementor-element-2c5f7c8\" data-id=\"2c5f7c8\" data-element_type=\"column\" data-e-type=\"column\">\n\t\t\t<div class=\"elementor-widget-wrap elementor-element-populated\">\n\t\t\t\t\t\t<div class=\"elementor-element elementor-element-a31196d elementor-widget elementor-widget-image\" data-id=\"a31196d\" data-element_type=\"widget\" data-e-type=\"widget\" data-widget_type=\"image.default\">\n\t\t\t\t<div class=\"elementor-widget-container\">\n\t\t\t\t\t\t\t\t\t\t\t\t\t\t\t<img decoding=\"async\" width=\"1\" height=\"1\" src=\"https:\/\/stage.rdvcanada.ca\/wp-content\/uploads\/gravity_forms\/7-b153bacda73dd76449b4941ad8241bc4\/2020\/05\/LIKE-A-HOUSE-ON-FIRE_still-1-cre\u0301dit-Lindsay-Sarazin-scaled.jpg\" class=\"attachment-large size-large wp-image-37430\" alt=\"\" loading=\"lazy\" \/>\t\t\t\t\t\t\t\t\t\t\t\t\t\t\t<\/div>\n\t\t\t\t<\/div>\n\t\t\t\t<div class=\"elementor-element elementor-element-5efeadc elementor-widget elementor-widget-image\" data-id=\"5efeadc\" data-element_type=\"widget\" data-e-type=\"widget\" data-widget_type=\"image.default\">\n\t\t\t\t<div class=\"elementor-widget-container\">\n\t\t\t\t\t\t\t\t\t\t\t\t\t\t\t<img decoding=\"async\" width=\"1\" height=\"1\" src=\"https:\/\/stage.rdvcanada.ca\/wp-content\/uploads\/gravity_forms\/14-b14d1c13e08a0fcd001d6adef8420edc\/2021\/02\/Capture-decran-2021-02-22-132621.jpg\" class=\"attachment-large size-large wp-image-42279\" alt=\"\" loading=\"lazy\" \/>\t\t\t\t\t\t\t\t\t\t\t\t\t\t\t<\/div>\n\t\t\t\t<\/div>\n\t\t\t\t\t<\/div>\n\t\t<\/div>\n\t\t\t\t\t<\/div>\n\t\t<\/section>\n\t\t\t\t<section class=\"elementor-section elementor-top-section elementor-element elementor-element-da64ffb elementor-section-boxed elementor-section-height-default elementor-section-height-default\" data-id=\"da64ffb\" data-element_type=\"section\" data-e-type=\"section\">\n\t\t\t\t\t\t<div class=\"elementor-container elementor-column-gap-default\">\n\t\t\t\t\t<div class=\"elementor-column elementor-col-100 elementor-top-column elementor-element elementor-element-781399a\" data-id=\"781399a\" data-element_type=\"column\" data-e-type=\"column\">\n\t\t\t<div class=\"elementor-widget-wrap elementor-element-populated\">\n\t\t\t\t\t\t<div class=\"elementor-element elementor-element-55e5a5e elementor-widget elementor-widget-text-editor\" data-id=\"55e5a5e\" data-element_type=\"widget\" data-e-type=\"widget\" data-widget_type=\"text-editor.default\">\n\t\t\t\t<div class=\"elementor-widget-container\">\n\t\t\t\t\t\t\t\t\t<h2><strong><u>Books at Berlinale<\/u><\/strong><\/h2><p>Certains films magnifiques, percutants et \u00e0 succ\u00e8s sont issus d&#8217;adaptations de livres \u00e0 l&#8217;\u00e9cran. Vous ne voudrez pas manquer l&#8217;\u00e9v\u00e9nement <em>Books at Berlinale<\/em>, organis\u00e9 par le March\u00e9 de la coproduction EFM et le Salon du livre de Francfort.<\/p><p>Organis\u00e9 par T\u00e9l\u00e9film Canada (alors que le Canada sera le pays \u00e0 l&#8217;honneur \u00e0 la fin 2021), l&#8217;\u00e9v\u00e9nement de pr\u00e9sentation virtuelle de cette ann\u00e9e est pr\u00e9vu pour le 4 mars.<\/p><p>Le Canada est repr\u00e9sent\u00e9 dans deux projets parmi les dix romans s\u00e9lectionn\u00e9s sur 160 soumissions, qui seront pr\u00e9sent\u00e9s par les \u00e9diteurs et les agents litt\u00e9raires aux producteurs de films.<\/p><ul><li><em>La trajectoire des confettis <\/em>de Marie-\u00c8ve Thuot (\u00c9ditions Les Herbes rouges)<\/li><li><em>Fatherland<\/em> par la Canadienne Nina Bunjevac<\/li><\/ul><p><em>\u00a0<\/em><\/p><p><em><strong>Visitez notre <a href=\"https:\/\/stage.rdvcanada.ca\/fr\/festivals\/berlin-2021-2\/\">page de programmation Berlinale<\/a> pour les nouvelles et les mises \u00e0 jour!<\/strong><\/em><\/p>\t\t\t\t\t\t\t\t<\/div>\n\t\t\t\t<\/div>\n\t\t\t\t\t<\/div>\n\t\t<\/div>\n\t\t\t\t\t<\/div>\n\t\t<\/section>\n\t\t\t\t<\/div>\n\t\t","protected":false},"excerpt":{"rendered":"<p>Le Canada sera pr\u00e9sent virtuellement \u00e0 la Berlinale, qui se&#8230;<\/p>\n","protected":false},"author":150,"featured_media":42378,"comment_status":"closed","ping_status":"open","sticky":false,"template":"","format":"standard","meta":{"_acf_changed":false,"_crdt_document":"","footnotes":""},"categories":[331],"tags":[],"class_list":["post-42431","post","type-post","status-publish","format-standard","has-post-thumbnail","hentry","category-evenements","posts_festivals-berlin-2021-fr"],"acf":[],"yoast_head":"<!-- This site is optimized with the Yoast SEO plugin v27.5 - https:\/\/yoast.com\/product\/yoast-seo-wordpress\/ -->\n<title>Le talent canadien brillera \u00e0 la Berlinale - Industrie Audiovisuelle Canadienne<\/title>\n<meta name=\"description\" content=\"Le Canada sera pr\u00e9sent virtuellement \u00e0 la Berlinale, qui se d\u00e9roulera en ligne du 1er au 5 mars 2021, et nous sommes ravis de participer \u00e0 des initiatives\" \/>\n<meta name=\"robots\" content=\"noindex, follow, max-snippet:-1, max-image-preview:large, max-video-preview:-1\" \/>\n<meta property=\"og:locale\" content=\"fr_CA\" \/>\n<meta property=\"og:type\" content=\"article\" \/>\n<meta property=\"og:title\" content=\"Le talent canadien brillera \u00e0 la Berlinale - Industrie Audiovisuelle Canadienne\" \/>\n<meta property=\"og:description\" content=\"Le Canada sera pr\u00e9sent virtuellement \u00e0 la Berlinale, qui se d\u00e9roulera en ligne du 1er au 5 mars 2021, et nous sommes ravis de participer \u00e0 des initiatives\" \/>\n<meta property=\"og:url\" content=\"https:\/\/stage.rdvcanada.ca\/fr\/evenements\/le-talent-canadien-a-la-berlinale\/\" \/>\n<meta property=\"og:site_name\" content=\"RDVCanada.ca\" \/>\n<meta property=\"article:publisher\" content=\"https:\/\/www.facebook.com\/telefilmcanada\" \/>\n<meta property=\"article:published_time\" content=\"2021-02-24T23:57:32+00:00\" \/>\n<meta property=\"article:modified_time\" content=\"2021-02-26T20:47:50+00:00\" \/>\n<meta property=\"og:image\" content=\"https:\/\/stage.rdvcanada.ca\/wp-content\/uploads\/2021\/02\/Berlinale-1920-800-talents.png\" \/>\n\t<meta property=\"og:image:width\" content=\"1920\" \/>\n\t<meta property=\"og:image:height\" content=\"800\" \/>\n\t<meta property=\"og:image:type\" content=\"image\/png\" \/>\n<meta name=\"author\" content=\"Sandrine Couture\" \/>\n<meta name=\"twitter:card\" content=\"summary_large_image\" \/>\n<meta name=\"twitter:creator\" content=\"@Telefilm_Canada\" \/>\n<meta name=\"twitter:site\" content=\"@Telefilm_Canada\" \/>\n<meta name=\"twitter:label1\" content=\"\u00c9crit par\" \/>\n\t<meta name=\"twitter:data1\" content=\"Sandrine Couture\" \/>\n\t<meta name=\"twitter:label2\" content=\"Estimation du temps de lecture\" \/>\n\t<meta name=\"twitter:data2\" content=\"4 minutes\" \/>\n<script type=\"application\/ld+json\" class=\"yoast-schema-graph\">{\n\t    \"@context\": \"https:\\\/\\\/schema.org\",\n\t    \"@graph\": [\n\t        {\n\t            \"@type\": \"Article\",\n\t            \"@id\": \"https:\\\/\\\/stage.rdvcanada.ca\\\/fr\\\/evenements\\\/le-talent-canadien-a-la-berlinale\\\/#article\",\n\t            \"isPartOf\": {\n\t                \"@id\": \"https:\\\/\\\/stage.rdvcanada.ca\\\/fr\\\/evenements\\\/le-talent-canadien-a-la-berlinale\\\/\"\n\t            },\n\t            \"author\": {\n\t                \"name\": \"Sandrine Couture\",\n\t                \"@id\": \"https:\\\/\\\/stage.rdvcanada.ca\\\/en\\\/#\\\/schema\\\/person\\\/854b83df133706ec69e3612f46d84934\"\n\t            },\n\t            \"headline\": \"Le talent canadien brillera \u00e0 la Berlinale\",\n\t            \"datePublished\": \"2021-02-24T23:57:32+00:00\",\n\t            \"dateModified\": \"2021-02-26T20:47:50+00:00\",\n\t            \"mainEntityOfPage\": {\n\t                \"@id\": \"https:\\\/\\\/stage.rdvcanada.ca\\\/fr\\\/evenements\\\/le-talent-canadien-a-la-berlinale\\\/\"\n\t            },\n\t            \"wordCount\": 716,\n\t            \"image\": {\n\t                \"@id\": \"https:\\\/\\\/stage.rdvcanada.ca\\\/fr\\\/evenements\\\/le-talent-canadien-a-la-berlinale\\\/#primaryimage\"\n\t            },\n\t            \"thumbnailUrl\": \"https:\\\/\\\/stage.rdvcanada.ca\\\/wp-content\\\/uploads\\\/2021\\\/02\\\/Berlinale-1920-800-talents.png\",\n\t            \"articleSection\": [\n\t                \"\u00c9v\u00e9nements\"\n\t            ],\n\t            \"inLanguage\": \"fr-CA\"\n\t        },\n\t        {\n\t            \"@type\": \"WebPage\",\n\t            \"@id\": \"https:\\\/\\\/stage.rdvcanada.ca\\\/fr\\\/evenements\\\/le-talent-canadien-a-la-berlinale\\\/\",\n\t            \"url\": \"https:\\\/\\\/stage.rdvcanada.ca\\\/fr\\\/evenements\\\/le-talent-canadien-a-la-berlinale\\\/\",\n\t            \"name\": \"Le talent canadien brillera \u00e0 la Berlinale - Industrie Audiovisuelle Canadienne\",\n\t            \"isPartOf\": {\n\t                \"@id\": \"https:\\\/\\\/stage.rdvcanada.ca\\\/en\\\/#website\"\n\t            },\n\t            \"primaryImageOfPage\": {\n\t                \"@id\": \"https:\\\/\\\/stage.rdvcanada.ca\\\/fr\\\/evenements\\\/le-talent-canadien-a-la-berlinale\\\/#primaryimage\"\n\t            },\n\t            \"image\": {\n\t                \"@id\": \"https:\\\/\\\/stage.rdvcanada.ca\\\/fr\\\/evenements\\\/le-talent-canadien-a-la-berlinale\\\/#primaryimage\"\n\t            },\n\t            \"thumbnailUrl\": \"https:\\\/\\\/stage.rdvcanada.ca\\\/wp-content\\\/uploads\\\/2021\\\/02\\\/Berlinale-1920-800-talents.png\",\n\t            \"datePublished\": \"2021-02-24T23:57:32+00:00\",\n\t            \"dateModified\": \"2021-02-26T20:47:50+00:00\",\n\t            \"author\": {\n\t                \"@id\": \"https:\\\/\\\/stage.rdvcanada.ca\\\/en\\\/#\\\/schema\\\/person\\\/854b83df133706ec69e3612f46d84934\"\n\t            },\n\t            \"description\": \"Le Canada sera pr\u00e9sent virtuellement \u00e0 la Berlinale, qui se d\u00e9roulera en ligne du 1er au 5 mars 2021, et nous sommes ravis de participer \u00e0 des initiatives\",\n\t            \"breadcrumb\": {\n\t                \"@id\": \"https:\\\/\\\/stage.rdvcanada.ca\\\/fr\\\/evenements\\\/le-talent-canadien-a-la-berlinale\\\/#breadcrumb\"\n\t            },\n\t            \"inLanguage\": \"fr-CA\",\n\t            \"potentialAction\": [\n\t                {\n\t                    \"@type\": \"ReadAction\",\n\t                    \"target\": [\n\t                        \"https:\\\/\\\/stage.rdvcanada.ca\\\/fr\\\/evenements\\\/le-talent-canadien-a-la-berlinale\\\/\"\n\t                    ]\n\t                }\n\t            ]\n\t        },\n\t        {\n\t            \"@type\": \"ImageObject\",\n\t            \"inLanguage\": \"fr-CA\",\n\t            \"@id\": \"https:\\\/\\\/stage.rdvcanada.ca\\\/fr\\\/evenements\\\/le-talent-canadien-a-la-berlinale\\\/#primaryimage\",\n\t            \"url\": \"https:\\\/\\\/stage.rdvcanada.ca\\\/wp-content\\\/uploads\\\/2021\\\/02\\\/Berlinale-1920-800-talents.png\",\n\t            \"contentUrl\": \"https:\\\/\\\/stage.rdvcanada.ca\\\/wp-content\\\/uploads\\\/2021\\\/02\\\/Berlinale-1920-800-talents.png\",\n\t            \"width\": 1920,\n\t            \"height\": 800\n\t        },\n\t        {\n\t            \"@type\": \"BreadcrumbList\",\n\t            \"@id\": \"https:\\\/\\\/stage.rdvcanada.ca\\\/fr\\\/evenements\\\/le-talent-canadien-a-la-berlinale\\\/#breadcrumb\",\n\t            \"itemListElement\": [\n\t                {\n\t                    \"@type\": \"ListItem\",\n\t                    \"position\": 1,\n\t                    \"name\": \"Home\",\n\t                    \"item\": \"https:\\\/\\\/stage.rdvcanada.ca\\\/en\\\/\"\n\t                },\n\t                {\n\t                    \"@type\": \"ListItem\",\n\t                    \"position\": 2,\n\t                    \"name\": \"Le talent canadien brillera \u00e0 la Berlinale\"\n\t                }\n\t            ]\n\t        },\n\t        {\n\t            \"@type\": \"WebSite\",\n\t            \"@id\": \"https:\\\/\\\/stage.rdvcanada.ca\\\/en\\\/#website\",\n\t            \"url\": \"https:\\\/\\\/stage.rdvcanada.ca\\\/en\\\/\",\n\t            \"name\": \"RDVCanada.ca\",\n\t            \"description\": \"VOIR GRAND. D\u00e9couvrez le meilleur du talent Canadien \u00e0 travers le monde.\",\n\t            \"potentialAction\": [\n\t                {\n\t                    \"@type\": \"SearchAction\",\n\t                    \"target\": {\n\t                        \"@type\": \"EntryPoint\",\n\t                        \"urlTemplate\": \"https:\\\/\\\/stage.rdvcanada.ca\\\/en\\\/?s={search_term_string}\"\n\t                    },\n\t                    \"query-input\": {\n\t                        \"@type\": \"PropertyValueSpecification\",\n\t                        \"valueRequired\": true,\n\t                        \"valueName\": \"search_term_string\"\n\t                    }\n\t                }\n\t            ],\n\t            \"inLanguage\": \"fr-CA\"\n\t        },\n\t        {\n\t            \"@type\": \"Person\",\n\t            \"@id\": \"https:\\\/\\\/stage.rdvcanada.ca\\\/en\\\/#\\\/schema\\\/person\\\/854b83df133706ec69e3612f46d84934\",\n\t            \"name\": \"Sandrine Couture\"\n\t        }\n\t    ]\n\t}<\/script>\n<!-- \/ Yoast SEO plugin. -->","yoast_head_json":{"title":"Le talent canadien brillera \u00e0 la Berlinale - Industrie Audiovisuelle Canadienne","description":"Le Canada sera pr\u00e9sent virtuellement \u00e0 la Berlinale, qui se d\u00e9roulera en ligne du 1er au 5 mars 2021, et nous sommes ravis de participer \u00e0 des initiatives","robots":{"index":"noindex","follow":"follow","max-snippet":"max-snippet:-1","max-image-preview":"max-image-preview:large","max-video-preview":"max-video-preview:-1"},"og_locale":"fr_CA","og_type":"article","og_title":"Le talent canadien brillera \u00e0 la Berlinale - Industrie Audiovisuelle Canadienne","og_description":"Le Canada sera pr\u00e9sent virtuellement \u00e0 la Berlinale, qui se d\u00e9roulera en ligne du 1er au 5 mars 2021, et nous sommes ravis de participer \u00e0 des initiatives","og_url":"https:\/\/stage.rdvcanada.ca\/fr\/evenements\/le-talent-canadien-a-la-berlinale\/","og_site_name":"RDVCanada.ca","article_publisher":"https:\/\/www.facebook.com\/telefilmcanada","article_published_time":"2021-02-24T23:57:32+00:00","article_modified_time":"2021-02-26T20:47:50+00:00","og_image":[{"width":1920,"height":800,"url":"https:\/\/stage.rdvcanada.ca\/wp-content\/uploads\/2021\/02\/Berlinale-1920-800-talents.png","type":"image\/png"}],"author":"Sandrine Couture","twitter_card":"summary_large_image","twitter_creator":"@Telefilm_Canada","twitter_site":"@Telefilm_Canada","twitter_misc":{"\u00c9crit par":"Sandrine Couture","Estimation du temps de lecture":"4 minutes"},"schema":{"@context":"https:\/\/schema.org","@graph":[{"@type":"Article","@id":"https:\/\/stage.rdvcanada.ca\/fr\/evenements\/le-talent-canadien-a-la-berlinale\/#article","isPartOf":{"@id":"https:\/\/stage.rdvcanada.ca\/fr\/evenements\/le-talent-canadien-a-la-berlinale\/"},"author":{"name":"Sandrine Couture","@id":"https:\/\/stage.rdvcanada.ca\/en\/#\/schema\/person\/854b83df133706ec69e3612f46d84934"},"headline":"Le talent canadien brillera \u00e0 la Berlinale","datePublished":"2021-02-24T23:57:32+00:00","dateModified":"2021-02-26T20:47:50+00:00","mainEntityOfPage":{"@id":"https:\/\/stage.rdvcanada.ca\/fr\/evenements\/le-talent-canadien-a-la-berlinale\/"},"wordCount":716,"image":{"@id":"https:\/\/stage.rdvcanada.ca\/fr\/evenements\/le-talent-canadien-a-la-berlinale\/#primaryimage"},"thumbnailUrl":"https:\/\/stage.rdvcanada.ca\/wp-content\/uploads\/2021\/02\/Berlinale-1920-800-talents.png","articleSection":["\u00c9v\u00e9nements"],"inLanguage":"fr-CA"},{"@type":"WebPage","@id":"https:\/\/stage.rdvcanada.ca\/fr\/evenements\/le-talent-canadien-a-la-berlinale\/","url":"https:\/\/stage.rdvcanada.ca\/fr\/evenements\/le-talent-canadien-a-la-berlinale\/","name":"Le talent canadien brillera \u00e0 la Berlinale - Industrie Audiovisuelle Canadienne","isPartOf":{"@id":"https:\/\/stage.rdvcanada.ca\/en\/#website"},"primaryImageOfPage":{"@id":"https:\/\/stage.rdvcanada.ca\/fr\/evenements\/le-talent-canadien-a-la-berlinale\/#primaryimage"},"image":{"@id":"https:\/\/stage.rdvcanada.ca\/fr\/evenements\/le-talent-canadien-a-la-berlinale\/#primaryimage"},"thumbnailUrl":"https:\/\/stage.rdvcanada.ca\/wp-content\/uploads\/2021\/02\/Berlinale-1920-800-talents.png","datePublished":"2021-02-24T23:57:32+00:00","dateModified":"2021-02-26T20:47:50+00:00","author":{"@id":"https:\/\/stage.rdvcanada.ca\/en\/#\/schema\/person\/854b83df133706ec69e3612f46d84934"},"description":"Le Canada sera pr\u00e9sent virtuellement \u00e0 la Berlinale, qui se d\u00e9roulera en ligne du 1er au 5 mars 2021, et nous sommes ravis de participer \u00e0 des initiatives","breadcrumb":{"@id":"https:\/\/stage.rdvcanada.ca\/fr\/evenements\/le-talent-canadien-a-la-berlinale\/#breadcrumb"},"inLanguage":"fr-CA","potentialAction":[{"@type":"ReadAction","target":["https:\/\/stage.rdvcanada.ca\/fr\/evenements\/le-talent-canadien-a-la-berlinale\/"]}]},{"@type":"ImageObject","inLanguage":"fr-CA","@id":"https:\/\/stage.rdvcanada.ca\/fr\/evenements\/le-talent-canadien-a-la-berlinale\/#primaryimage","url":"https:\/\/stage.rdvcanada.ca\/wp-content\/uploads\/2021\/02\/Berlinale-1920-800-talents.png","contentUrl":"https:\/\/stage.rdvcanada.ca\/wp-content\/uploads\/2021\/02\/Berlinale-1920-800-talents.png","width":1920,"height":800},{"@type":"BreadcrumbList","@id":"https:\/\/stage.rdvcanada.ca\/fr\/evenements\/le-talent-canadien-a-la-berlinale\/#breadcrumb","itemListElement":[{"@type":"ListItem","position":1,"name":"Home","item":"https:\/\/stage.rdvcanada.ca\/en\/"},{"@type":"ListItem","position":2,"name":"Le talent canadien brillera \u00e0 la Berlinale"}]},{"@type":"WebSite","@id":"https:\/\/stage.rdvcanada.ca\/en\/#website","url":"https:\/\/stage.rdvcanada.ca\/en\/","name":"RDVCanada.ca","description":"VOIR GRAND. D\u00e9couvrez le meilleur du talent Canadien \u00e0 travers le monde.","potentialAction":[{"@type":"SearchAction","target":{"@type":"EntryPoint","urlTemplate":"https:\/\/stage.rdvcanada.ca\/en\/?s={search_term_string}"},"query-input":{"@type":"PropertyValueSpecification","valueRequired":true,"valueName":"search_term_string"}}],"inLanguage":"fr-CA"},{"@type":"Person","@id":"https:\/\/stage.rdvcanada.ca\/en\/#\/schema\/person\/854b83df133706ec69e3612f46d84934","name":"Sandrine Couture"}]}},"_links":{"self":[{"href":"https:\/\/stage.rdvcanada.ca\/fr\/wp-json\/wp\/v2\/posts\/42431","targetHints":{"allow":["GET"]}}],"collection":[{"href":"https:\/\/stage.rdvcanada.ca\/fr\/wp-json\/wp\/v2\/posts"}],"about":[{"href":"https:\/\/stage.rdvcanada.ca\/fr\/wp-json\/wp\/v2\/types\/post"}],"author":[{"embeddable":true,"href":"https:\/\/stage.rdvcanada.ca\/fr\/wp-json\/wp\/v2\/users\/150"}],"replies":[{"embeddable":true,"href":"https:\/\/stage.rdvcanada.ca\/fr\/wp-json\/wp\/v2\/comments?post=42431"}],"version-history":[{"count":0,"href":"https:\/\/stage.rdvcanada.ca\/fr\/wp-json\/wp\/v2\/posts\/42431\/revisions"}],"wp:featuredmedia":[{"embeddable":true,"href":"https:\/\/stage.rdvcanada.ca\/fr\/wp-json\/wp\/v2\/media\/42378"}],"wp:attachment":[{"href":"https:\/\/stage.rdvcanada.ca\/fr\/wp-json\/wp\/v2\/media?parent=42431"}],"wp:term":[{"taxonomy":"category","embeddable":true,"href":"https:\/\/stage.rdvcanada.ca\/fr\/wp-json\/wp\/v2\/categories?post=42431"},{"taxonomy":"post_tag","embeddable":true,"href":"https:\/\/stage.rdvcanada.ca\/fr\/wp-json\/wp\/v2\/tags?post=42431"}],"curies":[{"name":"wp","href":"https:\/\/api.w.org\/{rel}","templated":true}]}}