{"id":54190,"date":"2021-10-28T03:03:06","date_gmt":"2021-10-28T07:03:06","guid":{"rendered":"https:\/\/stage.rdvcanada.ca\/?p=54190"},"modified":"2021-10-28T03:03:06","modified_gmt":"2021-10-28T07:03:06","slug":"celebration-de-la-culture-canadienne-a-francfort-le-canada-invite-dhonneur-a-la-foire-du-livre-de-francfort","status":"publish","type":"post","link":"https:\/\/stage.rdvcanada.ca\/fr\/evenements\/celebration-de-la-culture-canadienne-a-francfort-le-canada-invite-dhonneur-a-la-foire-du-livre-de-francfort\/","title":{"rendered":"C\u00e9l\u00e9bration de la culture canadienne \u00e0 Francfort : Le Canada, invit\u00e9 d\u2019honneur \u00e0 la Foire du livre de Francfort"},"content":{"rendered":"\t\t<div data-elementor-type=\"wp-post\" data-elementor-id=\"54190\" class=\"elementor elementor-54190 elementor-54155\" data-elementor-post-type=\"post\">\n\t\t\t\t\t\t<section class=\"elementor-section elementor-top-section elementor-element elementor-element-4dd6f38 elementor-section-boxed elementor-section-height-default elementor-section-height-default\" data-id=\"4dd6f38\" data-element_type=\"section\" data-e-type=\"section\">\n\t\t\t\t\t\t<div class=\"elementor-container elementor-column-gap-default\">\n\t\t\t\t\t<div class=\"elementor-column elementor-col-100 elementor-top-column elementor-element elementor-element-3a8b2d4\" data-id=\"3a8b2d4\" data-element_type=\"column\" data-e-type=\"column\">\n\t\t\t<div class=\"elementor-widget-wrap elementor-element-populated\">\n\t\t\t\t\t\t<div class=\"elementor-element elementor-element-f92a0c0 elementor-widget elementor-widget-text-editor\" data-id=\"f92a0c0\" data-element_type=\"widget\" data-e-type=\"widget\" data-widget_type=\"text-editor.default\">\n\t\t\t\t<div class=\"elementor-widget-container\">\n\t\t\t\t\t\t\t\t\t<h3>Les projecteurs se sont tourn\u00e9s vers le Canada qui \u00e9tait l\u2019invit\u00e9 d\u2019honneur de la prestigieuse Frankfurter Buchmesse (Foire du livre de Francfort) qui s\u2019est d\u00e9roul\u00e9e du 20 au 24\u00a0octobre\u00a02021. En raison de la pand\u00e9mie mondiale de COVID-19, le r\u00f4le d\u2019invit\u00e9 d\u2019honneur qui avait d\u00e9but\u00e9 pour le Canada lors de l\u2019\u00e9dition virtuelle sp\u00e9ciale de la Foire en 2020 s\u2019est prolong\u00e9 dans le grand \u00e9v\u00e9nement de l\u2019\u00e9dition\u00a02021.<br \/><br \/><\/h3><p>Gr\u00e2ce \u00e0 la collaboration de plus de 40 partenaires et organismes culturels, le caract\u00e8re innovant, la diversit\u00e9 et la richesse du contenu et de la culture du Canada a continu\u00e9 de captiver, via notre imposante pr\u00e9sence et notre programmation\u00a0: <a href=\"https:\/\/canadafbm2021.com\/\">Canada\u00a0FBM2021<\/a>. <strong>Le th\u00e8me de cette initiative? Le Canada, Singulier pluriel. <\/strong><\/p><p>\u00a0<\/p><h3 id=\"quelques-faits-saillants-de-la-fbm-2021\">Quelques faits saillants de la FBM 2021<\/h3><p>R\u00e9unissant des exposants de 100\u00a0pays, la Foire du livre de Francfort est un important march\u00e9 de contenu international qui accueille quelque 285\u2009000\u00a0visiteurs. Afin de respecter les mesures de sant\u00e9 publique et les conseils et avertissements aux voyageurs, les <strong>plus de 80\u00a0activit\u00e9s propos\u00e9es dans le cadre de Canada\u00a0FBM2021 (y compris notre pavillon de l\u2019invit\u00e9 d\u2019honneur) ont \u00e9t\u00e9 offertes en pr\u00e9sence et en ligne!<\/strong><\/p><p>C\u2019\u00e9tait la sc\u00e8ne id\u00e9ale pour amplifier la visibilit\u00e9 et le prestige du contenu canadien, tout en cultivant les occasions de partenariats et de commerce international. C\u2019\u00e9tait valable <strong>non seulement pour l\u2019industrie de l\u2019\u00e9dition, mais pour l\u2019ensemble de nos industries culturelles et de leurs cr\u00e9ateurs<\/strong> \u2013 de la litt\u00e9rature aux arts de la sc\u00e8ne en passant par les expositions, les installations et le contenu audiovisuel couvrant tout le spectre du cin\u00e9ma, de la t\u00e9l\u00e9vision et des m\u00e9dias num\u00e9riques. T\u00e9l\u00e9film Canada \u00e9tait responsable du volet audiovisuel de la programmation culturelle, en partenariat avec Patrimoine canadien, le Conseil des arts du Canada, Affaires mondiales Canada et Canada\u00a0FBM2021.<\/p>\t\t\t\t\t\t\t\t<\/div>\n\t\t\t\t<\/div>\n\t\t\t\t\t<\/div>\n\t\t<\/div>\n\t\t\t\t\t<\/div>\n\t\t<\/section>\n\t\t\t\t<section class=\"elementor-section elementor-top-section elementor-element elementor-element-a7b7402 elementor-section-boxed elementor-section-height-default elementor-section-height-default\" data-id=\"a7b7402\" data-element_type=\"section\" data-e-type=\"section\">\n\t\t\t\t\t\t<div class=\"elementor-container elementor-column-gap-default\">\n\t\t\t\t\t<div class=\"elementor-column elementor-col-100 elementor-top-column elementor-element elementor-element-fb91fbf\" data-id=\"fb91fbf\" data-element_type=\"column\" data-e-type=\"column\">\n\t\t\t<div class=\"elementor-widget-wrap elementor-element-populated\">\n\t\t\t\t\t\t<div class=\"elementor-element elementor-element-ac9ab43 elementor-widget elementor-widget-spacer\" data-id=\"ac9ab43\" data-element_type=\"widget\" data-e-type=\"widget\" data-widget_type=\"spacer.default\">\n\t\t\t\t<div class=\"elementor-widget-container\">\n\t\t\t\t\t\t\t<div class=\"elementor-spacer\">\n\t\t\t<div class=\"elementor-spacer-inner\"><\/div>\n\t\t<\/div>\n\t\t\t\t\t\t<\/div>\n\t\t\t\t<\/div>\n\t\t\t\t\t<\/div>\n\t\t<\/div>\n\t\t\t\t\t<\/div>\n\t\t<\/section>\n\t\t\t\t<section class=\"elementor-section elementor-top-section elementor-element elementor-element-6d0efc0 elementor-section-boxed elementor-section-height-default elementor-section-height-default\" data-id=\"6d0efc0\" data-element_type=\"section\" data-e-type=\"section\">\n\t\t\t\t\t\t<div class=\"elementor-container elementor-column-gap-default\">\n\t\t\t\t\t<div class=\"elementor-column elementor-col-100 elementor-top-column elementor-element elementor-element-a9579e8\" data-id=\"a9579e8\" data-element_type=\"column\" data-e-type=\"column\">\n\t\t\t<div class=\"elementor-widget-wrap elementor-element-populated\">\n\t\t\t\t\t\t<div class=\"elementor-element elementor-element-7c9a3bf elementor-widget elementor-widget-text-editor\" data-id=\"7c9a3bf\" data-element_type=\"widget\" data-e-type=\"widget\" data-widget_type=\"text-editor.default\">\n\t\t\t\t<div class=\"elementor-widget-container\">\n\t\t\t\t\t\t\t\t\t<h3 id=\"voici-un-recapitulatif-de-la-programmation-audiovisuelle-du-canada\">Voici un r\u00e9capitulatif de la programmation audiovisuelle du Canada\u00a0:<\/h3>\t\t\t\t\t\t\t\t<\/div>\n\t\t\t\t<\/div>\n\t\t\t\t\t<\/div>\n\t\t<\/div>\n\t\t\t\t\t<\/div>\n\t\t<\/section>\n\t\t\t\t<section class=\"elementor-section elementor-top-section elementor-element elementor-element-5548053 elementor-section-boxed elementor-section-height-default elementor-section-height-default\" data-id=\"5548053\" data-element_type=\"section\" data-e-type=\"section\">\n\t\t\t\t\t\t<div class=\"elementor-container elementor-column-gap-default\">\n\t\t\t\t\t<div class=\"elementor-column elementor-col-100 elementor-top-column elementor-element elementor-element-aa51bfd\" data-id=\"aa51bfd\" data-element_type=\"column\" data-e-type=\"column\">\n\t\t\t<div class=\"elementor-widget-wrap elementor-element-populated\">\n\t\t\t\t\t\t<div class=\"elementor-element elementor-element-3b0783f elementor-widget elementor-widget-text-editor\" data-id=\"3b0783f\" data-element_type=\"widget\" data-e-type=\"widget\" data-widget_type=\"text-editor.default\">\n\t\t\t\t<div class=\"elementor-widget-container\">\n\t\t\t\t\t\t\t\t\t<h4><span style=\"text-decoration: underline;\"><em><a href=\"https:\/\/canadafbm2021.com\/fr\/event-2021\/wapikoni-fr\/\">Wapikoni Mobile<\/a><\/em><\/span><\/h4>\t\t\t\t\t\t\t\t<\/div>\n\t\t\t\t<\/div>\n\t\t\t\t<div class=\"elementor-element elementor-element-d698e4b elementor-widget elementor-widget-image\" data-id=\"d698e4b\" data-element_type=\"widget\" data-e-type=\"widget\" data-widget_type=\"image.default\">\n\t\t\t\t<div class=\"elementor-widget-container\">\n\t\t\t\t\t\t\t\t\t\t\t\t<figure class=\"wp-caption\">\n\t\t\t\t\t\t\t\t\t\t<img fetchpriority=\"high\" decoding=\"async\" width=\"1024\" height=\"576\" src=\"https:\/\/stage.rdvcanada.ca\/wp-content\/uploads\/2021\/10\/WapikoniMobileFrankfurt-1024x576.png\" class=\"attachment-large size-large wp-image-54158\" alt=\"\" srcset=\"https:\/\/stage.rdvcanada.ca\/wp-content\/uploads\/2021\/10\/WapikoniMobileFrankfurt.png 1024w, https:\/\/stage.rdvcanada.ca\/wp-content\/uploads\/2021\/10\/WapikoniMobileFrankfurt-768x432.png 768w, https:\/\/stage.rdvcanada.ca\/wp-content\/uploads\/2021\/10\/WapikoniMobileFrankfurt-220x124.png 220w\" sizes=\"(max-width: 1024px) 100vw, 1024px\" \/>\t\t\t\t\t\t\t\t\t\t\t<figcaption class=\"widget-image-caption wp-caption-text\">Photo de Denyse Ostiguy.<\/figcaption>\n\t\t\t\t\t\t\t\t\t\t<\/figure>\n\t\t\t\t\t\t\t\t\t<\/div>\n\t\t\t\t<\/div>\n\t\t\t\t<div class=\"elementor-element elementor-element-691c600 elementor-widget elementor-widget-text-editor\" data-id=\"691c600\" data-element_type=\"widget\" data-e-type=\"widget\" data-widget_type=\"text-editor.default\">\n\t\t\t\t<div class=\"elementor-widget-container\">\n\t\t\t\t\t\t\t\t\t<p>Une s\u00e9lection sp\u00e9ciale de courts m\u00e9trages autochtones canadiens a \u00e9t\u00e9 pr\u00e9sent\u00e9e dans le cadre de cette s\u00e9rie de projections qui \u00e9taient suivies d\u2019une p\u00e9riode de questions et d\u2019\u00e9changes entre le public et les cr\u00e9ateurs. Les films \u00e9taient projet\u00e9s \u00e0 l\u2019aide de \u00ab\u00a0tricycles projecteurs\u00a0\u00bb con\u00e7us par le Wapikoni Mobile.<\/p>\t\t\t\t\t\t\t\t<\/div>\n\t\t\t\t<\/div>\n\t\t\t\t\t<\/div>\n\t\t<\/div>\n\t\t\t\t\t<\/div>\n\t\t<\/section>\n\t\t\t\t<section class=\"elementor-section elementor-top-section elementor-element elementor-element-6cddc46 elementor-section-boxed elementor-section-height-default elementor-section-height-default\" data-id=\"6cddc46\" data-element_type=\"section\" data-e-type=\"section\">\n\t\t\t\t\t\t<div class=\"elementor-container elementor-column-gap-default\">\n\t\t\t\t\t<div class=\"elementor-column elementor-col-100 elementor-top-column elementor-element elementor-element-056b4b8\" data-id=\"056b4b8\" data-element_type=\"column\" data-e-type=\"column\">\n\t\t\t<div class=\"elementor-widget-wrap elementor-element-populated\">\n\t\t\t\t\t\t<div class=\"elementor-element elementor-element-f92d2ac elementor-widget elementor-widget-spacer\" data-id=\"f92d2ac\" data-element_type=\"widget\" data-e-type=\"widget\" data-widget_type=\"spacer.default\">\n\t\t\t\t<div class=\"elementor-widget-container\">\n\t\t\t\t\t\t\t<div class=\"elementor-spacer\">\n\t\t\t<div class=\"elementor-spacer-inner\"><\/div>\n\t\t<\/div>\n\t\t\t\t\t\t<\/div>\n\t\t\t\t<\/div>\n\t\t\t\t\t<\/div>\n\t\t<\/div>\n\t\t\t\t\t<\/div>\n\t\t<\/section>\n\t\t\t\t<section class=\"elementor-section elementor-top-section elementor-element elementor-element-0759f01 elementor-section-boxed elementor-section-height-default elementor-section-height-default\" data-id=\"0759f01\" data-element_type=\"section\" data-e-type=\"section\">\n\t\t\t\t\t\t<div class=\"elementor-container elementor-column-gap-default\">\n\t\t\t\t\t<div class=\"elementor-column elementor-col-100 elementor-top-column elementor-element elementor-element-dd6985e\" data-id=\"dd6985e\" data-element_type=\"column\" data-e-type=\"column\">\n\t\t\t<div class=\"elementor-widget-wrap elementor-element-populated\">\n\t\t\t\t\t\t<div class=\"elementor-element elementor-element-15a0dce elementor-widget elementor-widget-text-editor\" data-id=\"15a0dce\" data-element_type=\"widget\" data-e-type=\"widget\" data-widget_type=\"text-editor.default\">\n\t\t\t\t<div class=\"elementor-widget-container\">\n\t\t\t\t\t\t\t\t\t<h4><span style=\"text-decoration: underline;\"><em><a href=\"https:\/\/canadafbm2021.com\/fr\/event-2021\/une-breche-en-toute\/\">Une br\u00e8che en toute chose\u00a0: d\u00e9couvrez l\u2019art contemporain en explorant l\u2019univers de Leonard Cohen<\/a><br \/><br \/><\/em><\/span><\/h4><p>Truff\u00e9e d\u2019\u0153uvres d\u2019art, de contenu audiovisuel, de po\u00e8mes, de portraits et de chansons, cette exposition virtuelle, pr\u00e9sent\u00e9e sur place, proposait une \u00ab\u00a0immersion audiovisuelle\u00a0\u00bb dans l\u2019univers de Leonard Cohen. L&#8217;exposition a \u00e9t\u00e9 pr\u00e9sent\u00e9e en partenariat avec le Mus\u00e9e d&#8217;art contemporain de Montr\u00e9al.<\/p>\t\t\t\t\t\t\t\t<\/div>\n\t\t\t\t<\/div>\n\t\t\t\t\t<\/div>\n\t\t<\/div>\n\t\t\t\t\t<\/div>\n\t\t<\/section>\n\t\t\t\t<section class=\"elementor-section elementor-top-section elementor-element elementor-element-2bbb3c5 elementor-section-boxed elementor-section-height-default elementor-section-height-default\" data-id=\"2bbb3c5\" data-element_type=\"section\" data-e-type=\"section\">\n\t\t\t\t\t\t<div class=\"elementor-container elementor-column-gap-default\">\n\t\t\t\t\t<div class=\"elementor-column elementor-col-100 elementor-top-column elementor-element elementor-element-f1741d8\" data-id=\"f1741d8\" data-element_type=\"column\" data-e-type=\"column\">\n\t\t\t<div class=\"elementor-widget-wrap elementor-element-populated\">\n\t\t\t\t\t\t<div class=\"elementor-element elementor-element-a2c2a08 elementor-widget elementor-widget-spacer\" data-id=\"a2c2a08\" data-element_type=\"widget\" data-e-type=\"widget\" data-widget_type=\"spacer.default\">\n\t\t\t\t<div class=\"elementor-widget-container\">\n\t\t\t\t\t\t\t<div class=\"elementor-spacer\">\n\t\t\t<div class=\"elementor-spacer-inner\"><\/div>\n\t\t<\/div>\n\t\t\t\t\t\t<\/div>\n\t\t\t\t<\/div>\n\t\t\t\t\t<\/div>\n\t\t<\/div>\n\t\t\t\t\t<\/div>\n\t\t<\/section>\n\t\t\t\t<section class=\"elementor-section elementor-top-section elementor-element elementor-element-1f1e896 elementor-section-boxed elementor-section-height-default elementor-section-height-default\" data-id=\"1f1e896\" data-element_type=\"section\" data-e-type=\"section\">\n\t\t\t\t\t\t<div class=\"elementor-container elementor-column-gap-default\">\n\t\t\t\t\t<div class=\"elementor-column elementor-col-100 elementor-top-column elementor-element elementor-element-584ed2b\" data-id=\"584ed2b\" data-element_type=\"column\" data-e-type=\"column\">\n\t\t\t<div class=\"elementor-widget-wrap elementor-element-populated\">\n\t\t\t\t\t\t<div class=\"elementor-element elementor-element-8fd0052 elementor-widget elementor-widget-text-editor\" data-id=\"8fd0052\" data-element_type=\"widget\" data-e-type=\"widget\" data-widget_type=\"text-editor.default\">\n\t\t\t\t<div class=\"elementor-widget-container\">\n\t\t\t\t\t\t\t\t\t<h4><span style=\"text-decoration: underline;\"><em><a href=\"https:\/\/canadafbm2021.com\/fr\/event-2021\/fiery-sparks-of-light-fr\/\">\u00ab\u00a0Fiery Sparks of Light\u00a0\u00bb, une exp\u00e9rience de r\u00e9alit\u00e9 augment\u00e9e<\/a><\/em><\/span><\/h4>\t\t\t\t\t\t\t\t<\/div>\n\t\t\t\t<\/div>\n\t\t\t\t<div class=\"elementor-element elementor-element-6c4786d elementor-widget elementor-widget-image\" data-id=\"6c4786d\" data-element_type=\"widget\" data-e-type=\"widget\" data-widget_type=\"image.default\">\n\t\t\t\t<div class=\"elementor-widget-container\">\n\t\t\t\t\t\t\t\t\t\t\t\t<figure class=\"wp-caption\">\n\t\t\t\t\t\t\t\t\t\t<img decoding=\"async\" width=\"1024\" height=\"576\" src=\"https:\/\/stage.rdvcanada.ca\/wp-content\/uploads\/2021\/10\/frankfurtfierysparks-1024x576.png\" class=\"attachment-large size-large wp-image-54172\" alt=\"\" srcset=\"https:\/\/stage.rdvcanada.ca\/wp-content\/uploads\/2021\/10\/frankfurtfierysparks.png 1024w, https:\/\/stage.rdvcanada.ca\/wp-content\/uploads\/2021\/10\/frankfurtfierysparks-768x432.png 768w, https:\/\/stage.rdvcanada.ca\/wp-content\/uploads\/2021\/10\/frankfurtfierysparks-220x124.png 220w\" sizes=\"(max-width: 1024px) 100vw, 1024px\" loading=\"lazy\" \/>\t\t\t\t\t\t\t\t\t\t\t<figcaption class=\"widget-image-caption wp-caption-text\">Photo de Denyse Ostiguy<\/figcaption>\n\t\t\t\t\t\t\t\t\t\t<\/figure>\n\t\t\t\t\t\t\t\t\t<\/div>\n\t\t\t\t<\/div>\n\t\t\t\t<div class=\"elementor-element elementor-element-74c6d26 elementor-widget elementor-widget-text-editor\" data-id=\"74c6d26\" data-element_type=\"widget\" data-e-type=\"widget\" data-widget_type=\"text-editor.default\">\n\t\t\t\t<div class=\"elementor-widget-container\">\n\t\t\t\t\t\t\t\t\t<p>Au moyen d\u2019un livre \u00e9quip\u00e9 de codes QR permettant d\u2019activer des hologrammes sur un appareil mobile, cette <strong>exp\u00e9rience de r\u00e9alit\u00e9 augment\u00e9e pr\u00e9sentait des po\u00e8mes<\/strong> de femmes qui sont des ic\u00f4nes de la po\u00e9sie canadienne : Margaret Atwood, Nicole Brossard, Canisia Lubrin et Sarah Tolmie. En partenariat avec le Canadian Film Centre.<\/p>\t\t\t\t\t\t\t\t<\/div>\n\t\t\t\t<\/div>\n\t\t\t\t\t<\/div>\n\t\t<\/div>\n\t\t\t\t\t<\/div>\n\t\t<\/section>\n\t\t\t\t<section class=\"elementor-section elementor-top-section elementor-element elementor-element-0aa602e elementor-section-boxed elementor-section-height-default elementor-section-height-default\" data-id=\"0aa602e\" data-element_type=\"section\" data-e-type=\"section\">\n\t\t\t\t\t\t<div class=\"elementor-container elementor-column-gap-default\">\n\t\t\t\t\t<div class=\"elementor-column elementor-col-100 elementor-top-column elementor-element elementor-element-da6e0ad\" data-id=\"da6e0ad\" data-element_type=\"column\" data-e-type=\"column\">\n\t\t\t<div class=\"elementor-widget-wrap elementor-element-populated\">\n\t\t\t\t\t\t<div class=\"elementor-element elementor-element-93edb42 elementor-widget elementor-widget-spacer\" data-id=\"93edb42\" data-element_type=\"widget\" data-e-type=\"widget\" data-widget_type=\"spacer.default\">\n\t\t\t\t<div class=\"elementor-widget-container\">\n\t\t\t\t\t\t\t<div class=\"elementor-spacer\">\n\t\t\t<div class=\"elementor-spacer-inner\"><\/div>\n\t\t<\/div>\n\t\t\t\t\t\t<\/div>\n\t\t\t\t<\/div>\n\t\t\t\t\t<\/div>\n\t\t<\/div>\n\t\t\t\t\t<\/div>\n\t\t<\/section>\n\t\t\t\t<section class=\"elementor-section elementor-top-section elementor-element elementor-element-c112098 elementor-section-boxed elementor-section-height-default elementor-section-height-default\" data-id=\"c112098\" data-element_type=\"section\" data-e-type=\"section\">\n\t\t\t\t\t\t<div class=\"elementor-container elementor-column-gap-default\">\n\t\t\t\t\t<div class=\"elementor-column elementor-col-100 elementor-top-column elementor-element elementor-element-9b0c96f\" data-id=\"9b0c96f\" data-element_type=\"column\" data-e-type=\"column\">\n\t\t\t<div class=\"elementor-widget-wrap elementor-element-populated\">\n\t\t\t\t\t\t<div class=\"elementor-element elementor-element-9cdb798 elementor-widget elementor-widget-text-editor\" data-id=\"9cdb798\" data-element_type=\"widget\" data-e-type=\"widget\" data-widget_type=\"text-editor.default\">\n\t\t\t\t<div class=\"elementor-widget-container\">\n\t\t\t\t\t\t\t\t\t<h4><span style=\"text-decoration: underline;\"><em><a href=\"https:\/\/canadafbm2021.com\/fr\/event-2021\/a-wall-is-a-screen-fr\/\">\u00ab\u00a0A Wall is a Screen\u00a0\u00bb\u00a0: Des courts m\u00e9trages canadiens \u00e0 l\u2019occasion de la Foire du livre de Francfort<\/a><\/em><\/span><\/h4>\t\t\t\t\t\t\t\t<\/div>\n\t\t\t\t<\/div>\n\t\t\t\t<div class=\"elementor-element elementor-element-c5786ba elementor-widget elementor-widget-image\" data-id=\"c5786ba\" data-element_type=\"widget\" data-e-type=\"widget\" data-widget_type=\"image.default\">\n\t\t\t\t<div class=\"elementor-widget-container\">\n\t\t\t\t\t\t\t\t\t\t\t\t<figure class=\"wp-caption\">\n\t\t\t\t\t\t\t\t\t\t<img decoding=\"async\" width=\"1024\" height=\"576\" src=\"https:\/\/stage.rdvcanada.ca\/wp-content\/uploads\/2021\/10\/FrankfurtWallIsAScreen-1024x576.png\" class=\"attachment-large size-large wp-image-54180\" alt=\"\" srcset=\"https:\/\/stage.rdvcanada.ca\/wp-content\/uploads\/2021\/10\/FrankfurtWallIsAScreen.png 1024w, https:\/\/stage.rdvcanada.ca\/wp-content\/uploads\/2021\/10\/FrankfurtWallIsAScreen-768x432.png 768w, https:\/\/stage.rdvcanada.ca\/wp-content\/uploads\/2021\/10\/FrankfurtWallIsAScreen-220x124.png 220w\" sizes=\"(max-width: 1024px) 100vw, 1024px\" loading=\"lazy\" \/>\t\t\t\t\t\t\t\t\t\t\t<figcaption class=\"widget-image-caption wp-caption-text\">Des passants regardent Mobilize de Caroline Monnet. Photo de Denyse Ostiguy.<\/figcaption>\n\t\t\t\t\t\t\t\t\t\t<\/figure>\n\t\t\t\t\t\t\t\t\t<\/div>\n\t\t\t\t<\/div>\n\t\t\t\t<div class=\"elementor-element elementor-element-d7182d1 elementor-widget elementor-widget-text-editor\" data-id=\"d7182d1\" data-element_type=\"widget\" data-e-type=\"widget\" data-widget_type=\"text-editor.default\">\n\t\t\t\t<div class=\"elementor-widget-container\">\n\t\t\t\t\t\t\t\t\t<p>Trois festivals de cin\u00e9ma canadiens \u2013 <a href=\"https:\/\/imaginenative.org\/\">imagineNATIVE<\/a>, <a href=\"https:\/\/festivalregard.com\/fr\">REGARD (le Festival international du court m\u00e9trage du Saguenay)<\/a> et le <a href=\"https:\/\/viff.org\/Online\/default.asp\">Festival international du film de Vancouver<\/a> \u2013 ont uni leurs forces pour s\u00e9lectionner les <strong>courts m\u00e9trages canadiens projet\u00e9s sur les murs des \u00e9difices du centre-ville de Francfort<\/strong> que les visiteurs pouvaient visionner au cours d\u2019une visite guid\u00e9e.<\/p>\t\t\t\t\t\t\t\t<\/div>\n\t\t\t\t<\/div>\n\t\t\t\t\t<\/div>\n\t\t<\/div>\n\t\t\t\t\t<\/div>\n\t\t<\/section>\n\t\t\t\t<section class=\"elementor-section elementor-top-section elementor-element elementor-element-10f6ef7 elementor-section-boxed elementor-section-height-default elementor-section-height-default\" data-id=\"10f6ef7\" data-element_type=\"section\" data-e-type=\"section\">\n\t\t\t\t\t\t<div class=\"elementor-container elementor-column-gap-default\">\n\t\t\t\t\t<div class=\"elementor-column elementor-col-100 elementor-top-column elementor-element elementor-element-ea2a3ae\" data-id=\"ea2a3ae\" data-element_type=\"column\" data-e-type=\"column\">\n\t\t\t<div class=\"elementor-widget-wrap elementor-element-populated\">\n\t\t\t\t\t\t<div class=\"elementor-element elementor-element-0da55bb elementor-widget elementor-widget-spacer\" data-id=\"0da55bb\" data-element_type=\"widget\" data-e-type=\"widget\" data-widget_type=\"spacer.default\">\n\t\t\t\t<div class=\"elementor-widget-container\">\n\t\t\t\t\t\t\t<div class=\"elementor-spacer\">\n\t\t\t<div class=\"elementor-spacer-inner\"><\/div>\n\t\t<\/div>\n\t\t\t\t\t\t<\/div>\n\t\t\t\t<\/div>\n\t\t\t\t\t<\/div>\n\t\t<\/div>\n\t\t\t\t\t<\/div>\n\t\t<\/section>\n\t\t\t\t<section class=\"elementor-section elementor-top-section elementor-element elementor-element-393aeda elementor-section-boxed elementor-section-height-default elementor-section-height-default\" data-id=\"393aeda\" data-element_type=\"section\" data-e-type=\"section\">\n\t\t\t\t\t\t<div class=\"elementor-container elementor-column-gap-default\">\n\t\t\t\t\t<div class=\"elementor-column elementor-col-100 elementor-top-column elementor-element elementor-element-5c9cf74\" data-id=\"5c9cf74\" data-element_type=\"column\" data-e-type=\"column\">\n\t\t\t<div class=\"elementor-widget-wrap elementor-element-populated\">\n\t\t\t\t\t\t<div class=\"elementor-element elementor-element-7565fe4 elementor-widget elementor-widget-text-editor\" data-id=\"7565fe4\" data-element_type=\"widget\" data-e-type=\"widget\" data-widget_type=\"text-editor.default\">\n\t\t\t\t<div class=\"elementor-widget-container\">\n\t\t\t\t\t\t\t\t\t<h3><span style=\"text-decoration: underline;\"><a href=\"https:\/\/canadafbm2021.com\/fr\/event-2021\/maple-movies-fr\/\"><em>Maple Movies Festival Tour\u00a02021\/22\u00a0: Canada by the Book<br \/><br \/><\/em> <\/a><\/span><\/h3><p>La 10<sup>e<\/sup>\u00a0\u00e9dition de cette formidable tourn\u00e9e a commenc\u00e9 le 30\u00a0septembre et se poursuivra jusqu\u2019au 30\u00a0avril\u00a02022. Ne manquez pas cette s\u00e9lection de huit films canadiens, adapt\u00e9s d\u2019\u0153uvres litt\u00e9raires pour la plupart, et la section sp\u00e9ciale consacr\u00e9e aux courts m\u00e9trages autochtones. Les longs m\u00e9trages pr\u00e9sent\u00e9s sont les suivants\u00a0:<\/p><ul><li><a href=\"https:\/\/stage.rdvcanada.ca\/en\/product\/guest-of-honour\/\"><em>Guest of Honour<\/em><\/a>, un film d\u2019Atom Egoyan<\/li><li><strong><em>Crash<\/em><\/strong>, un film de David Cronenberg (adaptation du roman de J.G.\u00a0Ballard)<\/li><li><strong><em>La D\u00e9esse des mouches \u00e0 feu<\/em><\/strong>, un film d\u2019Ana\u00efs Barbeau Lavalette (adaptation du roman de Genevi\u00e8ve Pettersen)<\/li><li><a href=\"https:\/\/stage.rdvcanada.ca\/fr\/produit\/antigone\/\"><em>Antigone<\/em><\/a>, un film de Sophie Deraspe (adaptation de la pi\u00e8ce de Sophocle, repr\u00e9sentant officiel du Canada dans la cat\u00e9gorie Meilleur film international lors de la 92<sup>e<\/sup>\u00a0c\u00e9r\u00e9monie des Oscars)<\/li><li><strong><em>An Audience of Chairs<\/em><\/strong>, un film de Deanne Foley (adaptation du livre de Joan Clark)<\/li><li><a href=\"https:\/\/stage.rdvcanada.ca\/fr\/produit\/kuessipan\/\"><em>Kuessipan<\/em><\/a>, un film de Myriam Verreault (adaptation du roman de Naomi Fontaine)<\/li><li><a href=\"https:\/\/stage.rdvcanada.ca\/fr\/produit\/mon-cirque-a-moi\/\"><em>Mon cirque \u00e0 moi<\/em><\/a>, un film de Miryam Bouchard<\/li><li><a href=\"https:\/\/stage.rdvcanada.ca\/en\/product\/monkey-beach\/\"><em>Monkey Beach<\/em><\/a>, un film de Loretta Sarah Todd (adaptation d\u2019un roman d\u2019Eden Robinson)<\/li><\/ul>\t\t\t\t\t\t\t\t<\/div>\n\t\t\t\t<\/div>\n\t\t\t\t\t<\/div>\n\t\t<\/div>\n\t\t\t\t\t<\/div>\n\t\t<\/section>\n\t\t\t\t<section class=\"elementor-section elementor-top-section elementor-element elementor-element-ed7d630 elementor-section-boxed elementor-section-height-default elementor-section-height-default\" data-id=\"ed7d630\" data-element_type=\"section\" data-e-type=\"section\">\n\t\t\t\t\t\t<div class=\"elementor-container elementor-column-gap-default\">\n\t\t\t\t\t<div class=\"elementor-column elementor-col-100 elementor-top-column elementor-element elementor-element-72782cd\" data-id=\"72782cd\" data-element_type=\"column\" data-e-type=\"column\">\n\t\t\t<div class=\"elementor-widget-wrap elementor-element-populated\">\n\t\t\t\t\t\t<div class=\"elementor-element elementor-element-6591861 elementor-widget elementor-widget-spacer\" data-id=\"6591861\" data-element_type=\"widget\" data-e-type=\"widget\" data-widget_type=\"spacer.default\">\n\t\t\t\t<div class=\"elementor-widget-container\">\n\t\t\t\t\t\t\t<div class=\"elementor-spacer\">\n\t\t\t<div class=\"elementor-spacer-inner\"><\/div>\n\t\t<\/div>\n\t\t\t\t\t\t<\/div>\n\t\t\t\t<\/div>\n\t\t\t\t\t<\/div>\n\t\t<\/div>\n\t\t\t\t\t<\/div>\n\t\t<\/section>\n\t\t\t\t<section class=\"elementor-section elementor-top-section elementor-element elementor-element-b57bfcf elementor-section-boxed elementor-section-height-default elementor-section-height-default\" data-id=\"b57bfcf\" data-element_type=\"section\" data-e-type=\"section\">\n\t\t\t\t\t\t<div class=\"elementor-container elementor-column-gap-default\">\n\t\t\t\t\t<div class=\"elementor-column elementor-col-100 elementor-top-column elementor-element elementor-element-eb571fe\" data-id=\"eb571fe\" data-element_type=\"column\" data-e-type=\"column\">\n\t\t\t<div class=\"elementor-widget-wrap elementor-element-populated\">\n\t\t\t\t\t\t<div class=\"elementor-element elementor-element-1e5439d elementor-widget elementor-widget-text-editor\" data-id=\"1e5439d\" data-element_type=\"widget\" data-e-type=\"widget\" data-widget_type=\"text-editor.default\">\n\t\t\t\t<div class=\"elementor-widget-container\">\n\t\t\t\t\t\t\t\t\t<h4>Pour obtenir de plus amples renseignements, visitez la page <a href=\"https:\/\/stage.rdvcanada.ca\/fr\/festivals\/canada-invite-dhonneur-a-la-foire-du-livre-de-francfort-2020-2021\/programmation\/\">Programmation <\/a>de la Foire du livre de Francfort sur notre site RDV CANADA.<br \/><br \/><\/h4><h4>P.S. \u2013 Vous voulez encore plus de culture canadienne? Voyez une partie du contenu de l\u2019\u00e9dition de cette ann\u00e9e et la programmation de notre pr\u00e9sence \u00e0 l\u2019\u00e9dition exclusivement virtuelle de l\u2019ann\u00e9e derni\u00e8re (Canada FBM2020) sur la <a href=\"https:\/\/www.youtube.com\/channel\/UCX1mIlV6nZgfFJ_Mxp9r-ww\">cha\u00eene YouTube<\/a> de Canada\u00a0FBM2021.<\/h4>\t\t\t\t\t\t\t\t<\/div>\n\t\t\t\t<\/div>\n\t\t\t\t\t<\/div>\n\t\t<\/div>\n\t\t\t\t\t<\/div>\n\t\t<\/section>\n\t\t\t\t<\/div>\n\t\t","protected":false},"excerpt":{"rendered":"<p>Les projecteurs se sont tourn\u00e9s vers le Canada qui \u00e9tait&#8230;<\/p>\n","protected":false},"author":1203,"featured_media":54185,"comment_status":"closed","ping_status":"open","sticky":false,"template":"","format":"standard","meta":{"_acf_changed":false,"_crdt_document":"","footnotes":""},"categories":[331,334],"tags":[],"class_list":["post-54190","post","type-post","status-publish","format-standard","has-post-thumbnail","hentry","category-evenements","category-succes"],"acf":[],"yoast_head":"<!-- This site is optimized with the Yoast SEO plugin v27.5 - https:\/\/yoast.com\/product\/yoast-seo-wordpress\/ -->\n<title>C\u00e9l\u00e9bration de la culture canadienne \u00e0 Francfort : Le Canada, invit\u00e9 d\u2019honneur \u00e0 la Foire du livre de Francfort - Industrie Audiovisuelle Canadienne<\/title>\n<meta name=\"description\" content=\"Les projecteurs se sont tourn\u00e9s vers le Canada qui \u00e9tait l\u2019invit\u00e9 d\u2019honneur de la prestigieuse Frankfurter Buchmesse (Foire du livre de Francfort) qui\" \/>\n<meta name=\"robots\" content=\"noindex, follow, max-snippet:-1, max-image-preview:large, max-video-preview:-1\" \/>\n<meta property=\"og:locale\" content=\"fr_CA\" \/>\n<meta property=\"og:type\" content=\"article\" \/>\n<meta property=\"og:title\" content=\"C\u00e9l\u00e9bration de la culture canadienne \u00e0 Francfort : Le Canada, invit\u00e9 d\u2019honneur \u00e0 la Foire du livre de Francfort - Industrie Audiovisuelle Canadienne\" \/>\n<meta property=\"og:description\" content=\"Les projecteurs se sont tourn\u00e9s vers le Canada qui \u00e9tait l\u2019invit\u00e9 d\u2019honneur de la prestigieuse Frankfurter Buchmesse (Foire du livre de Francfort) qui\" \/>\n<meta property=\"og:url\" content=\"https:\/\/stage.rdvcanada.ca\/fr\/evenements\/celebration-de-la-culture-canadienne-a-francfort-le-canada-invite-dhonneur-a-la-foire-du-livre-de-francfort\/\" \/>\n<meta property=\"og:site_name\" content=\"RDVCanada.ca\" \/>\n<meta property=\"article:publisher\" content=\"https:\/\/www.facebook.com\/telefilmcanada\" \/>\n<meta property=\"article:published_time\" content=\"2021-10-28T07:03:06+00:00\" \/>\n<meta property=\"og:image\" content=\"https:\/\/stage.rdvcanada.ca\/wp-content\/uploads\/2021\/10\/RDV-Canada-Header-19.png\" \/>\n\t<meta property=\"og:image:width\" content=\"1920\" \/>\n\t<meta property=\"og:image:height\" content=\"800\" \/>\n\t<meta property=\"og:image:type\" content=\"image\/png\" \/>\n<meta name=\"author\" content=\"Jacqueline Geday\" \/>\n<meta name=\"twitter:card\" content=\"summary_large_image\" \/>\n<meta name=\"twitter:creator\" content=\"@Telefilm_Canada\" \/>\n<meta name=\"twitter:site\" content=\"@Telefilm_Canada\" \/>\n<meta name=\"twitter:label1\" content=\"\u00c9crit par\" \/>\n\t<meta name=\"twitter:data1\" content=\"Jacqueline Geday\" \/>\n\t<meta name=\"twitter:label2\" content=\"Estimation du temps de lecture\" \/>\n\t<meta name=\"twitter:data2\" content=\"5 minutes\" \/>\n<script type=\"application\/ld+json\" class=\"yoast-schema-graph\">{\n\t    \"@context\": \"https:\\\/\\\/schema.org\",\n\t    \"@graph\": [\n\t        {\n\t            \"@type\": \"Article\",\n\t            \"@id\": \"https:\\\/\\\/stage.rdvcanada.ca\\\/fr\\\/evenements\\\/celebration-de-la-culture-canadienne-a-francfort-le-canada-invite-dhonneur-a-la-foire-du-livre-de-francfort\\\/#article\",\n\t            \"isPartOf\": {\n\t                \"@id\": \"https:\\\/\\\/stage.rdvcanada.ca\\\/fr\\\/evenements\\\/celebration-de-la-culture-canadienne-a-francfort-le-canada-invite-dhonneur-a-la-foire-du-livre-de-francfort\\\/\"\n\t            },\n\t            \"author\": {\n\t                \"name\": \"Jacqueline Geday\",\n\t                \"@id\": \"https:\\\/\\\/stage.rdvcanada.ca\\\/en\\\/#\\\/schema\\\/person\\\/9ee178ed3b09b7be449f4f36449d7d52\"\n\t            },\n\t            \"headline\": \"C\u00e9l\u00e9bration de la culture canadienne \u00e0 Francfort : Le Canada, invit\u00e9 d\u2019honneur \u00e0 la Foire du livre de Francfort\",\n\t            \"datePublished\": \"2021-10-28T07:03:06+00:00\",\n\t            \"mainEntityOfPage\": {\n\t                \"@id\": \"https:\\\/\\\/stage.rdvcanada.ca\\\/fr\\\/evenements\\\/celebration-de-la-culture-canadienne-a-francfort-le-canada-invite-dhonneur-a-la-foire-du-livre-de-francfort\\\/\"\n\t            },\n\t            \"wordCount\": 921,\n\t            \"image\": {\n\t                \"@id\": \"https:\\\/\\\/stage.rdvcanada.ca\\\/fr\\\/evenements\\\/celebration-de-la-culture-canadienne-a-francfort-le-canada-invite-dhonneur-a-la-foire-du-livre-de-francfort\\\/#primaryimage\"\n\t            },\n\t            \"thumbnailUrl\": \"https:\\\/\\\/stage.rdvcanada.ca\\\/wp-content\\\/uploads\\\/2021\\\/10\\\/RDV-Canada-Header-19.png\",\n\t            \"articleSection\": [\n\t                \"\u00c9v\u00e9nements\",\n\t                \"Succ\u00e8s\"\n\t            ],\n\t            \"inLanguage\": \"fr-CA\"\n\t        },\n\t        {\n\t            \"@type\": \"WebPage\",\n\t            \"@id\": \"https:\\\/\\\/stage.rdvcanada.ca\\\/fr\\\/evenements\\\/celebration-de-la-culture-canadienne-a-francfort-le-canada-invite-dhonneur-a-la-foire-du-livre-de-francfort\\\/\",\n\t            \"url\": \"https:\\\/\\\/stage.rdvcanada.ca\\\/fr\\\/evenements\\\/celebration-de-la-culture-canadienne-a-francfort-le-canada-invite-dhonneur-a-la-foire-du-livre-de-francfort\\\/\",\n\t            \"name\": \"C\u00e9l\u00e9bration de la culture canadienne \u00e0 Francfort : Le Canada, invit\u00e9 d\u2019honneur \u00e0 la Foire du livre de Francfort - Industrie Audiovisuelle Canadienne\",\n\t            \"isPartOf\": {\n\t                \"@id\": \"https:\\\/\\\/stage.rdvcanada.ca\\\/en\\\/#website\"\n\t            },\n\t            \"primaryImageOfPage\": {\n\t                \"@id\": \"https:\\\/\\\/stage.rdvcanada.ca\\\/fr\\\/evenements\\\/celebration-de-la-culture-canadienne-a-francfort-le-canada-invite-dhonneur-a-la-foire-du-livre-de-francfort\\\/#primaryimage\"\n\t            },\n\t            \"image\": {\n\t                \"@id\": \"https:\\\/\\\/stage.rdvcanada.ca\\\/fr\\\/evenements\\\/celebration-de-la-culture-canadienne-a-francfort-le-canada-invite-dhonneur-a-la-foire-du-livre-de-francfort\\\/#primaryimage\"\n\t            },\n\t            \"thumbnailUrl\": \"https:\\\/\\\/stage.rdvcanada.ca\\\/wp-content\\\/uploads\\\/2021\\\/10\\\/RDV-Canada-Header-19.png\",\n\t            \"datePublished\": \"2021-10-28T07:03:06+00:00\",\n\t            \"author\": {\n\t                \"@id\": \"https:\\\/\\\/stage.rdvcanada.ca\\\/en\\\/#\\\/schema\\\/person\\\/9ee178ed3b09b7be449f4f36449d7d52\"\n\t            },\n\t            \"description\": \"Les projecteurs se sont tourn\u00e9s vers le Canada qui \u00e9tait l\u2019invit\u00e9 d\u2019honneur de la prestigieuse Frankfurter Buchmesse (Foire du livre de Francfort) qui\",\n\t            \"breadcrumb\": {\n\t                \"@id\": \"https:\\\/\\\/stage.rdvcanada.ca\\\/fr\\\/evenements\\\/celebration-de-la-culture-canadienne-a-francfort-le-canada-invite-dhonneur-a-la-foire-du-livre-de-francfort\\\/#breadcrumb\"\n\t            },\n\t            \"inLanguage\": \"fr-CA\",\n\t            \"potentialAction\": [\n\t                {\n\t                    \"@type\": \"ReadAction\",\n\t                    \"target\": [\n\t                        \"https:\\\/\\\/stage.rdvcanada.ca\\\/fr\\\/evenements\\\/celebration-de-la-culture-canadienne-a-francfort-le-canada-invite-dhonneur-a-la-foire-du-livre-de-francfort\\\/\"\n\t                    ]\n\t                }\n\t            ]\n\t        },\n\t        {\n\t            \"@type\": \"ImageObject\",\n\t            \"inLanguage\": \"fr-CA\",\n\t            \"@id\": \"https:\\\/\\\/stage.rdvcanada.ca\\\/fr\\\/evenements\\\/celebration-de-la-culture-canadienne-a-francfort-le-canada-invite-dhonneur-a-la-foire-du-livre-de-francfort\\\/#primaryimage\",\n\t            \"url\": \"https:\\\/\\\/stage.rdvcanada.ca\\\/wp-content\\\/uploads\\\/2021\\\/10\\\/RDV-Canada-Header-19.png\",\n\t            \"contentUrl\": \"https:\\\/\\\/stage.rdvcanada.ca\\\/wp-content\\\/uploads\\\/2021\\\/10\\\/RDV-Canada-Header-19.png\",\n\t            \"width\": 1920,\n\t            \"height\": 800\n\t        },\n\t        {\n\t            \"@type\": \"BreadcrumbList\",\n\t            \"@id\": \"https:\\\/\\\/stage.rdvcanada.ca\\\/fr\\\/evenements\\\/celebration-de-la-culture-canadienne-a-francfort-le-canada-invite-dhonneur-a-la-foire-du-livre-de-francfort\\\/#breadcrumb\",\n\t            \"itemListElement\": [\n\t                {\n\t                    \"@type\": \"ListItem\",\n\t                    \"position\": 1,\n\t                    \"name\": \"Home\",\n\t                    \"item\": \"https:\\\/\\\/stage.rdvcanada.ca\\\/en\\\/\"\n\t                },\n\t                {\n\t                    \"@type\": \"ListItem\",\n\t                    \"position\": 2,\n\t                    \"name\": \"C\u00e9l\u00e9bration de la culture canadienne \u00e0 Francfort : Le Canada, invit\u00e9 d\u2019honneur \u00e0 la Foire du livre de Francfort\"\n\t                }\n\t            ]\n\t        },\n\t        {\n\t            \"@type\": \"WebSite\",\n\t            \"@id\": \"https:\\\/\\\/stage.rdvcanada.ca\\\/en\\\/#website\",\n\t            \"url\": \"https:\\\/\\\/stage.rdvcanada.ca\\\/en\\\/\",\n\t            \"name\": \"RDVCanada.ca\",\n\t            \"description\": \"VOIR GRAND. D\u00e9couvrez le meilleur du talent Canadien \u00e0 travers le monde.\",\n\t            \"potentialAction\": [\n\t                {\n\t                    \"@type\": \"SearchAction\",\n\t                    \"target\": {\n\t                        \"@type\": \"EntryPoint\",\n\t                        \"urlTemplate\": \"https:\\\/\\\/stage.rdvcanada.ca\\\/en\\\/?s={search_term_string}\"\n\t                    },\n\t                    \"query-input\": {\n\t                        \"@type\": \"PropertyValueSpecification\",\n\t                        \"valueRequired\": true,\n\t                        \"valueName\": \"search_term_string\"\n\t                    }\n\t                }\n\t            ],\n\t            \"inLanguage\": \"fr-CA\"\n\t        },\n\t        {\n\t            \"@type\": \"Person\",\n\t            \"@id\": \"https:\\\/\\\/stage.rdvcanada.ca\\\/en\\\/#\\\/schema\\\/person\\\/9ee178ed3b09b7be449f4f36449d7d52\",\n\t            \"name\": \"Jacqueline Geday\",\n\t            \"sameAs\": [\n\t                \"sandrine.couture@telefilm.ca\"\n\t            ]\n\t        }\n\t    ]\n\t}<\/script>\n<!-- \/ Yoast SEO plugin. -->","yoast_head_json":{"title":"C\u00e9l\u00e9bration de la culture canadienne \u00e0 Francfort : Le Canada, invit\u00e9 d\u2019honneur \u00e0 la Foire du livre de Francfort - Industrie Audiovisuelle Canadienne","description":"Les projecteurs se sont tourn\u00e9s vers le Canada qui \u00e9tait l\u2019invit\u00e9 d\u2019honneur de la prestigieuse Frankfurter Buchmesse (Foire du livre de Francfort) qui","robots":{"index":"noindex","follow":"follow","max-snippet":"max-snippet:-1","max-image-preview":"max-image-preview:large","max-video-preview":"max-video-preview:-1"},"og_locale":"fr_CA","og_type":"article","og_title":"C\u00e9l\u00e9bration de la culture canadienne \u00e0 Francfort : Le Canada, invit\u00e9 d\u2019honneur \u00e0 la Foire du livre de Francfort - Industrie Audiovisuelle Canadienne","og_description":"Les projecteurs se sont tourn\u00e9s vers le Canada qui \u00e9tait l\u2019invit\u00e9 d\u2019honneur de la prestigieuse Frankfurter Buchmesse (Foire du livre de Francfort) qui","og_url":"https:\/\/stage.rdvcanada.ca\/fr\/evenements\/celebration-de-la-culture-canadienne-a-francfort-le-canada-invite-dhonneur-a-la-foire-du-livre-de-francfort\/","og_site_name":"RDVCanada.ca","article_publisher":"https:\/\/www.facebook.com\/telefilmcanada","article_published_time":"2021-10-28T07:03:06+00:00","og_image":[{"width":1920,"height":800,"url":"https:\/\/stage.rdvcanada.ca\/wp-content\/uploads\/2021\/10\/RDV-Canada-Header-19.png","type":"image\/png"}],"author":"Jacqueline Geday","twitter_card":"summary_large_image","twitter_creator":"@Telefilm_Canada","twitter_site":"@Telefilm_Canada","twitter_misc":{"\u00c9crit par":"Jacqueline Geday","Estimation du temps de lecture":"5 minutes"},"schema":{"@context":"https:\/\/schema.org","@graph":[{"@type":"Article","@id":"https:\/\/stage.rdvcanada.ca\/fr\/evenements\/celebration-de-la-culture-canadienne-a-francfort-le-canada-invite-dhonneur-a-la-foire-du-livre-de-francfort\/#article","isPartOf":{"@id":"https:\/\/stage.rdvcanada.ca\/fr\/evenements\/celebration-de-la-culture-canadienne-a-francfort-le-canada-invite-dhonneur-a-la-foire-du-livre-de-francfort\/"},"author":{"name":"Jacqueline Geday","@id":"https:\/\/stage.rdvcanada.ca\/en\/#\/schema\/person\/9ee178ed3b09b7be449f4f36449d7d52"},"headline":"C\u00e9l\u00e9bration de la culture canadienne \u00e0 Francfort : Le Canada, invit\u00e9 d\u2019honneur \u00e0 la Foire du livre de Francfort","datePublished":"2021-10-28T07:03:06+00:00","mainEntityOfPage":{"@id":"https:\/\/stage.rdvcanada.ca\/fr\/evenements\/celebration-de-la-culture-canadienne-a-francfort-le-canada-invite-dhonneur-a-la-foire-du-livre-de-francfort\/"},"wordCount":921,"image":{"@id":"https:\/\/stage.rdvcanada.ca\/fr\/evenements\/celebration-de-la-culture-canadienne-a-francfort-le-canada-invite-dhonneur-a-la-foire-du-livre-de-francfort\/#primaryimage"},"thumbnailUrl":"https:\/\/stage.rdvcanada.ca\/wp-content\/uploads\/2021\/10\/RDV-Canada-Header-19.png","articleSection":["\u00c9v\u00e9nements","Succ\u00e8s"],"inLanguage":"fr-CA"},{"@type":"WebPage","@id":"https:\/\/stage.rdvcanada.ca\/fr\/evenements\/celebration-de-la-culture-canadienne-a-francfort-le-canada-invite-dhonneur-a-la-foire-du-livre-de-francfort\/","url":"https:\/\/stage.rdvcanada.ca\/fr\/evenements\/celebration-de-la-culture-canadienne-a-francfort-le-canada-invite-dhonneur-a-la-foire-du-livre-de-francfort\/","name":"C\u00e9l\u00e9bration de la culture canadienne \u00e0 Francfort : Le Canada, invit\u00e9 d\u2019honneur \u00e0 la Foire du livre de Francfort - Industrie Audiovisuelle Canadienne","isPartOf":{"@id":"https:\/\/stage.rdvcanada.ca\/en\/#website"},"primaryImageOfPage":{"@id":"https:\/\/stage.rdvcanada.ca\/fr\/evenements\/celebration-de-la-culture-canadienne-a-francfort-le-canada-invite-dhonneur-a-la-foire-du-livre-de-francfort\/#primaryimage"},"image":{"@id":"https:\/\/stage.rdvcanada.ca\/fr\/evenements\/celebration-de-la-culture-canadienne-a-francfort-le-canada-invite-dhonneur-a-la-foire-du-livre-de-francfort\/#primaryimage"},"thumbnailUrl":"https:\/\/stage.rdvcanada.ca\/wp-content\/uploads\/2021\/10\/RDV-Canada-Header-19.png","datePublished":"2021-10-28T07:03:06+00:00","author":{"@id":"https:\/\/stage.rdvcanada.ca\/en\/#\/schema\/person\/9ee178ed3b09b7be449f4f36449d7d52"},"description":"Les projecteurs se sont tourn\u00e9s vers le Canada qui \u00e9tait l\u2019invit\u00e9 d\u2019honneur de la prestigieuse Frankfurter Buchmesse (Foire du livre de Francfort) qui","breadcrumb":{"@id":"https:\/\/stage.rdvcanada.ca\/fr\/evenements\/celebration-de-la-culture-canadienne-a-francfort-le-canada-invite-dhonneur-a-la-foire-du-livre-de-francfort\/#breadcrumb"},"inLanguage":"fr-CA","potentialAction":[{"@type":"ReadAction","target":["https:\/\/stage.rdvcanada.ca\/fr\/evenements\/celebration-de-la-culture-canadienne-a-francfort-le-canada-invite-dhonneur-a-la-foire-du-livre-de-francfort\/"]}]},{"@type":"ImageObject","inLanguage":"fr-CA","@id":"https:\/\/stage.rdvcanada.ca\/fr\/evenements\/celebration-de-la-culture-canadienne-a-francfort-le-canada-invite-dhonneur-a-la-foire-du-livre-de-francfort\/#primaryimage","url":"https:\/\/stage.rdvcanada.ca\/wp-content\/uploads\/2021\/10\/RDV-Canada-Header-19.png","contentUrl":"https:\/\/stage.rdvcanada.ca\/wp-content\/uploads\/2021\/10\/RDV-Canada-Header-19.png","width":1920,"height":800},{"@type":"BreadcrumbList","@id":"https:\/\/stage.rdvcanada.ca\/fr\/evenements\/celebration-de-la-culture-canadienne-a-francfort-le-canada-invite-dhonneur-a-la-foire-du-livre-de-francfort\/#breadcrumb","itemListElement":[{"@type":"ListItem","position":1,"name":"Home","item":"https:\/\/stage.rdvcanada.ca\/en\/"},{"@type":"ListItem","position":2,"name":"C\u00e9l\u00e9bration de la culture canadienne \u00e0 Francfort : Le Canada, invit\u00e9 d\u2019honneur \u00e0 la Foire du livre de Francfort"}]},{"@type":"WebSite","@id":"https:\/\/stage.rdvcanada.ca\/en\/#website","url":"https:\/\/stage.rdvcanada.ca\/en\/","name":"RDVCanada.ca","description":"VOIR GRAND. D\u00e9couvrez le meilleur du talent Canadien \u00e0 travers le monde.","potentialAction":[{"@type":"SearchAction","target":{"@type":"EntryPoint","urlTemplate":"https:\/\/stage.rdvcanada.ca\/en\/?s={search_term_string}"},"query-input":{"@type":"PropertyValueSpecification","valueRequired":true,"valueName":"search_term_string"}}],"inLanguage":"fr-CA"},{"@type":"Person","@id":"https:\/\/stage.rdvcanada.ca\/en\/#\/schema\/person\/9ee178ed3b09b7be449f4f36449d7d52","name":"Jacqueline Geday","sameAs":["sandrine.couture@telefilm.ca"]}]}},"_links":{"self":[{"href":"https:\/\/stage.rdvcanada.ca\/fr\/wp-json\/wp\/v2\/posts\/54190","targetHints":{"allow":["GET"]}}],"collection":[{"href":"https:\/\/stage.rdvcanada.ca\/fr\/wp-json\/wp\/v2\/posts"}],"about":[{"href":"https:\/\/stage.rdvcanada.ca\/fr\/wp-json\/wp\/v2\/types\/post"}],"author":[{"embeddable":true,"href":"https:\/\/stage.rdvcanada.ca\/fr\/wp-json\/wp\/v2\/users\/1203"}],"replies":[{"embeddable":true,"href":"https:\/\/stage.rdvcanada.ca\/fr\/wp-json\/wp\/v2\/comments?post=54190"}],"version-history":[{"count":0,"href":"https:\/\/stage.rdvcanada.ca\/fr\/wp-json\/wp\/v2\/posts\/54190\/revisions"}],"wp:featuredmedia":[{"embeddable":true,"href":"https:\/\/stage.rdvcanada.ca\/fr\/wp-json\/wp\/v2\/media\/54185"}],"wp:attachment":[{"href":"https:\/\/stage.rdvcanada.ca\/fr\/wp-json\/wp\/v2\/media?parent=54190"}],"wp:term":[{"taxonomy":"category","embeddable":true,"href":"https:\/\/stage.rdvcanada.ca\/fr\/wp-json\/wp\/v2\/categories?post=54190"},{"taxonomy":"post_tag","embeddable":true,"href":"https:\/\/stage.rdvcanada.ca\/fr\/wp-json\/wp\/v2\/tags?post=54190"}],"curies":[{"name":"wp","href":"https:\/\/api.w.org\/{rel}","templated":true}]}}