{"id":7497,"date":"2018-04-05T12:40:26","date_gmt":"2018-04-05T16:40:26","guid":{"rendered":"https:\/\/stage.rdvcanada.ca\/?p=7497"},"modified":"2018-04-05T14:55:21","modified_gmt":"2018-04-05T18:55:21","slug":"miptv-2018-le-canada-arrive-en-force","status":"publish","type":"post","link":"https:\/\/stage.rdvcanada.ca\/fr\/evenements\/miptv-2018-le-canada-arrive-en-force\/","title":{"rendered":"MIPTV 2018 : le Canada arrive en force"},"content":{"rendered":"\t\t<div data-elementor-type=\"wp-post\" data-elementor-id=\"7497\" class=\"elementor elementor-7497 elementor-7463 elementor-bc-flex-widget\" data-elementor-post-type=\"post\">\n\t\t\t\t\t\t<section class=\"elementor-section elementor-top-section elementor-element elementor-element-3efa62f4 elementor-section-boxed elementor-section-height-default elementor-section-height-default\" data-id=\"3efa62f4\" data-element_type=\"section\" data-e-type=\"section\">\n\t\t\t\t\t\t<div class=\"elementor-container elementor-column-gap-default\">\n\t\t\t\t\t<div class=\"elementor-column elementor-col-100 elementor-top-column elementor-element elementor-element-2379132d\" data-id=\"2379132d\" data-element_type=\"column\" data-e-type=\"column\">\n\t\t\t<div class=\"elementor-widget-wrap\">\n\t\t\t\t\t\t\t<\/div>\n\t\t<\/div>\n\t\t\t\t\t<\/div>\n\t\t<\/section>\n\t\t\t\t<section class=\"elementor-section elementor-top-section elementor-element elementor-element-3fc5ac33 elementor-section-boxed elementor-section-height-default elementor-section-height-default\" data-id=\"3fc5ac33\" data-element_type=\"section\" data-e-type=\"section\">\n\t\t\t\t\t\t<div class=\"elementor-container elementor-column-gap-default\">\n\t\t\t\t\t<div class=\"elementor-column elementor-col-100 elementor-top-column elementor-element elementor-element-7b3a097a\" data-id=\"7b3a097a\" data-element_type=\"column\" data-e-type=\"column\">\n\t\t\t<div class=\"elementor-widget-wrap elementor-element-populated\">\n\t\t\t\t\t\t<div class=\"elementor-element elementor-element-1e70273d elementor-widget elementor-widget-text-editor\" data-id=\"1e70273d\" data-element_type=\"widget\" data-e-type=\"widget\" data-widget_type=\"text-editor.default\">\n\t\t\t\t<div class=\"elementor-widget-container\">\n\t\t\t\t\t\t\t\t\t<h2><strong>MIPTV<\/strong>, le march\u00e9 mondial de la t\u00e9l\u00e9vision et du contenu num\u00e9rique, aura une saveur distinctement canadienne cette ann\u00e9e. Et on ne parle pas de sirop d\u2019\u00e9rable.<\/h2><h2 id=\"voyez-ce-que-nous-avons-en-reserve\">Voyez ce que nous avons en r\u00e9serve.<\/h2><h3 class=\"MsoNormal\"><span lang=\"EN-CA\">Pavillon du Canada<\/span><\/h3><p>Cette ann\u00e9e, le Pavillon du Canada accueillera plus de <a href=\"https:\/\/stage.rdvcanada.ca\/fr\/festivals\/miptv-2018\/compagnies\/\">50\u00a0compagnies<\/a>. Venez saluer les nombreux Canadiens qui pr\u00e9senteront un \u00e9ventail de ce qui se fait de mieux en mati\u00e8re de projets t\u00e9l\u00e9visuels et de m\u00e9dias num\u00e9riques.<\/p><p>Vous en voulez plus? Nous proposons <a href=\"https:\/\/stage.rdvcanada.ca\/fr\/festivals\/miptv-2018\/programmation\/\">un calendrier complet d\u2019\u00e9v\u00e9nements<\/a>, qui comprend notamment la r\u00e9ception canadienne pour marquer l\u2019ouverture du march\u00e9 et une session de r\u00e9seautage, ainsi qu\u2019un centre d\u2019affaires enti\u00e8rement \u00e9quip\u00e9, id\u00e9al pour tenir vos rencontres d\u2019affaires.<\/p><p>Le Pavillon du Canada, qui se tiendra du 9 au 12\u00a0avril\u00a02018, est une initiative conjointe de T\u00e9l\u00e9film Canada et du Fonds des m\u00e9dias du Canada.<\/p>\t\t\t\t\t\t\t\t<\/div>\n\t\t\t\t<\/div>\n\t\t\t\t<div class=\"elementor-element elementor-element-4f44f54b elementor-widget elementor-widget-heading\" data-id=\"4f44f54b\" data-element_type=\"widget\" data-e-type=\"widget\" data-widget_type=\"heading.default\">\n\t\t\t\t<div class=\"elementor-widget-container\">\n\t\t\t\t\t<h3 class=\"elementor-heading-title elementor-size-default\" id=\"une-nouveaute-cette-annee-au-marche\">Une nouveaut\u00e9 cette ann\u00e9e au march\u00e9<\/h3>\t\t\t\t<\/div>\n\t\t\t\t<\/div>\n\t\t\t\t\t<\/div>\n\t\t<\/div>\n\t\t\t\t\t<\/div>\n\t\t<\/section>\n\t\t\t\t<section class=\"elementor-section elementor-top-section elementor-element elementor-element-6782b120 elementor-section-boxed elementor-section-height-default elementor-section-height-default\" data-id=\"6782b120\" data-element_type=\"section\" data-e-type=\"section\">\n\t\t\t\t\t\t<div class=\"elementor-container elementor-column-gap-default\">\n\t\t\t\t\t<div class=\"elementor-column elementor-col-50 elementor-top-column elementor-element elementor-element-643a844\" data-id=\"643a844\" data-element_type=\"column\" data-e-type=\"column\">\n\t\t\t<div class=\"elementor-widget-wrap elementor-element-populated\">\n\t\t\t\t\t\t<div class=\"elementor-element elementor-element-65322dd8 elementor-widget elementor-widget-image\" data-id=\"65322dd8\" data-element_type=\"widget\" data-e-type=\"widget\" data-widget_type=\"image.default\">\n\t\t\t\t<div class=\"elementor-widget-container\">\n\t\t\t\t\t\t\t\t\t\t\t\t<figure class=\"wp-caption\">\n\t\t\t\t\t\t\t\t\t\t<img decoding=\"async\" src=\"https:\/\/stage.rdvcanada.ca\/wp-content\/uploads\/2018\/04\/Dominos-768X432-.jpg\" title=\"\" alt=\"\" loading=\"lazy\" \/>\t\t\t\t\t\t\t\t\t\t\t<figcaption class=\"widget-image-caption wp-caption-text\">Cr\u00e9dit Photo : Jean-Fran\u00e7ois Sauv\u00e9<\/figcaption>\n\t\t\t\t\t\t\t\t\t\t<\/figure>\n\t\t\t\t\t\t\t\t\t<\/div>\n\t\t\t\t<\/div>\n\t\t\t\t<div class=\"elementor-element elementor-element-3fcba0b6 elementor-widget elementor-widget-text-editor\" data-id=\"3fcba0b6\" data-element_type=\"widget\" data-e-type=\"widget\" data-widget_type=\"text-editor.default\">\n\t\t\t\t<div class=\"elementor-widget-container\">\n\t\t\t\t\t\t\t\t\t<p>L\u2019ann\u00e9e\u00a02018 marque la premi\u00e8re \u00e9dition de <strong>CANNESERIES<\/strong>, le Festival international des s\u00e9ries de Cannes, qui se d\u00e9roule parall\u00e8lement au MIPTV du 4 au 11\u00a0avril\u00a02018.<\/p><p>Dix s\u00e9ries novatrices provenant des quatre coins du monde seront pr\u00e9sent\u00e9es en premi\u00e8re mondiale dans la comp\u00e9tition officielle, tandis que <strong>CANNESERIES Digital<\/strong> pr\u00e9sentera une comp\u00e9tition d\u00e9di\u00e9e aux webs\u00e9ries en format court. Et vous pouvez compter sur la pr\u00e9sence du Canada, qui sera repr\u00e9sent\u00e9 par deux webs\u00e9ries en format court\u00a0: <strong><em>L\u2019Ar\u00e8ne<\/em><\/strong>, une \u0153uvre du r\u00e9alisateur Jean-Fran\u00e7ois Leblanc et de la sc\u00e9nariste et actrice Marjorie Armstrong, ainsi que <strong><em>Dominos<\/em><\/strong>, de la sc\u00e9nariste et r\u00e9alisatrice Zo\u00e9 Pelchat.<\/p>\t\t\t\t\t\t\t\t<\/div>\n\t\t\t\t<\/div>\n\t\t\t\t\t<\/div>\n\t\t<\/div>\n\t\t\t\t<div class=\"elementor-column elementor-col-50 elementor-top-column elementor-element elementor-element-19195829\" data-id=\"19195829\" data-element_type=\"column\" data-e-type=\"column\">\n\t\t\t<div class=\"elementor-widget-wrap elementor-element-populated\">\n\t\t\t\t\t\t<div class=\"elementor-element elementor-element-62c81d6a elementor-widget elementor-widget-text-editor\" data-id=\"62c81d6a\" data-element_type=\"widget\" data-e-type=\"widget\" data-widget_type=\"text-editor.default\">\n\t\t\t\t<div class=\"elementor-widget-container\">\n\t\t\t\t\t\t\t\t\t<p><strong>In Development<\/strong>, le Forum de cr\u00e9ation de s\u00e9ries de Cannes, favorise le d\u00e9veloppement de nouvelles productions au niveau international. Douze projets rivaliseront pour obtenir du financement de partenaires officiels, dont Federation Entertainment, un chef de file dans la production ind\u00e9pendante en Europe, et <em>La Fabrique des Formats<\/em>, un laboratoire d\u2019id\u00e9es fran\u00e7ais. Soulignons \u00e9galement que trois des douze projets s\u00e9lectionn\u00e9s par le jury du volet In\u00a0Development ont un lien avec le Canada\u00a0:<\/p><ul><li>Les cocr\u00e9ateurs et cosc\u00e9naristes Hannah Cheesman et Julian De Zotti, ainsi que les producteurs d\u00e9l\u00e9gu\u00e9s Mackenzie Donaldson, Graeme Manson et le sc\u00e9nariste canadien Kevin Saffer pr\u00e9senteront <strong><em>Whatever, Linda.<\/em><\/strong><\/li><li>Joseph Kay pr\u00e9sentera son projet <strong><em>Revival<\/em><\/strong>, qui est pr\u00e9sentement au premier stade de d\u00e9veloppement.<\/li><li>La coauteure et coproductrice canadienne Eliza Lee pr\u00e9sentera <strong><em>Angelica<\/em><\/strong>.<\/li><\/ul><p>Pas mal, non?<\/p>\t\t\t\t\t\t\t\t<\/div>\n\t\t\t\t<\/div>\n\t\t\t\t\t<\/div>\n\t\t<\/div>\n\t\t\t\t\t<\/div>\n\t\t<\/section>\n\t\t\t\t<section class=\"elementor-section elementor-top-section elementor-element elementor-element-1156f328 elementor-section-boxed elementor-section-height-default elementor-section-height-default\" data-id=\"1156f328\" data-element_type=\"section\" data-e-type=\"section\">\n\t\t\t\t\t\t<div class=\"elementor-container elementor-column-gap-default\">\n\t\t\t\t\t<div class=\"elementor-column elementor-col-100 elementor-top-column elementor-element elementor-element-74b4629d\" data-id=\"74b4629d\" data-element_type=\"column\" data-e-type=\"column\">\n\t\t\t<div class=\"elementor-widget-wrap elementor-element-populated\">\n\t\t\t\t\t\t<div class=\"elementor-element elementor-element-4081282b elementor-widget elementor-widget-text-editor\" data-id=\"4081282b\" data-element_type=\"widget\" data-e-type=\"widget\" data-widget_type=\"text-editor.default\">\n\t\t\t\t<div class=\"elementor-widget-container\">\n\t\t\t\t\t\t\t\t\t<p class=\"MsoNormal\"><strong style=\"color: inherit; font-family: inherit; font-size: 1.625rem;\">In Development Digital<\/strong><\/p><p>Pour la deuxi\u00e8me \u00e9dition de <strong>Digital Short Form Series Pitch, <\/strong>un forum d\u00e9di\u00e9 aux webs\u00e9ries en format court<strong>, <\/strong>les projets seront \u00e9valu\u00e9s par un jury international compos\u00e9 de repr\u00e9sentants d\u2019importantes plateformes num\u00e9riques \u00e0 la recherche de s\u00e9ries originales et innovatrices provenant de partout dans le monde. Et, vous l\u2019aurez devin\u00e9, le Canada y sera aussi \u00e0 l\u2019avant-plan! Les cocr\u00e9ateurs Erin Carter et Justine Stevens, et le producteur Andrew Nicholas McCann Smith et Laura Perlmutter pr\u00e9senteront leur projet <strong><em>Made With Love.<\/em><\/strong><\/p>\t\t\t\t\t\t\t\t<\/div>\n\t\t\t\t<\/div>\n\t\t\t\t<div class=\"elementor-element elementor-element-4115092c elementor-widget elementor-widget-spacer\" data-id=\"4115092c\" data-element_type=\"widget\" data-e-type=\"widget\" data-widget_type=\"spacer.default\">\n\t\t\t\t<div class=\"elementor-widget-container\">\n\t\t\t\t\t\t\t<div class=\"elementor-spacer\">\n\t\t\t<div class=\"elementor-spacer-inner\"><\/div>\n\t\t<\/div>\n\t\t\t\t\t\t<\/div>\n\t\t\t\t<\/div>\n\t\t\t\t\t<\/div>\n\t\t<\/div>\n\t\t\t\t\t<\/div>\n\t\t<\/section>\n\t\t\t\t<section class=\"elementor-section elementor-top-section elementor-element elementor-element-15c0c3d5 elementor-section-boxed elementor-section-height-default elementor-section-height-default\" data-id=\"15c0c3d5\" data-element_type=\"section\" data-e-type=\"section\">\n\t\t\t\t\t\t<div class=\"elementor-container elementor-column-gap-default\">\n\t\t\t\t\t<div class=\"elementor-column elementor-col-50 elementor-top-column elementor-element elementor-element-78b15d12\" data-id=\"78b15d12\" data-element_type=\"column\" data-e-type=\"column\">\n\t\t\t<div class=\"elementor-widget-wrap elementor-element-populated\">\n\t\t\t\t\t\t<div class=\"elementor-element elementor-element-6d4100e2 elementor-widget elementor-widget-image\" data-id=\"6d4100e2\" data-element_type=\"widget\" data-e-type=\"widget\" data-widget_type=\"image.default\">\n\t\t\t\t<div class=\"elementor-widget-container\">\n\t\t\t\t\t\t\t\t\t\t\t\t\t\t\t<img fetchpriority=\"high\" decoding=\"async\" width=\"748\" height=\"432\" src=\"https:\/\/stage.rdvcanada.ca\/wp-content\/uploads\/2018\/04\/VR-768X432-.jpg\" class=\"attachment-large size-large wp-image-15736\" alt=\"\" \/>\t\t\t\t\t\t\t\t\t\t\t\t\t\t\t<\/div>\n\t\t\t\t<\/div>\n\t\t\t\t<div class=\"elementor-element elementor-element-5df7342f elementor-widget elementor-widget-spacer\" data-id=\"5df7342f\" data-element_type=\"widget\" data-e-type=\"widget\" data-widget_type=\"spacer.default\">\n\t\t\t\t<div class=\"elementor-widget-container\">\n\t\t\t\t\t\t\t<div class=\"elementor-spacer\">\n\t\t\t<div class=\"elementor-spacer-inner\"><\/div>\n\t\t<\/div>\n\t\t\t\t\t\t<\/div>\n\t\t\t\t<\/div>\n\t\t\t\t\t<\/div>\n\t\t<\/div>\n\t\t\t\t<div class=\"elementor-column elementor-col-50 elementor-top-column elementor-element elementor-element-c1895f6\" data-id=\"c1895f6\" data-element_type=\"column\" data-e-type=\"column\">\n\t\t\t<div class=\"elementor-widget-wrap elementor-element-populated\">\n\t\t\t\t\t\t<div class=\"elementor-element elementor-element-49c9f2e6 elementor-widget elementor-widget-text-editor\" data-id=\"49c9f2e6\" data-element_type=\"widget\" data-e-type=\"widget\" data-widget_type=\"text-editor.default\">\n\t\t\t\t<div class=\"elementor-widget-container\">\n\t\t\t\t\t\t\t\t\t<h3><strong>Une place de choix pour la VR<\/strong><\/h3><p>Cinq projets de r\u00e9alit\u00e9 virtuelle seront pr\u00e9sent\u00e9s dans une section d\u00e9di\u00e9e aux productions canadiennes dans la VR Library du Innovation Hub du MIPTV\u00a0:<\/p><ul><li><strong><em>Effet Mer<\/em><\/strong>, Office national du film du Canada (ONF)<\/li><li><strong><em>Enchanted Forest<\/em><\/strong>, Shaftesbury VR<\/li><li><strong><em>Kidnapped<\/em><\/strong>, Signal Space Lab (Canada) et Explora Films (Colombie)<\/li><li><strong><em>Titanic: Journey to the Depths<\/em><\/strong>, Infinity Films<\/li><li><strong><em>Vaysha L\u2019aveugle<\/em><\/strong>, Office national du film du Canada (ONF)<\/li><\/ul>\t\t\t\t\t\t\t\t<\/div>\n\t\t\t\t<\/div>\n\t\t\t\t\t<\/div>\n\t\t<\/div>\n\t\t\t\t\t<\/div>\n\t\t<\/section>\n\t\t\t\t<section class=\"elementor-section elementor-top-section elementor-element elementor-element-6c3df030 elementor-section-boxed elementor-section-height-default elementor-section-height-default\" data-id=\"6c3df030\" data-element_type=\"section\" data-e-type=\"section\">\n\t\t\t\t\t\t<div class=\"elementor-container elementor-column-gap-default\">\n\t\t\t\t\t<div class=\"elementor-column elementor-col-100 elementor-top-column elementor-element elementor-element-31a7cd20\" data-id=\"31a7cd20\" data-element_type=\"column\" data-e-type=\"column\">\n\t\t\t<div class=\"elementor-widget-wrap elementor-element-populated\">\n\t\t\t\t\t\t<div class=\"elementor-element elementor-element-22c36c8a elementor-widget elementor-widget-text-editor\" data-id=\"22c36c8a\" data-element_type=\"widget\" data-e-type=\"widget\" data-widget_type=\"text-editor.default\">\n\t\t\t\t<div class=\"elementor-widget-container\">\n\t\t\t\t\t\t\t\t\t<h3><strong>Et encore de l\u2019innovation<\/strong><\/h3><p>Comme si ce n\u2019\u00e9tait pas suffisant, la famille canadienne accueillera un nouveau membre cette ann\u00e9e. Venez vivre une exp\u00e9rience holographique et rencontrer la chanteuse virtuelle <strong>Maya Kodes<\/strong>, qui sera votre h\u00f4te au Pavillon pour vous guider dans tout ce que le Canada a \u00e0 offrir. Maya, un hologramme en 3D en temps r\u00e9el, est une r\u00e9alisation du Neweb\u00a0Labs.<\/p><p>Le Pavillon du Canada accueillera \u00e9galement notre ami <strong>Maurice \u2013 l\u2019orignal virtuel<\/strong>. Venez d\u00e9couvrir la technologie de r\u00e9alit\u00e9 augment\u00e9e d\u00e9velopp\u00e9e par l\u2019entreprise canadienne Miralupa et faire l\u2019essai de leur application Thrubox. Il suffit de t\u00e9l\u00e9charger l\u2019application, de pointer le marqueur (disponible au Pavillon) et de laisser Maurice vous charmer.<\/p><p>Au plaisir de vous voir!<\/p>\t\t\t\t\t\t\t\t<\/div>\n\t\t\t\t<\/div>\n\t\t\t\t\t<\/div>\n\t\t<\/div>\n\t\t\t\t\t<\/div>\n\t\t<\/section>\n\t\t\t\t<\/div>\n\t\t","protected":false},"excerpt":{"rendered":"<p>MIPTV, le march\u00e9 mondial de la t\u00e9l\u00e9vision et du contenu&#8230;<\/p>\n","protected":false},"author":150,"featured_media":7485,"comment_status":"open","ping_status":"open","sticky":false,"template":"","format":"standard","meta":{"_acf_changed":false,"_crdt_document":"","footnotes":""},"categories":[331],"tags":[],"class_list":["post-7497","post","type-post","status-publish","format-standard","has-post-thumbnail","hentry","category-evenements","posts_festivals-miptv-2018-2"],"acf":[],"yoast_head":"<!-- This site is optimized with the Yoast SEO plugin v27.5 - https:\/\/yoast.com\/product\/yoast-seo-wordpress\/ -->\n<title>MIPTV 2018 : le Canada arrive en force - Industrie Audiovisuelle Canadienne<\/title>\n<meta name=\"description\" content=\"MIPTV, le march\u00e9 mondial de la t\u00e9l\u00e9vision et du contenu num\u00e9rique, aura une saveur distinctement canadienne cette ann\u00e9e. Et on ne parle pas de sirop\" \/>\n<meta name=\"robots\" content=\"noindex, follow, max-snippet:-1, max-image-preview:large, max-video-preview:-1\" \/>\n<meta property=\"og:locale\" content=\"fr_CA\" \/>\n<meta property=\"og:type\" content=\"article\" \/>\n<meta property=\"og:title\" content=\"MIPTV 2018 : le Canada arrive en force - Industrie Audiovisuelle Canadienne\" \/>\n<meta property=\"og:description\" content=\"MIPTV, le march\u00e9 mondial de la t\u00e9l\u00e9vision et du contenu num\u00e9rique, aura une saveur distinctement canadienne cette ann\u00e9e. Et on ne parle pas de sirop\" \/>\n<meta property=\"og:url\" content=\"https:\/\/stage.rdvcanada.ca\/fr\/evenements\/miptv-2018-le-canada-arrive-en-force\/\" \/>\n<meta property=\"og:site_name\" content=\"RDVCanada.ca\" \/>\n<meta property=\"article:publisher\" content=\"https:\/\/www.facebook.com\/telefilmcanada\" \/>\n<meta property=\"article:published_time\" content=\"2018-04-05T16:40:26+00:00\" \/>\n<meta property=\"article:modified_time\" content=\"2018-04-05T18:55:21+00:00\" \/>\n<meta property=\"og:image\" content=\"https:\/\/stage.rdvcanada.ca\/wp-content\/uploads\/2018\/04\/Banniere-Arene.jpg\" \/>\n\t<meta property=\"og:image:width\" content=\"1920\" \/>\n\t<meta property=\"og:image:height\" content=\"800\" \/>\n\t<meta property=\"og:image:type\" content=\"image\/jpeg\" \/>\n<meta name=\"author\" content=\"Sandrine Couture\" \/>\n<meta name=\"twitter:card\" content=\"summary_large_image\" \/>\n<meta name=\"twitter:creator\" content=\"@Telefilm_Canada\" \/>\n<meta name=\"twitter:site\" content=\"@Telefilm_Canada\" \/>\n<meta name=\"twitter:label1\" content=\"\u00c9crit par\" \/>\n\t<meta name=\"twitter:data1\" content=\"Sandrine Couture\" \/>\n\t<meta name=\"twitter:label2\" content=\"Estimation du temps de lecture\" \/>\n\t<meta name=\"twitter:data2\" content=\"4 minutes\" \/>\n<script type=\"application\/ld+json\" class=\"yoast-schema-graph\">{\n\t    \"@context\": \"https:\\\/\\\/schema.org\",\n\t    \"@graph\": [\n\t        {\n\t            \"@type\": \"Article\",\n\t            \"@id\": \"https:\\\/\\\/stage.rdvcanada.ca\\\/fr\\\/evenements\\\/miptv-2018-le-canada-arrive-en-force\\\/#article\",\n\t            \"isPartOf\": {\n\t                \"@id\": \"https:\\\/\\\/stage.rdvcanada.ca\\\/fr\\\/evenements\\\/miptv-2018-le-canada-arrive-en-force\\\/\"\n\t            },\n\t            \"author\": {\n\t                \"name\": \"Sandrine Couture\",\n\t                \"@id\": \"https:\\\/\\\/stage.rdvcanada.ca\\\/en\\\/#\\\/schema\\\/person\\\/854b83df133706ec69e3612f46d84934\"\n\t            },\n\t            \"headline\": \"MIPTV 2018 : le Canada arrive en force\",\n\t            \"datePublished\": \"2018-04-05T16:40:26+00:00\",\n\t            \"dateModified\": \"2018-04-05T18:55:21+00:00\",\n\t            \"mainEntityOfPage\": {\n\t                \"@id\": \"https:\\\/\\\/stage.rdvcanada.ca\\\/fr\\\/evenements\\\/miptv-2018-le-canada-arrive-en-force\\\/\"\n\t            },\n\t            \"wordCount\": 747,\n\t            \"commentCount\": 0,\n\t            \"image\": {\n\t                \"@id\": \"https:\\\/\\\/stage.rdvcanada.ca\\\/fr\\\/evenements\\\/miptv-2018-le-canada-arrive-en-force\\\/#primaryimage\"\n\t            },\n\t            \"thumbnailUrl\": \"https:\\\/\\\/stage.rdvcanada.ca\\\/wp-content\\\/uploads\\\/2018\\\/04\\\/Banniere-Arene.jpg\",\n\t            \"articleSection\": [\n\t                \"\u00c9v\u00e9nements\"\n\t            ],\n\t            \"inLanguage\": \"fr-CA\",\n\t            \"potentialAction\": [\n\t                {\n\t                    \"@type\": \"CommentAction\",\n\t                    \"name\": \"Comment\",\n\t                    \"target\": [\n\t                        \"https:\\\/\\\/stage.rdvcanada.ca\\\/fr\\\/evenements\\\/miptv-2018-le-canada-arrive-en-force\\\/#respond\"\n\t                    ]\n\t                }\n\t            ]\n\t        },\n\t        {\n\t            \"@type\": \"WebPage\",\n\t            \"@id\": \"https:\\\/\\\/stage.rdvcanada.ca\\\/fr\\\/evenements\\\/miptv-2018-le-canada-arrive-en-force\\\/\",\n\t            \"url\": \"https:\\\/\\\/stage.rdvcanada.ca\\\/fr\\\/evenements\\\/miptv-2018-le-canada-arrive-en-force\\\/\",\n\t            \"name\": \"MIPTV 2018 : le Canada arrive en force - Industrie Audiovisuelle Canadienne\",\n\t            \"isPartOf\": {\n\t                \"@id\": \"https:\\\/\\\/stage.rdvcanada.ca\\\/en\\\/#website\"\n\t            },\n\t            \"primaryImageOfPage\": {\n\t                \"@id\": \"https:\\\/\\\/stage.rdvcanada.ca\\\/fr\\\/evenements\\\/miptv-2018-le-canada-arrive-en-force\\\/#primaryimage\"\n\t            },\n\t            \"image\": {\n\t                \"@id\": \"https:\\\/\\\/stage.rdvcanada.ca\\\/fr\\\/evenements\\\/miptv-2018-le-canada-arrive-en-force\\\/#primaryimage\"\n\t            },\n\t            \"thumbnailUrl\": \"https:\\\/\\\/stage.rdvcanada.ca\\\/wp-content\\\/uploads\\\/2018\\\/04\\\/Banniere-Arene.jpg\",\n\t            \"datePublished\": \"2018-04-05T16:40:26+00:00\",\n\t            \"dateModified\": \"2018-04-05T18:55:21+00:00\",\n\t            \"author\": {\n\t                \"@id\": \"https:\\\/\\\/stage.rdvcanada.ca\\\/en\\\/#\\\/schema\\\/person\\\/854b83df133706ec69e3612f46d84934\"\n\t            },\n\t            \"description\": \"MIPTV, le march\u00e9 mondial de la t\u00e9l\u00e9vision et du contenu num\u00e9rique, aura une saveur distinctement canadienne cette ann\u00e9e. Et on ne parle pas de sirop\",\n\t            \"breadcrumb\": {\n\t                \"@id\": \"https:\\\/\\\/stage.rdvcanada.ca\\\/fr\\\/evenements\\\/miptv-2018-le-canada-arrive-en-force\\\/#breadcrumb\"\n\t            },\n\t            \"inLanguage\": \"fr-CA\",\n\t            \"potentialAction\": [\n\t                {\n\t                    \"@type\": \"ReadAction\",\n\t                    \"target\": [\n\t                        \"https:\\\/\\\/stage.rdvcanada.ca\\\/fr\\\/evenements\\\/miptv-2018-le-canada-arrive-en-force\\\/\"\n\t                    ]\n\t                }\n\t            ]\n\t        },\n\t        {\n\t            \"@type\": \"ImageObject\",\n\t            \"inLanguage\": \"fr-CA\",\n\t            \"@id\": \"https:\\\/\\\/stage.rdvcanada.ca\\\/fr\\\/evenements\\\/miptv-2018-le-canada-arrive-en-force\\\/#primaryimage\",\n\t            \"url\": \"https:\\\/\\\/stage.rdvcanada.ca\\\/wp-content\\\/uploads\\\/2018\\\/04\\\/Banniere-Arene.jpg\",\n\t            \"contentUrl\": \"https:\\\/\\\/stage.rdvcanada.ca\\\/wp-content\\\/uploads\\\/2018\\\/04\\\/Banniere-Arene.jpg\",\n\t            \"width\": \"1920\",\n\t            \"height\": \"800\"\n\t        },\n\t        {\n\t            \"@type\": \"BreadcrumbList\",\n\t            \"@id\": \"https:\\\/\\\/stage.rdvcanada.ca\\\/fr\\\/evenements\\\/miptv-2018-le-canada-arrive-en-force\\\/#breadcrumb\",\n\t            \"itemListElement\": [\n\t                {\n\t                    \"@type\": \"ListItem\",\n\t                    \"position\": 1,\n\t                    \"name\": \"Home\",\n\t                    \"item\": \"https:\\\/\\\/stage.rdvcanada.ca\\\/en\\\/\"\n\t                },\n\t                {\n\t                    \"@type\": \"ListItem\",\n\t                    \"position\": 2,\n\t                    \"name\": \"MIPTV 2018 : le Canada arrive en force\"\n\t                }\n\t            ]\n\t        },\n\t        {\n\t            \"@type\": \"WebSite\",\n\t            \"@id\": \"https:\\\/\\\/stage.rdvcanada.ca\\\/en\\\/#website\",\n\t            \"url\": \"https:\\\/\\\/stage.rdvcanada.ca\\\/en\\\/\",\n\t            \"name\": \"RDVCanada.ca\",\n\t            \"description\": \"VOIR GRAND. D\u00e9couvrez le meilleur du talent Canadien \u00e0 travers le monde.\",\n\t            \"potentialAction\": [\n\t                {\n\t                    \"@type\": \"SearchAction\",\n\t                    \"target\": {\n\t                        \"@type\": \"EntryPoint\",\n\t                        \"urlTemplate\": \"https:\\\/\\\/stage.rdvcanada.ca\\\/en\\\/?s={search_term_string}\"\n\t                    },\n\t                    \"query-input\": {\n\t                        \"@type\": \"PropertyValueSpecification\",\n\t                        \"valueRequired\": true,\n\t                        \"valueName\": \"search_term_string\"\n\t                    }\n\t                }\n\t            ],\n\t            \"inLanguage\": \"fr-CA\"\n\t        },\n\t        {\n\t            \"@type\": \"Person\",\n\t            \"@id\": \"https:\\\/\\\/stage.rdvcanada.ca\\\/en\\\/#\\\/schema\\\/person\\\/854b83df133706ec69e3612f46d84934\",\n\t            \"name\": \"Sandrine Couture\"\n\t        }\n\t    ]\n\t}<\/script>\n<!-- \/ Yoast SEO plugin. -->","yoast_head_json":{"title":"MIPTV 2018 : le Canada arrive en force - Industrie Audiovisuelle Canadienne","description":"MIPTV, le march\u00e9 mondial de la t\u00e9l\u00e9vision et du contenu num\u00e9rique, aura une saveur distinctement canadienne cette ann\u00e9e. Et on ne parle pas de sirop","robots":{"index":"noindex","follow":"follow","max-snippet":"max-snippet:-1","max-image-preview":"max-image-preview:large","max-video-preview":"max-video-preview:-1"},"og_locale":"fr_CA","og_type":"article","og_title":"MIPTV 2018 : le Canada arrive en force - Industrie Audiovisuelle Canadienne","og_description":"MIPTV, le march\u00e9 mondial de la t\u00e9l\u00e9vision et du contenu num\u00e9rique, aura une saveur distinctement canadienne cette ann\u00e9e. Et on ne parle pas de sirop","og_url":"https:\/\/stage.rdvcanada.ca\/fr\/evenements\/miptv-2018-le-canada-arrive-en-force\/","og_site_name":"RDVCanada.ca","article_publisher":"https:\/\/www.facebook.com\/telefilmcanada","article_published_time":"2018-04-05T16:40:26+00:00","article_modified_time":"2018-04-05T18:55:21+00:00","og_image":[{"width":1920,"height":800,"url":"https:\/\/stage.rdvcanada.ca\/wp-content\/uploads\/2018\/04\/Banniere-Arene.jpg","type":"image\/jpeg"}],"author":"Sandrine Couture","twitter_card":"summary_large_image","twitter_creator":"@Telefilm_Canada","twitter_site":"@Telefilm_Canada","twitter_misc":{"\u00c9crit par":"Sandrine Couture","Estimation du temps de lecture":"4 minutes"},"schema":{"@context":"https:\/\/schema.org","@graph":[{"@type":"Article","@id":"https:\/\/stage.rdvcanada.ca\/fr\/evenements\/miptv-2018-le-canada-arrive-en-force\/#article","isPartOf":{"@id":"https:\/\/stage.rdvcanada.ca\/fr\/evenements\/miptv-2018-le-canada-arrive-en-force\/"},"author":{"name":"Sandrine Couture","@id":"https:\/\/stage.rdvcanada.ca\/en\/#\/schema\/person\/854b83df133706ec69e3612f46d84934"},"headline":"MIPTV 2018 : le Canada arrive en force","datePublished":"2018-04-05T16:40:26+00:00","dateModified":"2018-04-05T18:55:21+00:00","mainEntityOfPage":{"@id":"https:\/\/stage.rdvcanada.ca\/fr\/evenements\/miptv-2018-le-canada-arrive-en-force\/"},"wordCount":747,"commentCount":0,"image":{"@id":"https:\/\/stage.rdvcanada.ca\/fr\/evenements\/miptv-2018-le-canada-arrive-en-force\/#primaryimage"},"thumbnailUrl":"https:\/\/stage.rdvcanada.ca\/wp-content\/uploads\/2018\/04\/Banniere-Arene.jpg","articleSection":["\u00c9v\u00e9nements"],"inLanguage":"fr-CA","potentialAction":[{"@type":"CommentAction","name":"Comment","target":["https:\/\/stage.rdvcanada.ca\/fr\/evenements\/miptv-2018-le-canada-arrive-en-force\/#respond"]}]},{"@type":"WebPage","@id":"https:\/\/stage.rdvcanada.ca\/fr\/evenements\/miptv-2018-le-canada-arrive-en-force\/","url":"https:\/\/stage.rdvcanada.ca\/fr\/evenements\/miptv-2018-le-canada-arrive-en-force\/","name":"MIPTV 2018 : le Canada arrive en force - Industrie Audiovisuelle Canadienne","isPartOf":{"@id":"https:\/\/stage.rdvcanada.ca\/en\/#website"},"primaryImageOfPage":{"@id":"https:\/\/stage.rdvcanada.ca\/fr\/evenements\/miptv-2018-le-canada-arrive-en-force\/#primaryimage"},"image":{"@id":"https:\/\/stage.rdvcanada.ca\/fr\/evenements\/miptv-2018-le-canada-arrive-en-force\/#primaryimage"},"thumbnailUrl":"https:\/\/stage.rdvcanada.ca\/wp-content\/uploads\/2018\/04\/Banniere-Arene.jpg","datePublished":"2018-04-05T16:40:26+00:00","dateModified":"2018-04-05T18:55:21+00:00","author":{"@id":"https:\/\/stage.rdvcanada.ca\/en\/#\/schema\/person\/854b83df133706ec69e3612f46d84934"},"description":"MIPTV, le march\u00e9 mondial de la t\u00e9l\u00e9vision et du contenu num\u00e9rique, aura une saveur distinctement canadienne cette ann\u00e9e. Et on ne parle pas de sirop","breadcrumb":{"@id":"https:\/\/stage.rdvcanada.ca\/fr\/evenements\/miptv-2018-le-canada-arrive-en-force\/#breadcrumb"},"inLanguage":"fr-CA","potentialAction":[{"@type":"ReadAction","target":["https:\/\/stage.rdvcanada.ca\/fr\/evenements\/miptv-2018-le-canada-arrive-en-force\/"]}]},{"@type":"ImageObject","inLanguage":"fr-CA","@id":"https:\/\/stage.rdvcanada.ca\/fr\/evenements\/miptv-2018-le-canada-arrive-en-force\/#primaryimage","url":"https:\/\/stage.rdvcanada.ca\/wp-content\/uploads\/2018\/04\/Banniere-Arene.jpg","contentUrl":"https:\/\/stage.rdvcanada.ca\/wp-content\/uploads\/2018\/04\/Banniere-Arene.jpg","width":"1920","height":"800"},{"@type":"BreadcrumbList","@id":"https:\/\/stage.rdvcanada.ca\/fr\/evenements\/miptv-2018-le-canada-arrive-en-force\/#breadcrumb","itemListElement":[{"@type":"ListItem","position":1,"name":"Home","item":"https:\/\/stage.rdvcanada.ca\/en\/"},{"@type":"ListItem","position":2,"name":"MIPTV 2018 : le Canada arrive en force"}]},{"@type":"WebSite","@id":"https:\/\/stage.rdvcanada.ca\/en\/#website","url":"https:\/\/stage.rdvcanada.ca\/en\/","name":"RDVCanada.ca","description":"VOIR GRAND. D\u00e9couvrez le meilleur du talent Canadien \u00e0 travers le monde.","potentialAction":[{"@type":"SearchAction","target":{"@type":"EntryPoint","urlTemplate":"https:\/\/stage.rdvcanada.ca\/en\/?s={search_term_string}"},"query-input":{"@type":"PropertyValueSpecification","valueRequired":true,"valueName":"search_term_string"}}],"inLanguage":"fr-CA"},{"@type":"Person","@id":"https:\/\/stage.rdvcanada.ca\/en\/#\/schema\/person\/854b83df133706ec69e3612f46d84934","name":"Sandrine Couture"}]}},"_links":{"self":[{"href":"https:\/\/stage.rdvcanada.ca\/fr\/wp-json\/wp\/v2\/posts\/7497","targetHints":{"allow":["GET"]}}],"collection":[{"href":"https:\/\/stage.rdvcanada.ca\/fr\/wp-json\/wp\/v2\/posts"}],"about":[{"href":"https:\/\/stage.rdvcanada.ca\/fr\/wp-json\/wp\/v2\/types\/post"}],"author":[{"embeddable":true,"href":"https:\/\/stage.rdvcanada.ca\/fr\/wp-json\/wp\/v2\/users\/150"}],"replies":[{"embeddable":true,"href":"https:\/\/stage.rdvcanada.ca\/fr\/wp-json\/wp\/v2\/comments?post=7497"}],"version-history":[{"count":0,"href":"https:\/\/stage.rdvcanada.ca\/fr\/wp-json\/wp\/v2\/posts\/7497\/revisions"}],"wp:featuredmedia":[{"embeddable":true,"href":"https:\/\/stage.rdvcanada.ca\/fr\/wp-json\/wp\/v2\/media\/7485"}],"wp:attachment":[{"href":"https:\/\/stage.rdvcanada.ca\/fr\/wp-json\/wp\/v2\/media?parent=7497"}],"wp:term":[{"taxonomy":"category","embeddable":true,"href":"https:\/\/stage.rdvcanada.ca\/fr\/wp-json\/wp\/v2\/categories?post=7497"},{"taxonomy":"post_tag","embeddable":true,"href":"https:\/\/stage.rdvcanada.ca\/fr\/wp-json\/wp\/v2\/tags?post=7497"}],"curies":[{"name":"wp","href":"https:\/\/api.w.org\/{rel}","templated":true}]}}